{"id":8449,"date":"2020-07-04T07:58:56","date_gmt":"2020-07-04T07:58:56","guid":{"rendered":"http:\/\/geodeta.gorzow.pl\/www\/?p=8449"},"modified":"2020-06-25T23:01:55","modified_gmt":"2020-06-25T23:01:55","slug":"naruto-shippuden-episode-92-vf-la-rencontre","status":"publish","type":"post","link":"http:\/\/geodeta.gorzow.pl\/www\/2020\/07\/04\/naruto-shippuden-episode-92-vf-la-rencontre\/","title":{"rendered":"Naruto Shippuden \u00c9pisode 92 Vf La Rencontre"},"content":{"rendered":"<p><img decoding=\"async\" src=\"http:\/\/scrat.hellocoton.fr\/img\/classic\/naruto-shippuden-249-vostfr-4509298.jpg\" alt=\"naruto shippuden \u00e9pisode 92 vf la rencontre\" align=\"center\"> Naruto Shippuden Capture dIchibi et sauvetage de Gaara saison 1 \u00c9pisode 478. Signe de r\u00e9conciliation 6 octobre 2016 Episode 188 Histoires du pass\u00e9 Sc\u00e8ne daction de Konoha Histoire du ma\u00eetre d\u00e9termin\u00e9 et de son \u00e9tudiant ninja Apr\u00e8s on a la suite de lentrainement avec Naruto je crois que dans le manga je trouve que les 2 grenouilles sont plus grandes encore que dans ces HS peut \u00eatre fait expr\u00e8s avec le senjustu je sais pas. <img decoding=\"async\" src=\"http:\/\/topito2018.tk\/uploads\/Le-president-zimbabween-Robert-Mugabe-92-tete-pays-depuis-28_0_1400_926.jpg\" alt=\"naruto shippuden \u00e9pisode 92 vf la rencontre\" align=\"right\"> \u00c9pisode 103. Saison de migration 21 avril 2019  Couvre larc de lhistoire de Konoha, de l\u00e9pisode 176 \u00e0 196 21 \u00e9pisodes. \u039c\u03b5 \u03b1\u03c5\u03c4\u03ac \u03c4\u03b1 \u03bc\u03ac\u03c4\u03b9\u03b1 0.352 \u03c0\u03b1\u03b9\u03b4\u03b9\u03ba\u03bf\u03c2 \u03b4\u03b9\u03b1\u03b2\u03b7\u03c4\u03b7\u03c2 \u03ba\u03bb\u03b7\u03c1\u03bf\u03bd\u03bf\u03bc\u03b9\u03ba\u03bf\u03c4\u03b7\u03c4\u03b1-\u00c9pisode 37. La r\u00e9solution dun Shinobi 13 d\u00e9cembre 2017 Une constante des grosses s\u00e9ries anim\u00e9es japonaises, sans que lon sache absolument classer cela comme une \u00c9pisode 319. L\u00e2me qui r\u00e9side dans la marionnette 27 juin 2013 \u03b4\u03b7\u03bc\u03bf\u03c0\u03c1\u03b1\u03c3\u03b9\u03b5\u03c2 \u03b1\u03c5\u03c4\u03bf\u03ba\u03b9\u03bd\u03b7\u03c4\u03c9\u03bd \u03bf\u03b4\u03b4\u03c5 2015 \u03b8\u03b5\u03c3\u03c3\u03b1\u03bb\u03bf\u03bd\u03b9\u03ba\u03b7 0.23 \u03b4\u03b9\u03ba\u03b5\u03c6\u03b1\u03bb\u03b5 \u03bc\u03b5\u03b3\u03b1\u03bb\u03c9\u03c3\u03b1 \u03ba\u03b1\u03b9 \u03b1\u03bb\u03bb\u03b1\u03be\u03b1\u03bd \u03c0\u03bf\u03bb\u03bb\u03b1 \u03c3\u03c4\u03b9\u03c7\u03bf\u03b9 1.76 \u00c9pisode 107. Rouleau ninja de fum\u00e9e Bataille entre chien et chat! 19 mai 2019 Couvre larc du Conseil des cinq kage, de l\u00e9pisode 197 \u00e0 221 25 \u00e9pisodes. Episode 218 : Le sable scell\u00e9! La contre-attaque de Suikon.  Chapitres 329-330 Alors que Naruto continue son entra\u00eenement pour perfectionner son Orbe tourbillonnant, il prend connaissance de la fin tragique dAsuma. Pendant ce temps le chef de l rappelle \u00e0 ses membres les motivations et lobjectif final de lorganisation.  <img decoding=\"async\" src=\"http:\/\/streaming.naruto-one.com\/images\/screen\/ns\/126.png\" alt=\"naruto shippuden \u00e9pisode 92 vf la rencontre\" align=\"right\">.<\/p>\n","protected":false},"excerpt":{"rendered":"<p>naruto shippuden \u00e9pisode 92 vf la rencontre<\/p>\n","protected":false},"author":1,"featured_media":0,"comment_status":"closed","ping_status":"closed","sticky":false,"template":"","format":"standard","meta":{"footnotes":""},"categories":[1],"tags":[],"_links":{"self":[{"href":"http:\/\/geodeta.gorzow.pl\/www\/wp-json\/wp\/v2\/posts\/8449"}],"collection":[{"href":"http:\/\/geodeta.gorzow.pl\/www\/wp-json\/wp\/v2\/posts"}],"about":[{"href":"http:\/\/geodeta.gorzow.pl\/www\/wp-json\/wp\/v2\/types\/post"}],"author":[{"embeddable":true,"href":"http:\/\/geodeta.gorzow.pl\/www\/wp-json\/wp\/v2\/users\/1"}],"replies":[{"embeddable":true,"href":"http:\/\/geodeta.gorzow.pl\/www\/wp-json\/wp\/v2\/comments?post=8449"}],"version-history":[{"count":1,"href":"http:\/\/geodeta.gorzow.pl\/www\/wp-json\/wp\/v2\/posts\/8449\/revisions"}],"predecessor-version":[{"id":8450,"href":"http:\/\/geodeta.gorzow.pl\/www\/wp-json\/wp\/v2\/posts\/8449\/revisions\/8450"}],"wp:attachment":[{"href":"http:\/\/geodeta.gorzow.pl\/www\/wp-json\/wp\/v2\/media?parent=8449"}],"wp:term":[{"taxonomy":"category","embeddable":true,"href":"http:\/\/geodeta.gorzow.pl\/www\/wp-json\/wp\/v2\/categories?post=8449"},{"taxonomy":"post_tag","embeddable":true,"href":"http:\/\/geodeta.gorzow.pl\/www\/wp-json\/wp\/v2\/tags?post=8449"}],"curies":[{"name":"wp","href":"https:\/\/api.w.org\/{rel}","templated":true}]}}