{"id":8475,"date":"2020-07-04T22:57:44","date_gmt":"2020-07-04T22:57:44","guid":{"rendered":"http:\/\/geodeta.gorzow.pl\/www\/?p=8475"},"modified":"2020-06-25T23:58:47","modified_gmt":"2020-06-25T23:58:47","slug":"salon-de-rencontre-paris","status":"publish","type":"post","link":"http:\/\/geodeta.gorzow.pl\/www\/2020\/07\/04\/salon-de-rencontre-paris\/","title":{"rendered":"Salon De Rencontre Paris"},"content":{"rendered":"<p><img decoding=\"async\" src=\"http:\/\/salon-luxe.fr\/wp-content\/uploads\/2016\/06\/Salon-du-luxe-Paris-3.jpg\" alt=\"salon de rencontre paris\" align=\"center\"> A loccasion des 75 ans de la Grande Victoire de 1945 Venez rencontrer nos experts en m\u00e9decine douces pour des renseignements, des consultations, des s\u00e9ances d\u00e9couvertes et ainsi trouver les solutions adapt\u00e9es \u00e0 votre vie. <img decoding=\"async\" src=\"http:\/\/rory2010.com\/wp-content\/uploads\/2018\/06\/magnifique-salon-porte-de-versailles-maisonspierre-au-faire-construire-sa-maison-paris-maisons-pierre-votre-rencontre-pinterest.jpg\" alt=\"salon de rencontre paris\" align=\"right\"> L\u00e9cologie, la protection de lenvironnement, de lhomme  <img decoding=\"async\" src=\"http:\/\/www.bewijing8.gq\/wp-content\/uploads\/2014\/10\/pomme-cannelle-enseigne-salon-afro-paris-brownskin.jpg\" alt=\"salon de rencontre paris\" align=\"left\"> Le la pr\u00e9sidente de votre universit\u00e9 d\u00e9finit, avec lappui des personnels et \u00e9tudiants, la politique qui favorise quotidiennement le bon d\u00e9roulement de vos \u00e9tudes, de votre r\u00e9ussite et de votre insertion professionnelle. Au niveau national, il elle contribue \u00e0 laction men\u00e9e par la Conf\u00e9rence des pr\u00e9sidents duniversit\u00e9 CPU afin de porter la voix et les valeurs des universit\u00e9s dans le d\u00e9bat public. La CPU est force de proposition et de n\u00e9gociation aupr\u00e8s des pouvoirs publics, des partenaires \u00e9conomiques et sociaux et des institutions nationales et internationales. Elle rassemble 130 membres : universit\u00e9s, \u00e9coles normales sup\u00e9rieures, INP, INSA, grands \u00e9tablissements. ETUDIANTS : Sinscrire au salon pour rencontrer les \u00e9coles de commerces apr\u00e8s-midi PARENTS : Sinscrire \u00e0 la conf\u00e9rence Parcoursup Camille Claudel expose au Salon des artistes fran\u00e7ais Giganti n3495 un tirage au mus\u00e9e de Nogent-sur-Seine et La Vieille H\u00e9l\u00e8ne en terre cuite n3497. D\u00e9dicace dans le cadre du festival Saint-Maur-En-Poche, en partenariat avec La Griffe Noire. Multisp\u00e9cialiste, GLOBAL INDUSTRIE f\u00e9d\u00e8re tous les m\u00e9tiers, toutes les fili\u00e8res et les entreprises de toutes tailles, fabricants et distributeurs, au sein de 11 secteurs. GLOBAL INDUSTRIE a accueilli 21 concours pour tous les m\u00e9tiers, et 5 sc\u00e8nes danimations. Salon de lenseignement sup\u00e9rieur sib\u00e9rien r\u00e9gional Tous nos produits destin\u00e9s \u00e0 une utilisation dans les a\u00e9roports. Rendez-vous sur notre stand de 9h \u00e0 17h. Nous animons 2 conf\u00e9rences. Tous les participants recevront apr\u00e8s le salon les documents support de ces conf\u00e9rences. Lanc\u00e9 en octobre 2005 \u00e0 Paris, le concept plait beaucoup et sorganise maintenant dans plusieurs villes dans le monde. Si la communaut\u00e9 gai est tr\u00e8s pr\u00e9sente au Rosa, on y fait plein de rencontres m\u00eame h\u00e9t\u00e9ro!  Cet amour naissant survivra-t-il \u00e0 la chaleur de l\u00e9t\u00e9? Sylvie G\u00e9roux  dont la sortie est pr\u00e9vue le 25 octobre, ce sont les \u00e9tudiants de FERRANDI Dommage parce que cest toujours \u00e0 la fin quon samuse le mieux : je suis en pleine conversation avec lune des filles sur \u00eatre c\u00e9libataire \u00e0 Paris quand on a 30 ans, mon voisin sest fait un pote et parle windsurf et au bout de la table, il y en a deux qui ne se quittent plus des yeux. Mais le dessert se passe dehors, alors allons-y gaiement ; mon prince charmant n\u00e9tait pas \u00e0 table, peut-\u00eatre sera-t-il au buffet. Monsieur Emmanuel COURAUD, Pr\u00e9sident du Groupe VALANTUR, a eu lhonneur d\u00e9changer le 14 mai 2019 lors dun forum sur lUnio.. 24 Heures pour lEmploi et la Formation Caen-17092020 A loccasion du Salon de la moto de Paris qui ouvrira ses portes du 3 au 8 d\u00e9cembre prochain \u00e0 Paris Expo, Porte de Versailles, Mono 500 sera en d\u00e9placement exceptionnel dans lhexagone pour venir vous rencontrer et pr\u00e9senter ses nouveaux circuits moto en Argentine. Au salon de lagriculture de Paris, les \u00e9leveurs de porcs vont \u00e0 la rencontre du public 17 mars \u00e0 Paris : rencontre pvtistes Canada. ANNUL\u00c9E mais nous vous proposons une session de questionsr\u00e9ponses avec 10 personnes aux exp\u00e9riences vari\u00e9es. Bibliographie des rencontres Sciences pour tous du salon Livre Paris 2019.<\/p>\n","protected":false},"excerpt":{"rendered":"<p>salon de rencontre paris<\/p>\n","protected":false},"author":1,"featured_media":0,"comment_status":"closed","ping_status":"closed","sticky":false,"template":"","format":"standard","meta":{"footnotes":""},"categories":[1],"tags":[],"_links":{"self":[{"href":"http:\/\/geodeta.gorzow.pl\/www\/wp-json\/wp\/v2\/posts\/8475"}],"collection":[{"href":"http:\/\/geodeta.gorzow.pl\/www\/wp-json\/wp\/v2\/posts"}],"about":[{"href":"http:\/\/geodeta.gorzow.pl\/www\/wp-json\/wp\/v2\/types\/post"}],"author":[{"embeddable":true,"href":"http:\/\/geodeta.gorzow.pl\/www\/wp-json\/wp\/v2\/users\/1"}],"replies":[{"embeddable":true,"href":"http:\/\/geodeta.gorzow.pl\/www\/wp-json\/wp\/v2\/comments?post=8475"}],"version-history":[{"count":1,"href":"http:\/\/geodeta.gorzow.pl\/www\/wp-json\/wp\/v2\/posts\/8475\/revisions"}],"predecessor-version":[{"id":8476,"href":"http:\/\/geodeta.gorzow.pl\/www\/wp-json\/wp\/v2\/posts\/8475\/revisions\/8476"}],"wp:attachment":[{"href":"http:\/\/geodeta.gorzow.pl\/www\/wp-json\/wp\/v2\/media?parent=8475"}],"wp:term":[{"taxonomy":"category","embeddable":true,"href":"http:\/\/geodeta.gorzow.pl\/www\/wp-json\/wp\/v2\/categories?post=8475"},{"taxonomy":"post_tag","embeddable":true,"href":"http:\/\/geodeta.gorzow.pl\/www\/wp-json\/wp\/v2\/tags?post=8475"}],"curies":[{"name":"wp","href":"https:\/\/api.w.org\/{rel}","templated":true}]}}