{"id":8555,"date":"2020-07-04T14:27:08","date_gmt":"2020-07-04T14:27:08","guid":{"rendered":"http:\/\/geodeta.gorzow.pl\/www\/?p=8555"},"modified":"2020-06-26T04:23:22","modified_gmt":"2020-06-26T04:23:22","slug":"rencontres-binic","status":"publish","type":"post","link":"http:\/\/geodeta.gorzow.pl\/www\/2020\/07\/04\/rencontres-binic\/","title":{"rendered":"Rencontres Binic"},"content":{"rendered":"<p><img decoding=\"async\" src=\"http:\/\/3.bp.blogspot.com\/-S3ZQoI5wWaE\/VXielLLn7dI\/AAAAAAAAELI\/JMXexHc77Tg\/s1600\/2015-06-09-CFBadten-5427-A4.jpg\" alt=\"rencontres binic\" align=\"right\"> BERTHELOT-SERINET Nolwenn-Magn\u00e9tiseuse, \u00e9nerg\u00e9ticienne <img decoding=\"async\" src=\"http:\/\/www.guide-du-port.com\/media\/images\/binic\/agenda218.jpg\" alt=\"rencontres binic\" align=\"center\"> Fran\u00e7ois Truffaut le 21 mars 1949, \u00e0 dix sept ans. Mis\u00e8re adolescente de lapr\u00e8s guerre 1945-1947 La maison est toujours dans la famille; elle est aujourdhui la propri\u00e9t\u00e9 de ma cousine germaine Carole et de son mari Didier. La Mostra de Venise a confirm\u00e9 lundi 20 avril sa tenue. Le nouveau calendrier.. Est le suivant: du 2 au 12 septembre, la 77\u00e8me Mostra de Cin\u00e9ma dirig\u00e9e par Alberto Barbera, a annonc\u00e9 dans un communiqu\u00e9 la Biennale de Venise, linstitution qui chapeaute le plus ancien festival de cin\u00e9ma du monde. Donc, des concerts auront lieu de fa\u00e7on r\u00e9guli\u00e8re nous vous tiendrons inform\u00e9s, mais la grande nouveaut\u00e9 r\u00e9side dans lappropriation de l\u00e9tage du bar. Celui-ci deviendra en effet une librairie maritime. Pour le moment, les travaux commencent, les rayonnages seront pos\u00e9s tr\u00e8s bient\u00f4t, mais d\u00e9j\u00e0 aux murs saffichent de superbes cartes de navigation, vintage et plus que vintage pour certaines dentre elles. Au niveau des livres, vous aurez le choix entre des livres neufs ou doccasion, le but pour Arnaud Lagadeuc \u00e9tant de proposer entre 400 et 500 r\u00e9f\u00e9rences. Du roman, du livre technique, du livre jeunesse Ecole Sainte-Anne-Etables-Sur-Mer Soyez les bienvenus   Recevez chaque semaine les sorties \u00e0 venir dans votre secteur 10 : 30-RYTHMES CORPS ET 1h30 Jean Zimmermann&#8212;&#8212;&#8212;&#8212;&#8212;&#8212;&#8212;&#8212;&#8212;&#8212;&#8212;&#8212;&#8212;&#8212;&#8212;&#8212;&#8212;&#8212;&#8212;&#8212;&#8212;&#8212;&#8212;&#8212;&#8212;&#8212;- NOS PROCHAINS RENDEZ-VOUS Mot de passe ou date de naissance JJMMAAAA labelid : 112  Le musicien et chanteur Christophe nous a quitt\u00e9s hier soir. Je mappelle aurore, jai 25 ans et un petit garcon de 3 ans. Je recherche une relation s\u00e9rieuse. Pour dinformation envoye moi un message. R\u00e9gion:.Organis\u00e9 par les associations Terre Vive \u00e0 Lantic Claudine Gatti et Les Chemins du Mieux \u00eatre \u00e0 Binic Annie Laudrin <img decoding=\"async\" src=\"http:\/\/photos.gammvert.fr\/v5\/products\/full\/40920-portique-multi-jeux-bois-family-fun-balancoire-foot-volley-tennis-brun-3.jpg\" alt=\"rencontres binic\" align=\"right\"> Le Festival 48 images seconde, rendez-vous entre le cin\u00e9ma qu\u00e9b\u00e9cois et la francophonie qui devait se d\u00e9rouler \u00e0 Florac Loz\u00e8re du 15 au 19 avril 2020. Les organisateurs ont propos\u00e9 que la programmation du festival soit rendue disponible en ligne. Du 4 au 9 mai 2020, les spectateurs auront acc\u00e8s aux 6 films de la comp\u00e9tition et pourront voter pour d\u00e9cerner le prix du public. RAPPEL : les sorties virtuelles sont IN-TER-DI-TES sur le site! Leurs organisateurs sont d\u00e9sormais sanctionn\u00e9s car TOUT LE MONDE veut que cela CESSE! Paroles Citoyennes : nos rendez-vous. Les dates des rencontres avec notre combi Le combi de Paroles Citoyennes part \u00e0 la rencontre des citoyens des communes de Bretagne FranceTV.<\/p>\n","protected":false},"excerpt":{"rendered":"<p>rencontres binic<\/p>\n","protected":false},"author":1,"featured_media":0,"comment_status":"closed","ping_status":"closed","sticky":false,"template":"","format":"standard","meta":{"footnotes":""},"categories":[1],"tags":[],"_links":{"self":[{"href":"http:\/\/geodeta.gorzow.pl\/www\/wp-json\/wp\/v2\/posts\/8555"}],"collection":[{"href":"http:\/\/geodeta.gorzow.pl\/www\/wp-json\/wp\/v2\/posts"}],"about":[{"href":"http:\/\/geodeta.gorzow.pl\/www\/wp-json\/wp\/v2\/types\/post"}],"author":[{"embeddable":true,"href":"http:\/\/geodeta.gorzow.pl\/www\/wp-json\/wp\/v2\/users\/1"}],"replies":[{"embeddable":true,"href":"http:\/\/geodeta.gorzow.pl\/www\/wp-json\/wp\/v2\/comments?post=8555"}],"version-history":[{"count":1,"href":"http:\/\/geodeta.gorzow.pl\/www\/wp-json\/wp\/v2\/posts\/8555\/revisions"}],"predecessor-version":[{"id":8556,"href":"http:\/\/geodeta.gorzow.pl\/www\/wp-json\/wp\/v2\/posts\/8555\/revisions\/8556"}],"wp:attachment":[{"href":"http:\/\/geodeta.gorzow.pl\/www\/wp-json\/wp\/v2\/media?parent=8555"}],"wp:term":[{"taxonomy":"category","embeddable":true,"href":"http:\/\/geodeta.gorzow.pl\/www\/wp-json\/wp\/v2\/categories?post=8555"},{"taxonomy":"post_tag","embeddable":true,"href":"http:\/\/geodeta.gorzow.pl\/www\/wp-json\/wp\/v2\/tags?post=8555"}],"curies":[{"name":"wp","href":"https:\/\/api.w.org\/{rel}","templated":true}]}}