{"id":8577,"date":"2020-07-04T13:29:16","date_gmt":"2020-07-04T13:29:16","guid":{"rendered":"http:\/\/geodeta.gorzow.pl\/www\/?p=8577"},"modified":"2020-06-26T05:29:49","modified_gmt":"2020-06-26T05:29:49","slug":"rencontre-nationale-des-gestionnaires-de-l-education","status":"publish","type":"post","link":"http:\/\/geodeta.gorzow.pl\/www\/2020\/07\/04\/rencontre-nationale-des-gestionnaires-de-l-education\/","title":{"rendered":"Rencontre Nationale Des Gestionnaires De L \u00c9ducation"},"content":{"rendered":"<p>Rappel : Le CFEEDD Collectif Fran\u00e7ais et le Collectif R\u00e9gional de l\u00c9ducation \u00e0 lEnvironnement vers un D\u00e9veloppement Durable, dont le Comit\u00e9 21 est membre, organisent les 2\u00e8mes Assises nationales de lEEDD. Domenici Gaetano Derouet Jean-Louis 2015. Leadership educativa in Europa latina : sviluppo e linne evolutive tra XX et XXI secolo. Special issues on Leadership in Education : policy debates and strategies in action. Journal of Educational, Cultural and Psychological Studies, n 11, p 11-25. <img decoding=\"async\" src=\"http:\/\/www.onisep.fr\/var\/onisep\/storage\/images\/media\/regions\/grand-est\/champagne-ardenne\/images\/visuel-guide-handi-grand-est-2017\/16512053-4-fre-FR\/Visuel-guide-handi-Grand-Est-2017_medium.jpg\" alt=\"rencontre nationale des gestionnaires de l \u00e9ducation\" align=\"right\"> Jean Bernatchez 2010,, Mus\u00e9e r\u00e9gional de Rimouski, 3 mars. Les ESPE proposent une formation professionnalisante pour devenir enseignant. <img decoding=\"async\" src=\"http:\/\/www.carrefourfga.ca\/wp-content\/uploads\/2017\/02\/bg-4.jpg\" alt=\"rencontre nationale des gestionnaires de l \u00e9ducation\" align=\"right\"> Soci\u00e9t\u00e9 nationale du transport ferroviaire SNTF Cette formation dune journ\u00e9e, vise \u00e0 accompagner \u00e0 la pr\u00e9paration et la conduite dactivit\u00e9s et danimations li\u00e9es aux d\u00e9chets d\u00e9quipements \u00e9lectriques et \u00e9lectroniques DEEE, par lappropriation et lutilisation dun outil p\u00e9dagogique sur les DEEE : lAtelier des branch\u00e9s, qui sinscrit dans la lign\u00e9e des ateliers de Rouletaboule. Elle est accessible gratuitement aux acqu\u00e9reurs, depuis moins de 2 ans, du sur la pr\u00e9vention et la gestion des d\u00e9chets.  les places de stationnement temporaires pour v\u00e9lo, jusqu\u00e0 60 des co\u00fbts dinstallation ; <img decoding=\"async\" src=\"http:\/\/eges.quebec\/wp-content\/uploads\/2018\/05\/Rapport-du-collectif_EGES-visuel2-724x1024.jpg\" alt=\"rencontre nationale des gestionnaires de l \u00e9ducation\" align=\"left\"> Mustafa Erdik est Professeur Em\u00e9rite en Sismologie de lIng\u00e9nieur \u00e0 lUniversit\u00e9 de Bogazici, Istanbul et Pr\u00e9sident de la Turkish Earthquake Foundation. Il a obtenu son MSc et PhD de lUniversit\u00e9 de Rice USA. Il a travaill\u00e9 avec les organisations des Nations Unies et plusieurs fondations internationales \u00e0 travers le monde sur les probl\u00e8mes li\u00e9s au g\u00e9nie parasismique et est auteur de pr\u00e8s de 300 publications scientifiques. Il a obtenu la distinction de la pr\u00e9vention des catastrophes Sasakawa des Nations Unies, la distinction de lOTAN Science pour la Paix Prix du Sommet, m\u00e9daille Bruce Bolt octroy\u00e9e par Earthquake Engineering Research Institute, USA, et la distinction Prof. Nicholas Ambraseys Distinguished Lecture Award octroy\u00e9e par lEuropean Association for Earthquake Engineering. Extraction des \u00e9l\u00e8ves dune s\u00e9lection de classes, de groupes, de parties publication du d\u00e9cret encadrant les prix de vente du gel hydroalcoolique.  Le pilotage centralis\u00e9 et national du syst\u00e8me \u00e9ducatif c\u00e8de aussi progressivement le pas \u00e0 une r\u00e9gulation par les objectifs et les r\u00e9sultats, dans un contexte de d\u00e9concentration et de d\u00e9centralisation, ce qui a une r\u00e9percussion sur le travail des inspecteurs, invit\u00e9s \u00e0 sortir dune logique de contr\u00f4le pour passer \u00e0 une logique d\u00e9valuation Pons, 2015.  jean philippe Magnin et caroline Fourel?, sylvia Pinel, sont les interlocuteurs de cette mission et on fait une premi\u00e8re rencontre avec plusieurs mlc. Deuxi\u00e8me rencontre en mai 2014 avec leusko uniquement ainsi que des \u00e9conomistes. Le r\u00e9seau mlc ont fait un courrier critique. Ont \u00e9t\u00e9 auditionn\u00e9s : Sardex, cr\u00e9dit coop\u00e9ratif, la Macif, des barters. Acc\u00e8s \u00e0 des programmes d\u00e9ducation fondamentale pr\u00e9servant leur leur handicap, de leur origine ethnique ou de leurs convictions politiques. En ADS-613-08 Leadership p\u00e9dagogique et gestion 3 cr. JMEurope : f\u00eater lEurope cest apprendre \u00e0 la conna\u00eetre Lobjet de cette journ\u00e9e de formation sera d\u00e9tudier la l\u00e9galit\u00e9 et lopportunit\u00e9 de constituer ou transformer un Groupement dEmployeurs sous forme de SCIC, puis denvisager la SCIC comme structure f\u00e9d\u00e9ratrice dun ensemblier dactivit\u00e9s. N\u00e9cessit\u00e9 dun meilleur \u00e9tat de pr\u00e9paration aux diverses interventions ; la r\u00e9glementation, les formations, les simulations, les stocks durgence ; Nombre de s\u00e9quences maximum \u00e0 afficher dans les grilles mesures visant \u00e0 r\u00e9duire ou supprimer les d\u00e9s\u00e9quilibres actuels des relations o Causes et enjeux strat\u00e9giques des rapprochements de GE.<\/p>\n","protected":false},"excerpt":{"rendered":"<p>rencontre nationale des gestionnaires de l \u00e9ducation<\/p>\n","protected":false},"author":1,"featured_media":0,"comment_status":"closed","ping_status":"closed","sticky":false,"template":"","format":"standard","meta":{"footnotes":""},"categories":[1],"tags":[],"_links":{"self":[{"href":"http:\/\/geodeta.gorzow.pl\/www\/wp-json\/wp\/v2\/posts\/8577"}],"collection":[{"href":"http:\/\/geodeta.gorzow.pl\/www\/wp-json\/wp\/v2\/posts"}],"about":[{"href":"http:\/\/geodeta.gorzow.pl\/www\/wp-json\/wp\/v2\/types\/post"}],"author":[{"embeddable":true,"href":"http:\/\/geodeta.gorzow.pl\/www\/wp-json\/wp\/v2\/users\/1"}],"replies":[{"embeddable":true,"href":"http:\/\/geodeta.gorzow.pl\/www\/wp-json\/wp\/v2\/comments?post=8577"}],"version-history":[{"count":1,"href":"http:\/\/geodeta.gorzow.pl\/www\/wp-json\/wp\/v2\/posts\/8577\/revisions"}],"predecessor-version":[{"id":8578,"href":"http:\/\/geodeta.gorzow.pl\/www\/wp-json\/wp\/v2\/posts\/8577\/revisions\/8578"}],"wp:attachment":[{"href":"http:\/\/geodeta.gorzow.pl\/www\/wp-json\/wp\/v2\/media?parent=8577"}],"wp:term":[{"taxonomy":"category","embeddable":true,"href":"http:\/\/geodeta.gorzow.pl\/www\/wp-json\/wp\/v2\/categories?post=8577"},{"taxonomy":"post_tag","embeddable":true,"href":"http:\/\/geodeta.gorzow.pl\/www\/wp-json\/wp\/v2\/tags?post=8577"}],"curies":[{"name":"wp","href":"https:\/\/api.w.org\/{rel}","templated":true}]}}