{"id":8589,"date":"2020-07-04T10:23:45","date_gmt":"2020-07-04T10:23:45","guid":{"rendered":"http:\/\/geodeta.gorzow.pl\/www\/?p=8589"},"modified":"2020-06-26T05:50:32","modified_gmt":"2020-06-26T05:50:32","slug":"rencontre-brel-brassens-ferre","status":"publish","type":"post","link":"http:\/\/geodeta.gorzow.pl\/www\/2020\/07\/04\/rencontre-brel-brassens-ferre\/","title":{"rendered":"Rencontre Brel Brassens Ferr\u00e9"},"content":{"rendered":"<p>En salles, deux documentaires sur Brassens et D\u00e9d\u00e9, joueur de bombarde Bleu Poitou Live Brel, Ferr\u00e9, Brassens : la rencontre <img decoding=\"async\" src=\"http:\/\/www.adosdane.com\/assets\/img\/book\/doublepage\/ada-ta-073-1@2x.jpg\" alt=\"rencontre brel brassens ferr\u00e9\" align=\"center\"> Sur celle-ci sont r\u00e9unis trois des chanteurs sans doute les plus reconnus et respect\u00e9s de lhistoire de la chanson fran\u00e7aise : Brel, Brassens et Ferr\u00e9. La seule photo dailleurs o\u00f9 ces trois monuments sont \u00e0 jamais r\u00e9unis. Yann Valade, L\u00e9o Ferr\u00e9, la R\u00e9volte et lAmour., 2008. Maman, mes insomnies trimbalent Un squelette denfance Maman, la nuit qui me regarde memp\u00eache Alain Wodraska, L\u00e9o Ferr\u00e9, je parle pour dans dix si\u00e8cles. Didier Carpentier, 2003. <img decoding=\"async\" src=\"http:\/\/www.stars-portraits.com\/img\/portraits\/stars\/l\/leo-ferre\/leo-ferre-1-by-fredo[261919].jpg\" alt=\"rencontre brel brassens ferr\u00e9\" align=\"right\">   Paris entre L\u00e9o Ferr\u00e9, Jacques Brel et Georges Brassens est rest\u00e9e unique \u00e0 PdB avec quelques simples radioteurs comme votre serviteur. Qualit\u00e9 partag\u00e9e avec Jean-Michel Boris qui avait, je pense, le souci de p\u00eacher lopinion dauditeurs lambda pour affiner son <img decoding=\"async\" src=\"http:\/\/www.20min.ch\/images\/content\/1\/9\/6\/19694220\/16\/stamppic.jpg\" alt=\"rencontre brel brassens ferr\u00e9\" align=\"right\"> Info France 2-La premi\u00e8re et unique rencontre entre Brel, Brassens et Ferr\u00e9 Facebook C\u00e9line Chabot-Canet, L\u00e9o Ferr\u00e9 : Une voix et un phras\u00e9 embl\u00e9matiques, LHarmattan, 2008. Le magazine 20h30 le samedi, pr\u00e9sent\u00e9 en direct par Laurent Delahousse juste apr\u00e8s le journal de 20 heures sur France 2, raconte un moment in\u00e9dit dans la vie dune personnalit\u00e9, les coulisses dun \u00e9v\u00e9nement ou dun lieu appartenant \u00e0 lhistoire collective. Des reportages qui d\u00e9voilent la petite histoire dans la grande, \u00e0 feuilleter comme un album de famille Ce samedi 2 novembre, 20h30 le samedi revient sur une photo marquante, la rencontre entre les trois monstres sacr\u00e9s de la chanson fran\u00e7aise Jacques Brel, Georges Brassens et L\u00e9o Ferr\u00e9. Georges Brassens, Jacques Brel, L\u00e9o Ferr\u00e9, \u00eates vous conscients du fait que vous \u00eates les trois plus grands auteurs-compositeurs-interpr\u00e8tes de la chanson fran\u00e7aise, depuis des ann\u00e9es et avec le m\u00eame succ\u00e8s? Kenzabur\u00f4 \u00d4\u00e9 Arrachez les bourgeons, tirez sur les enfants En 2001 lancienne \u00e9quipe du Th\u00e9\u00e2tre Libertaire de Paris ouvre un cabaret, le Forum L\u00e9o Ferr\u00e9, \u00e0.  Le seul honneur pour un artiste, cest de nen pas avoir Brevet et bac 2020 : Blanquer d\u00e9voile les modalit\u00e9s Patachou : Il noffrait jamais de fleurs, il les volait dans les cimeti\u00e8res. Il arrachait lherbe des pelouses Interdites au public.<\/p>\n","protected":false},"excerpt":{"rendered":"<p>rencontre brel brassens ferr\u00e9<\/p>\n","protected":false},"author":1,"featured_media":0,"comment_status":"closed","ping_status":"closed","sticky":false,"template":"","format":"standard","meta":{"footnotes":""},"categories":[1],"tags":[],"_links":{"self":[{"href":"http:\/\/geodeta.gorzow.pl\/www\/wp-json\/wp\/v2\/posts\/8589"}],"collection":[{"href":"http:\/\/geodeta.gorzow.pl\/www\/wp-json\/wp\/v2\/posts"}],"about":[{"href":"http:\/\/geodeta.gorzow.pl\/www\/wp-json\/wp\/v2\/types\/post"}],"author":[{"embeddable":true,"href":"http:\/\/geodeta.gorzow.pl\/www\/wp-json\/wp\/v2\/users\/1"}],"replies":[{"embeddable":true,"href":"http:\/\/geodeta.gorzow.pl\/www\/wp-json\/wp\/v2\/comments?post=8589"}],"version-history":[{"count":1,"href":"http:\/\/geodeta.gorzow.pl\/www\/wp-json\/wp\/v2\/posts\/8589\/revisions"}],"predecessor-version":[{"id":8590,"href":"http:\/\/geodeta.gorzow.pl\/www\/wp-json\/wp\/v2\/posts\/8589\/revisions\/8590"}],"wp:attachment":[{"href":"http:\/\/geodeta.gorzow.pl\/www\/wp-json\/wp\/v2\/media?parent=8589"}],"wp:term":[{"taxonomy":"category","embeddable":true,"href":"http:\/\/geodeta.gorzow.pl\/www\/wp-json\/wp\/v2\/categories?post=8589"},{"taxonomy":"post_tag","embeddable":true,"href":"http:\/\/geodeta.gorzow.pl\/www\/wp-json\/wp\/v2\/tags?post=8589"}],"curies":[{"name":"wp","href":"https:\/\/api.w.org\/{rel}","templated":true}]}}