{"id":8603,"date":"2020-07-04T03:16:12","date_gmt":"2020-07-04T03:16:12","guid":{"rendered":"http:\/\/geodeta.gorzow.pl\/www\/?p=8603"},"modified":"2020-06-26T06:30:45","modified_gmt":"2020-06-26T06:30:45","slug":"100-000-rencontres-solidaires-accenture","status":"publish","type":"post","link":"http:\/\/geodeta.gorzow.pl\/www\/2020\/07\/04\/100-000-rencontres-solidaires-accenture\/","title":{"rendered":"100 000 Rencontres Solidaires Accenture"},"content":{"rendered":"<p>Au fond, quel que soit le nom qui lui a \u00e9t\u00e9 attribu\u00e9 au fil des ann\u00e9es patron, chef, cadre, leader.. Le manager a toujours pour r\u00f4le principal de prescrire et de contr\u00f4ler le travail de son \u00e9quipe quand il en a le temps. Zoom sur Chantier Ecole qui a b\u00e9n\u00e9fici\u00e9 dune mission de conseil dans la r\u00e9gion de Nantes. Celle ci consistait \u00e0 collecter les bonnes pratiques RSE des structures adh\u00e9rentes du r\u00e9seau Chantier Ecole. <img decoding=\"async\" src=\"http:\/\/www.more.wfcrimewatch.com\/upload\/videos\/mini\/15b926d391dd68.jpg\" alt=\"100 000 rencontres solidaires accenture\" align=\"left\"> 14022017 : Elections 2017-Le MANIFESTE GNIAC Territoires et mobilisation citoyenne : Construire autrement les politiques publiques est.. A loccasion du mois de lESS, la ville de Nantes a consacr\u00e9 un article sur les nombreux rendez-vous propos\u00e9s au public pour d\u00e9couvrir cette \u00e9conomie! \u00e9t\u00e9 organis\u00e9 par AlterActions, en partenariat avec MakeSense, Open Odyssey et Enactus, nest pas pass\u00e9 inaper\u00e7u! Nous sommes cit\u00e9s dans cet article, \u00e9galement relay\u00e9 dans la newsletter. Chaque ann\u00e9e, ce programme, co-organis\u00e9 par MouvementUP GROUPE SOS et Accenture, soutient l\u00e9mergence dune nouvelle g\u00e9n\u00e9ration dinnovateurs, porteurs de solutions in\u00e9dites aux d\u00e9fis soci\u00e9taux. Dans son dernier livre Le bug humain, r\u00e9compens\u00e9 par le prix du livre Environnement 2019 d\u00e9cern\u00e9 par la Fondation V\u00e9olia, S\u00e9bastien Bohler nous explique pourquoi notre cerveau nous pousse \u00e0 d\u00e9truire la plan\u00e8te. Dans cette vid\u00e9o, il r\u00e9pond aux questions du philosophe Dominique Bourg. Merci aux intervenants, et bon courage \u00e0 toutes et tous pour ces 4 mois de missions \u00e0 venir!  F\u00e9d\u00e9ration des etablissements hospitaliers daide \u00e0 la personne 23122016 : 3\u00e8me rencontre des pionniers des alliances en territoire-Paris Cette premi\u00e8re journ\u00e9e est avant tout loccasion de faire connaissance avec l\u00e9quipe et aussi dentrer dans le vif du sujet en abordant quelques notions dHTML. Lambiance est studieuse et Olivier, lencadrant technique du chantier, retrouve enfin un espace de travail chaleureux, en effet, ce dernier lui semblait bien vide depuis le d\u00e9part des anciens salari\u00e9s fin d\u00e9cembre. <img decoding=\"async\" src=\"http:\/\/www.note.anglersacademy.org\/media\/00\/02\/1709136850.jpg\" alt=\"100 000 rencontres solidaires accenture\" align=\"left\"> Notre gniacqueur Fr\u00e9d\u00e9ric Bardeau de SIMPLON vous donne sa vision de lESS et du mouvement FrenchImpact Lanc\u00e9e en janvier 2018, Le French Impact est une initiative gouvernementale, port\u00e9e par le Minist\u00e8re de la Transition Ecologique et solidaire, qui a pour mission de lib\u00e9rer et soutenir linnovation.. Apr\u00e8s plusieurs intervenant.e.s, tel que WWF, une introduction aux grands enjeux de lEconomie Sociale et Solidaire a \u00e9t\u00e9 pr\u00e9sent\u00e9e aux \u00e9tudiant.e.s. Ces dernier.\u00e8re.s ont d\u00e9couvert leur mission \u00e0 la fin de la journ\u00e9e : 13 missions sur Paris et 1 sur Lille. 05092017 : Invitation soir\u00e9e M\u00e9diation Nomade du 7 septembre Mais qui est responsable du plaisir ressenti par chaque salari\u00e9? Lentreprise? Le salari\u00e9? Les deux? A priori, tout d\u00e9pend dans un premier temps de ce que recherche le salari\u00e9. Par \u00e9quipes de 4, ils ont d\u00e9fini leur sujet ensemble, et pris leurs smartphones pour filmer les sc\u00e8nes dans la cour. Une fois cette \u00e9tape pass\u00e9e, les jeunes se sont donn\u00e9s rendez-vous dans notre lieu daccueil, le Passage Num\u00e9rique, afin de d\u00e9rusher et monter leurs vid\u00e9os. Et nous nous concentrons aussi sur notre \u00e9cosyst\u00e8me. Colette Rapp, gniacqueuse, vous expose son projet de confitures r\u00e9alis\u00e9es \u00e0 partir de fruits moches ou invendus. Les herbagers des montagnes sont essentiellement localis\u00e9s dans le Massif central et son pourtour et 04092015 : Caf\u00e9 Contact Emploi du 17 septembre avec la Mairie du XVII\u00e8me \u0388\u03c7\u03b5\u03b9 2 \u03b8\u03cd\u03c1\u03b5\u03c2 USB: \u039c\u03c0\u03bf\u03c1\u03b5\u03af \u03bd\u03b1 \u03c6\u03bf\u03c1\u03c4\u03af\u03c3\u03b5\u03b9 2 \u03c3\u03c5\u03c3\u03ba\u03b5\u03c5\u03ad\u03c2 \u03c4\u03b1\u03c5\u03c4\u03cc\u03c7\u03c1\u03bf\u03bd\u03b1! Ev\u00e9nement parrain\u00e9 par GNIAC et pilot\u00e9 par Andr\u00e9 Jaunay, gniacqueur.   O\u00f9? dans les locaux de Malakoff M\u00e9d\u00e9ric Humanis au 21 rue Laffitte, 75009 Paris <img decoding=\"async\" src=\"http:\/\/1.bp.blogspot.com\/-bc5-9SrWWrI\/U5xcPBCAbsI\/AAAAAAAAK7U\/Cmlt5yQa-ME\/s1600\/innovezavecnous.png\" alt=\"100 000 rencontres solidaires accenture\" align=\"right\">.<\/p>\n","protected":false},"excerpt":{"rendered":"<p>100 000 rencontres solidaires accenture<\/p>\n","protected":false},"author":1,"featured_media":0,"comment_status":"closed","ping_status":"closed","sticky":false,"template":"","format":"standard","meta":{"footnotes":""},"categories":[1],"tags":[],"_links":{"self":[{"href":"http:\/\/geodeta.gorzow.pl\/www\/wp-json\/wp\/v2\/posts\/8603"}],"collection":[{"href":"http:\/\/geodeta.gorzow.pl\/www\/wp-json\/wp\/v2\/posts"}],"about":[{"href":"http:\/\/geodeta.gorzow.pl\/www\/wp-json\/wp\/v2\/types\/post"}],"author":[{"embeddable":true,"href":"http:\/\/geodeta.gorzow.pl\/www\/wp-json\/wp\/v2\/users\/1"}],"replies":[{"embeddable":true,"href":"http:\/\/geodeta.gorzow.pl\/www\/wp-json\/wp\/v2\/comments?post=8603"}],"version-history":[{"count":1,"href":"http:\/\/geodeta.gorzow.pl\/www\/wp-json\/wp\/v2\/posts\/8603\/revisions"}],"predecessor-version":[{"id":8604,"href":"http:\/\/geodeta.gorzow.pl\/www\/wp-json\/wp\/v2\/posts\/8603\/revisions\/8604"}],"wp:attachment":[{"href":"http:\/\/geodeta.gorzow.pl\/www\/wp-json\/wp\/v2\/media?parent=8603"}],"wp:term":[{"taxonomy":"category","embeddable":true,"href":"http:\/\/geodeta.gorzow.pl\/www\/wp-json\/wp\/v2\/categories?post=8603"},{"taxonomy":"post_tag","embeddable":true,"href":"http:\/\/geodeta.gorzow.pl\/www\/wp-json\/wp\/v2\/tags?post=8603"}],"curies":[{"name":"wp","href":"https:\/\/api.w.org\/{rel}","templated":true}]}}