{"id":8605,"date":"2020-07-04T03:39:08","date_gmt":"2020-07-04T03:39:08","guid":{"rendered":"http:\/\/geodeta.gorzow.pl\/www\/?p=8605"},"modified":"2020-06-26T06:46:54","modified_gmt":"2020-06-26T06:46:54","slug":"rencontres-internationales-de-la-jeune-photographie-niort","status":"publish","type":"post","link":"http:\/\/geodeta.gorzow.pl\/www\/2020\/07\/04\/rencontres-internationales-de-la-jeune-photographie-niort\/","title":{"rendered":"Rencontres Internationales De La Jeune Photographie Niort"},"content":{"rendered":"<p>23e Rencontres de la jeune photographie internationale de Niort Masmoulin, artiste passionn\u00e9 et sa bible de laquarelle explore aussi lart moderne et lart contemporain Art is the most intense mode of individualism that the world has known. Oscar Wilde Le 2 d\u00e9cembre \u00e0 partir de 20h,, au Palais des Beaux Arts de Lille, projection de Lets have no more nights, musique <img decoding=\"async\" src=\"http:\/\/hanslucas.com\/pict\/med_news\/002704.jpg\" alt=\"rencontres internationales de la jeune photographie niort\" align=\"right\"> <img decoding=\"async\" src=\"http:\/\/img.aws.la-croix.com\/2016\/07\/04\/1300773578\/Exposition-Western-Camarguais-lors-Rencontres-photographie-Arles-2016-4-juillet-2016_1_1400_931.jpg\" alt=\"rencontres internationales de la jeune photographie niort\" align=\"left\"> EXPOS DANS LA VILLE : Niort, Bordeaux, Angoul\u00eame.-Image In Perigny Les 23e Rencontres de la jeune photographie internationale 2017Niort Isabel Mu\u00f1oz, S\u00e9rie Maras 2006   En poursuivant votre navigation sur ce site, vous acceptez lutilisation de cookies pour vous proposer des contenus et services adapt\u00e9s \u00e0 vos centres dint\u00e9r\u00eats. Hiver 2016, a\u0300 la maison darret de Niort, Coralie Sala\u00fcn a pilote\u0301 un atelier interactif avec les de\u0301tenus dou\u0300 est ne\u0301e la se\u0301rie Si tu louches quand ya du vent pre\u0301sente\u0301e pour la premie\u0300re fois ici, a\u0300 Niort. Ses se\u0301ries photographiques donnent lieu a\u0300 des cre\u0301ations de costumes et de de\u0301cors originaux, a\u0300 une re\u0301flexion importante autour de la mise en sce\u0300ne et de la lumie\u0300re, a\u0300 partir de dessins pre\u0301paratoires. Au Belve\u0301de\u0300re du Moulin du Roc et a\u0300 la Maison darr\u00eat. Co-curatrice du projet dexposition itin\u00e9rante Jeune avec Pauline Hisbacq Ana\u00efs Marion et Marion Chevalier investissent une partie de lespace Michelet. Photo Le Courrier de lOuest-Benoit FELACE  Roc, Niort 2004 R\u00e9alit\u00e9-Illusion, Rencontres Photographiques <img decoding=\"async\" src=\"http:\/\/s-www.estrepublicain.fr\/images\/ACAAC3DA-AC00-4CFC-BDDC-9DA0D6DA0B38\/LER_15\/a-l-avenir-thomas-ayasse-et-les-nanceiens-devront-parvenir-a-remporter-ce-type-de-match-s-ils-veulent-decoller-au-classement-photo-pqr-lecourrier-de-l-ouest-philippe-bonnarme.jpg\" alt=\"rencontres internationales de la jeune photographie niort\" align=\"center\"> Outre la forme pr\u00e9c\u00e9dente il est possible de pr\u00e9senter le travail sur : Cette ann\u00e9e, les Rencontres de la jeune photographie internationale sinscrivent dans un registre plut\u00f4t introspectif. Certains artistes, form\u00e9s par des \u00e9coles de photo comme Arles ENSP, l\u00c9cole de limage des Gobelins ou lENS Louis-Lumi\u00e8re, ont des discours bien \u00e9tablis tendant vers des dispositifs intellectuels. Dautres, comme Negar Yaghmaian, iranienne, et Dina Oganova, g\u00e9orgienne, abordent des terrains plus sensibles. Elles font part de leur d\u00e9sarroi, exp\u00e9rimentant Nen d\u00e9plaise \u00e0 Houellebecq et \u00e0 sa formule assassine \u00e0 l\u00e9gard de Niort publi\u00e9e dans son bouquin S\u00e9rotonine une des villes les plus laides quil mait \u00e9t\u00e9 donn\u00e9 de voir cette pr\u00e9fecture des Deux-S\u00e8vres existe. Connaissait-il lexistence du Centre dart contemporain photographique-Villa P\u00e9rochon, ouvert en 2013, lui qui b\u00e9n\u00e9ficia en 2016 dune exposition en 18 salles au palais de Tokyo Rester vivant, totalement con\u00e7ue par lui-m\u00eame, du parcours jusqu\u00e0 la couleur des cimaises? Il y pr\u00e9senta nombre de ses photographies? Lon se souviendra dun diaporama des photographies de son chien. 29 avril 2018 \u00e0 17:46 La nouvelle \u00e9dition des Rencontres de la jeune photographie internationale accueille notamment cette ann\u00e9e Corinne Mercadier en invit\u00e9e dhonneur et huit artistes en r\u00e9sidence. Il semble que rien ne soit trouv\u00e9 pour votre recherche. Rechercher : Du lundi 5 au vendredi 16 octobre de 10h \u00e0 17h. Ferm\u00e9 le week-end 0104-3004 El-Rencontres internationales de la jeune photographie-Niort exposition personnelle CACP VILLA PEROCHON 2017 NIORT avril.mai 2017 Marie Moroni Trois jours d\u00e9changes, de rencontres, danimations qui permettront \u00e0 chacune et chacun le temps dun instant de voyager. Background: linear-gradient45deg, rgba48,232,242,1 0,rgba0,0,255,1 80; W3C, IE10, FF16, Chrome26, Opera12, Safari7 .<\/p>\n","protected":false},"excerpt":{"rendered":"<p>rencontres internationales de la jeune photographie niort<\/p>\n","protected":false},"author":1,"featured_media":0,"comment_status":"closed","ping_status":"closed","sticky":false,"template":"","format":"standard","meta":{"footnotes":""},"categories":[1],"tags":[],"_links":{"self":[{"href":"http:\/\/geodeta.gorzow.pl\/www\/wp-json\/wp\/v2\/posts\/8605"}],"collection":[{"href":"http:\/\/geodeta.gorzow.pl\/www\/wp-json\/wp\/v2\/posts"}],"about":[{"href":"http:\/\/geodeta.gorzow.pl\/www\/wp-json\/wp\/v2\/types\/post"}],"author":[{"embeddable":true,"href":"http:\/\/geodeta.gorzow.pl\/www\/wp-json\/wp\/v2\/users\/1"}],"replies":[{"embeddable":true,"href":"http:\/\/geodeta.gorzow.pl\/www\/wp-json\/wp\/v2\/comments?post=8605"}],"version-history":[{"count":1,"href":"http:\/\/geodeta.gorzow.pl\/www\/wp-json\/wp\/v2\/posts\/8605\/revisions"}],"predecessor-version":[{"id":8606,"href":"http:\/\/geodeta.gorzow.pl\/www\/wp-json\/wp\/v2\/posts\/8605\/revisions\/8606"}],"wp:attachment":[{"href":"http:\/\/geodeta.gorzow.pl\/www\/wp-json\/wp\/v2\/media?parent=8605"}],"wp:term":[{"taxonomy":"category","embeddable":true,"href":"http:\/\/geodeta.gorzow.pl\/www\/wp-json\/wp\/v2\/categories?post=8605"},{"taxonomy":"post_tag","embeddable":true,"href":"http:\/\/geodeta.gorzow.pl\/www\/wp-json\/wp\/v2\/tags?post=8605"}],"curies":[{"name":"wp","href":"https:\/\/api.w.org\/{rel}","templated":true}]}}