{"id":864,"date":"2020-06-21T22:44:36","date_gmt":"2020-06-21T22:44:36","guid":{"rendered":"http:\/\/geodeta.gorzow.pl\/www\/?p=864"},"modified":"2020-06-21T03:15:11","modified_gmt":"2020-06-21T03:15:11","slug":"rencontres-theatrales-forcalquier","status":"publish","type":"post","link":"http:\/\/geodeta.gorzow.pl\/www\/2020\/06\/21\/rencontres-theatrales-forcalquier\/","title":{"rendered":"Rencontres Th\u00e9atrales Forcalquier"},"content":{"rendered":"<p><img decoding=\"async\" src=\"http:\/\/www.level.pacmo.net\/blogist\/public\/2017-2018\/moyenne_section17_18\/Periode_3\/concours_couronne\/chandeleur\/pate_a_modeler_pont\/.IMG_20180118_093955_m.jpg\" alt=\"rencontres th\u00e9atrales forcalquier\" align=\"right\"> Repr\u00e9sentation, \u00e0 Toulouse salle Ernest-Renan, de Des Souris et des Hommes L\u00e9quipe du Th\u00e9\u00e2tre des Asphod\u00e8les communique sur les manifestations pr\u00e9sent\u00e9es dans son lieu \u00e0 son r\u00e9seau dadh\u00e9rents, sur son site Internet et sur demande sur les panneaux lumineux de la ville de Lyon. Compagnie de th\u00e9\u00e2tre recherche une com\u00e9dienne dun \u00e2ge de 35 ans minimum, avec exp\u00e9rience, pour jouer une pi\u00e8ce contemporaine am\u00e9ricaine. Th\u00e9\u00e2tre r\u00e9aliste. R\u00e9gion Aix en ProvenceMarseille.. Ils recrutent-Acteurs Aix-en-Provence 13100 Modifi\u00e9 le 100520 1994 : Cr\u00e9ation de Lordre vagabond dont la Premi\u00e8re a lieu au festival de Nuits de la Mayenne. Cest le premier spectacle de la cie \u00e0 \u00eatre pr\u00e9sent\u00e9 au festival dAvignon en 1995. \u00c0 partir de ce moment, la compagnie enchaine les tourn\u00e9es, les d\u00e9placements et les rencontres, avec pas moins de 5 spectacles simultan\u00e9ment en tourn\u00e9e! La premi\u00e8re exp\u00e9rience de Mourad Merzouki m\u00ealant hip hop et vid\u00e9o interactive. Une exp\u00e9rience dense de nouveaux espaces, de nouvelles mati\u00e8res num\u00e9riques vivantes, mouvantes, en dialogue avec les corps.  Cette rencontre entre plume et plateau, \u00e0 la fois artistique, disciplinaire et humaine, nous ouvre le territoire dune r\u00e9flexion commune sur le m\u00e9tissage et toutes les formes d\u00e9mancipation, celle des imaginaires, des langues et des cultures. Avec cette nouvelle cr\u00e9ation, nous avons lambition de porter un projet artistique qui soit bas\u00e9 sur un vrai temps de recherche et dexp\u00e9rimentation. Notre approche sc\u00e9nique, marqu\u00e9e du seau de la Commedia dellarte, apporte un rapport ludique avec le spectateur, une sc\u00e9nographie riche sans cesse en mouvement et une capacit\u00e9 de distanciation entre le com\u00e9dien et les personnages qui am\u00e8ne lid\u00e9e dun th\u00e9\u00e2tre au pr\u00e9sent. Apr\u00e8s avoir trait\u00e9 une pi\u00e8ce classique en Commedia dellarte Dom Juan 2.0 de Moli\u00e8re, nous nous rendons bien compte \u00e0 quel point ce genre th\u00e9\u00e2tral vient enrichir et donner une port\u00e9e au texte, un \u00e9lan, une couleur singuli\u00e8re. En portant sur sc\u00e8ne cette \u00e9criture dune profondeur inou\u00efe, nous esp\u00e9rons r\u00e9veiller les consciences, susciter l\u00e9change, tout en donnant \u00e0 chacun la possibilit\u00e9 d\u00eatre, de r\u00eaver, de se r\u00e9affirmer dans des valeurs de libert\u00e9, de tol\u00e9rance, dind\u00e9pendance, douverture, de curiosit\u00e9.. Aller vers un humanisme renouvel\u00e9. Un Clown peut en cacher un autre! par la Cie G\u00e8ne et <img decoding=\"async\" src=\"http:\/\/www.toutsambal.fr\/blog\/public\/Images-blog\/Adele-HPI-JUIN-2012-bd.jpg\" alt=\"rencontres th\u00e9atrales forcalquier\" align=\"right\"> Et puis, cerise sur le g\u00e2teau, le superbe spectacle offert par la compagnie Th\u00e9\u00e2tre de Chambre avec la cr\u00e9ation Sarah et le cri de la Langouste sur un texte de John Murrell et mis en sc\u00e8ne dune fa\u00e7on magistrale par Mathieu Weil. Dans sa maison de Belle Ile face aux flots tumultueux de la c\u00f4te sauvage la grande Sarah Bernhardt se souvient avec laide de son secr\u00e9taire et souffre douleur, Pitou qui accepte dincarner les personnages quelle veut retrouver : sa m\u00e8re, la m\u00e8re sup\u00e9rieure du couvent, son amant son mari son fils son impresario, le machiniste et Oscar Wilde, d\u00e9fiant sa propre mort entre vie et th\u00e9\u00e2tre. Ce texte de John Murrell est servi de tr\u00e8s belle fa\u00e7on par deux com\u00e9diens au plus fort de leur art. B\u00e9n\u00e9dicte Boileau, initiatrice du projet, est une Sarah qui nous fait vivre la col\u00e8re, la sensualit\u00e9, la tendresse la folie dans ces \u00e9vocations qui vont de lenfance vers la mort, et Hubert de Pourquery, un Pitou bourru, introverti, et plein de tendresse pour cette femme quil accompagne dans cette fin de vie. Sous forme dateliers de pratique, de conf\u00e9rences-spectacles, de rencontres avec les \u00e9quipes artistiques, dexpositions et de visites de la salle de spectacle, ces projets permettent une approche de lart et de la culture didactique et ancr\u00e9e dans les r\u00e9alit\u00e9s et le quotidien dune compagnie.-Galerie de lESBAM, nids de jeux exposition des \u00e9tudiants de lESBAM avec En 2016, le Th\u00e9\u00e2tre des Asphod\u00e8les ouvrira ses portes pour les Journ\u00e9es europ\u00e9ennes du Patrimoine le samedi 17 septembre de 14h \u00e0 20h. Au programme : visite libvre du lieu, pr\u00e9sentation des cours et soir\u00e9e spectacle Les Irr\u00e9v\u00e9rencieux \u00e0 21h. Isabelle Baticle, Mich\u00e8le Durand, Dominique Gardey, Feng Ge, Sylvie Ladame, Ulla Lutz, Nad\u00e8ge Michel, Rosel Suzzoni, Lucy Allard, Hugues Breton, Laurent G\u00e9ray, Michael Knight, Beno\u00eet Lupi,Christophe Masson, Sophie Ge, Ced Rouz, Elias Kurdy Si vous \u00e9tiez membre de lancien site, connectez vous avec comme identifiant votre email et comme mot de passe votre ancien code dacc\u00e8s. <img decoding=\"async\" src=\"http:\/\/www.level.pacmo.net\/blogist\/public\/2017-2018\/moyenne_section17_18\/Periode_3\/concours_couronne\/chandeleur\/pate_a_modeler_pont\/.IMG_20180119_142240_m.jpg\" alt=\"rencontres th\u00e9atrales forcalquier\" align=\"center\"> Jacques Descorde aborde ici deux th\u00e9matiques peu fr\u00e9quentes, la mort de la m\u00e8re et la tentation du suicide dans une langue tr\u00e8s po\u00e9tique avec des dialogues courts qui laissent une grande place \u00e0 limagination.  Statue qui parlent, enchantements, proph\u00e9ties les am\u00e8nent d\u00e9preuves en \u00e9preuves \u00e0 \u00e9prouver leur foi et \u00e0 interroger les fondements v\u00e9ritables de ce qui fait de chacun dentre nous un \u00eatre humain. Vendredi 29 janvier ou samedi 30 janvier \u00e0 20h30 Th\u00e9\u00e2tre de la Passerelle-Gap  Pinar Selek, Adaptation mise en sc\u00c3ne Alexis Bertin,jeu et musique, Prix de loriginalit\u00e9 pour la benne \u00e0 vendanges peinte au Domaine Marcel Richaud, Cairanne Parti en terre \u00e9trang\u00e8re, cest son propre monde, ses r\u00e9alit\u00e9s, son quotidien, ses certitudes qui vont \u00eatre amen\u00e9s \u00e0 voyager hors de leurs fronti\u00e8res. Il va retrouver une famille alors que lui-m\u00eame devient son \u00e9tranger.<\/p>\n","protected":false},"excerpt":{"rendered":"<p>rencontres th\u00e9atrales forcalquier<\/p>\n","protected":false},"author":1,"featured_media":0,"comment_status":"closed","ping_status":"closed","sticky":false,"template":"","format":"standard","meta":{"footnotes":""},"categories":[1],"tags":[],"_links":{"self":[{"href":"http:\/\/geodeta.gorzow.pl\/www\/wp-json\/wp\/v2\/posts\/864"}],"collection":[{"href":"http:\/\/geodeta.gorzow.pl\/www\/wp-json\/wp\/v2\/posts"}],"about":[{"href":"http:\/\/geodeta.gorzow.pl\/www\/wp-json\/wp\/v2\/types\/post"}],"author":[{"embeddable":true,"href":"http:\/\/geodeta.gorzow.pl\/www\/wp-json\/wp\/v2\/users\/1"}],"replies":[{"embeddable":true,"href":"http:\/\/geodeta.gorzow.pl\/www\/wp-json\/wp\/v2\/comments?post=864"}],"version-history":[{"count":1,"href":"http:\/\/geodeta.gorzow.pl\/www\/wp-json\/wp\/v2\/posts\/864\/revisions"}],"predecessor-version":[{"id":865,"href":"http:\/\/geodeta.gorzow.pl\/www\/wp-json\/wp\/v2\/posts\/864\/revisions\/865"}],"wp:attachment":[{"href":"http:\/\/geodeta.gorzow.pl\/www\/wp-json\/wp\/v2\/media?parent=864"}],"wp:term":[{"taxonomy":"category","embeddable":true,"href":"http:\/\/geodeta.gorzow.pl\/www\/wp-json\/wp\/v2\/categories?post=864"},{"taxonomy":"post_tag","embeddable":true,"href":"http:\/\/geodeta.gorzow.pl\/www\/wp-json\/wp\/v2\/tags?post=864"}],"curies":[{"name":"wp","href":"https:\/\/api.w.org\/{rel}","templated":true}]}}