{"id":8659,"date":"2020-07-04T17:59:19","date_gmt":"2020-07-04T17:59:19","guid":{"rendered":"http:\/\/geodeta.gorzow.pl\/www\/?p=8659"},"modified":"2020-06-26T08:53:09","modified_gmt":"2020-06-26T08:53:09","slug":"rencontre-martigny-valais","status":"publish","type":"post","link":"http:\/\/geodeta.gorzow.pl\/www\/2020\/07\/04\/rencontre-martigny-valais\/","title":{"rendered":"Rencontre Martigny Valais"},"content":{"rendered":"<p>Annonce : Pour commencer je suis nul en fran\u00e7ais, mais tr\u00e8s tr\u00e8s bon en calcul cest normal je suis un petit ing\u00e9nieur informaticien. De premi\u00e8re formation je suis masseur dipl\u00f4m\u00e9 des \u00e9coles chinoises japonaises, depuis 29 ans. Pas ici pour des histoires de Q, non. Je suis bi et tendre et mon homme h\u00e9t\u00e9ro et tendre lui aussi.. Au plaisir de se rencontrer. Hello, Le Hockey Club Valais-Chablais se charge de lavenir des joueurs gr\u00e2ce \u00e0 un nouveau concept novateur: construire la jeunesse du hockey valaisan en donnant la perspective \u00e0 chaque membre du mouvement hockey junior dint\u00e9grer un jour la premi\u00e8re \u00e9quipe. La OufParty se compose de quatre parties principales : Ce site utilise des cookies pour am\u00e9liorer votre exp\u00e9rience, renforcer la s\u00e9curit\u00e9 du site et vous proposer des publicit\u00e9s personnalis\u00e9es. Pour en savoir plus ou g\u00e9rer vos param\u00e8tres. En cliquant ou en naviguant sur le site, vous acceptez notre utilisation des cookies. Encyclop\u00e9die M\u00e9thodique, Ou Par Ordre De Matieres: Par Une Soci\u00e9t\u00e9 De Gens.-Nicolas Desmarest-Google Books 7:00 : Sierre en direction de Sion le long du Rh\u00f4ne: Dancewalk en forme de d\u00e9bat po\u00e9litique, chansons de la libert\u00e9, \u00e9vocation de Carole Roussopoulos La Mont\u00e9e Vers P\u00e2ques a eu lieu du 18 au 21 avril 2019. Une vingtaine de jeunes du secteur y ont particip\u00e9. Le projet un violon dans mon \u00e9cole a d\u00e9but\u00e9 \u00e0 Martigny en 2015 avec deux classes. Ce sont aujourdhui 4 classes de 1H 2H, deux classes de 3H et 2 classes de 4H qui b\u00e9n\u00e9ficient du projet, soit environ 180 enfants. 14:00 : Gampel Niedergampel: Dancewalk pour les affluents al\u00e9maniques du Rh\u00f4ne Alors que la majorit\u00e9 des familles suisses poss\u00e8dent leur blaso.. Pr\u00e8s de 30 des habitants de notre pays ne sont toujours pas repr\u00e9sent\u00e9s officiellement dans notre commune. Nous avons pens\u00e9 quil fallait faire quelque chose. LUDC doit \u00eatre pr\u00e9sente lors des \u00e9lections et votations par des scrutateurs et des candidats, mais \u00eatre aussi un interlocuteur officiel des autorit\u00e9s communales en cas de n\u00e9cessit\u00e9. Le CERM est une soci\u00e9t\u00e9 coop\u00e9rative cr\u00e9\u00e9e en 1976. La Soci\u00e9t\u00e9 a pour but la construction et lexploitation dun complexe de b\u00e2timents devant servir \u00e0 des expositions, des congr\u00e8s, des r\u00e9unions et \u00e0 des manifestations telles que les f\u00eates populaires, bals, concerts, sports, etc.  Ruines romaines de la promenade arch\u00e9ologique et de la Fondation Pierre Gianadda. Bertil Munk, vice-pr\u00e9sident des Jeunes Socialistes suisses Les pr\u00e9visions de la semaine pour le Valais par Robin Livr\u00e9es avec 3 verres transparent, fum\u00e9 et jaune, ainsi quun \u00e9tui. Il est \u00e9picurien, sportif, homme cherche femme martigny beaucoup dhumour. Nattendez plus pour le rencontrer, il fera votre bonheur. St L\u00e9onard 51 ans Rentier Il saura vous faire rire, vous entourer et vous aimer sinc\u00e8rement. Il aime la marche, les balades, la nature, recevoir, dialoguer, les voyages, les soir\u00e9es entre amis et \u00e0 2. Valentina Darbellay \u00e0 19.00 heures sur le th\u00e8me de la Suisse et lUnion Europ\u00e9enne, anim\u00e9 par Fr\u00e9d\u00e9ric Filippin <img decoding=\"async\" src=\"http:\/\/ekladata.com\/7g_y7W_yEpKYMNueHA6pGDqIEsc@910x607.jpg\" alt=\"rencontre martigny valais\" align=\"left\"> Rencontre avec Benjamin Roduit \u00e0 la maison Stella Helvetica \u00e0 Saillon d\u00e8s 19.45 heures. Allocution de B. Roduit \u00e0 20.00 heures, \u00e9changes puis questions. Nos salles des formations sont enti\u00e8rement \u00e9quip\u00e9es beamer, \u00e9cran, paroi de li\u00e8ge, valise mod\u00e9rateur, etc. Nous mettons en service linfrastructure et les outils n\u00e9cessaires selon vos besoins. 10\u00e8me Expo-moto de Martigny-Valais, 17-18 mars 2012 Mais je sais d\u00e9j\u00e0 quil y aura, selon les jours, une pointe d\u00e9pice rare, une note de musique enivrante, des tranches de vie, de la danse \u00e0 mille temps, un zeste de fruits d\u00e9fendus, des douceurs am\u00e8res ouet suaves, des larmes de bons vins et bien s\u00fbr de multiples touches de douceurs et de nombreux \u00e9clats de rires. C\u00e9l, elle ne d\u00e9teste pas une soir\u00e9e en ville ou entre amis mais elle pr\u00e9f\u00e8re pr\u00e9parer un bon repas pour un t\u00eate \u00e0 t\u00eate en amoureux. Son r\u00eave? Une vraie vie de famille \u00e9panouie. Elle a besoin de pouvoir vous faire confiance. Voir aussi Pour le week-end complet, 50 CHF comprenant lemplacement raccord\u00e9 \u00e0 Internet, la grillade samedi midi, la raclette samedi soir, la nuit dans un dortoir ATENTION PLACES LIMIT\u00c9ES, le petit d\u00e9jeuner et le repas de dimanche midi. <img decoding=\"async\" src=\"http:\/\/www.flrvs.ch\/wp-content\/uploads\/2015\/09\/FLRVs_Comite-300x199.jpg\" alt=\"rencontre martigny valais\" align=\"left\">  <img decoding=\"async\" src=\"http:\/\/prophilo.ch\/wp\/wp-content\/uploads\/2017\/07\/Capture-d%E2%80%99%C3%A9cran-2017-07-10-%C3%A0-14.02.20.png\" alt=\"rencontre martigny valais\" align=\"right\"> .<\/p>\n","protected":false},"excerpt":{"rendered":"<p>rencontre martigny valais<\/p>\n","protected":false},"author":1,"featured_media":0,"comment_status":"closed","ping_status":"closed","sticky":false,"template":"","format":"standard","meta":{"footnotes":""},"categories":[1],"tags":[],"_links":{"self":[{"href":"http:\/\/geodeta.gorzow.pl\/www\/wp-json\/wp\/v2\/posts\/8659"}],"collection":[{"href":"http:\/\/geodeta.gorzow.pl\/www\/wp-json\/wp\/v2\/posts"}],"about":[{"href":"http:\/\/geodeta.gorzow.pl\/www\/wp-json\/wp\/v2\/types\/post"}],"author":[{"embeddable":true,"href":"http:\/\/geodeta.gorzow.pl\/www\/wp-json\/wp\/v2\/users\/1"}],"replies":[{"embeddable":true,"href":"http:\/\/geodeta.gorzow.pl\/www\/wp-json\/wp\/v2\/comments?post=8659"}],"version-history":[{"count":1,"href":"http:\/\/geodeta.gorzow.pl\/www\/wp-json\/wp\/v2\/posts\/8659\/revisions"}],"predecessor-version":[{"id":8660,"href":"http:\/\/geodeta.gorzow.pl\/www\/wp-json\/wp\/v2\/posts\/8659\/revisions\/8660"}],"wp:attachment":[{"href":"http:\/\/geodeta.gorzow.pl\/www\/wp-json\/wp\/v2\/media?parent=8659"}],"wp:term":[{"taxonomy":"category","embeddable":true,"href":"http:\/\/geodeta.gorzow.pl\/www\/wp-json\/wp\/v2\/categories?post=8659"},{"taxonomy":"post_tag","embeddable":true,"href":"http:\/\/geodeta.gorzow.pl\/www\/wp-json\/wp\/v2\/tags?post=8659"}],"curies":[{"name":"wp","href":"https:\/\/api.w.org\/{rel}","templated":true}]}}