{"id":8661,"date":"2020-07-04T21:35:47","date_gmt":"2020-07-04T21:35:47","guid":{"rendered":"http:\/\/geodeta.gorzow.pl\/www\/?p=8661"},"modified":"2020-06-26T09:17:47","modified_gmt":"2020-06-26T09:17:47","slug":"rencontres-video-sante-mentale-2011","status":"publish","type":"post","link":"http:\/\/geodeta.gorzow.pl\/www\/2020\/07\/04\/rencontres-video-sante-mentale-2011\/","title":{"rendered":"Rencontres Vid\u00e9o Sant\u00e9 Mentale 2011"},"content":{"rendered":"<p>Les 2-\u00e8mes rencontres scientifiques de la Caisse Nationale de Solidarit\u00e9 et dAutonomie CNSA Psychiatrie et Sant\u00e9 Publique  <img decoding=\"async\" src=\"http:\/\/www.more.wfcrimewatch.com\/public\/upload\/news\/normal\/5ac9eab17bb383.50277262.jpg\" alt=\"rencontres vid\u00e9o sant\u00e9 mentale 2011\" align=\"left\"> Contrat Local de Sant\u00e9 de Poitiers in site de lARS Poitou-Charentes La production de ce site a \u00e9t\u00e9 rendue possible gr\u00e2ce \u00e0 une contribution financi\u00e8re provenant de lAgence de la sant\u00e9 publique du Canada par le financement du CCNPPS. <img decoding=\"async\" src=\"http:\/\/www.unafam93.org\/medias\/album\/img-9891.jpg\" alt=\"rencontres vid\u00e9o sant\u00e9 mentale 2011\" align=\"center\"> VGIK International Student Film Festival 2010 Moscou, Russie Journ\u00e9e de soutien organis\u00e9e dans le cadre de lexposition anniversaire des 15 ans du Non Faire \u00e0 LAtelier Z.  Le DVD contient 5 courts m\u00e9trages En colo, Baskets et maths, Les incroyables aventures de Fusion Man, Pauline, Omar. Le livret daccompagnement est structur\u00e9 autour de 5 parties : une pr\u00e9sentation g\u00e9n\u00e9rale de loutil contexte, objectifs, destinataires, des \u00e9l\u00e9ments de connaissances d\u00e9finitions, cons\u00e9quences de lhomophobie, discrimination, facteurs de risques et facteurs de protection, lanimation de s\u00e9quences de pr\u00e9vention de lhomophobie recommandations, pr\u00e9paration, g\u00e9n\u00e9ralit\u00e9s sur lanimation, logistique, r\u00e8gle du groupe et du d\u00e9bat, des propositions de d\u00e9bats \u00e0 partir des 5 courts m\u00e9trages tous structur\u00e9s de la m\u00eame mani\u00e8re : pr\u00e9sentation du court m\u00e9trage, public destinataire, objectifs sp\u00e9cifiques de lanimation, d\u00e9roulement de la s\u00e9ance danimation et proposition d\u00e9l\u00e9ments pour le d\u00e9bat et des ressources compl\u00e9mentaires pour les \u00e9ducateurs et pour les jeunes vue de l\u00e9pid\u00e9miologie et de laction publique, cest le sujet de la d\u00e9tresse psychologique et de la sant\u00e9 La coupe menstruelle peut \u00eatre associ\u00e9e \u00e0 un choc toxique chez certaines patientes \u00e0 risque et en cas de m\u00e9susage. Une information souvent ignor\u00e9e des utilisatrices, tandis que les renseignements des fabricants sont parfois insuffisants, voire erron\u00e9s remarque la DGCCRF. <img decoding=\"async\" src=\"http:\/\/www.ccomssantementalelillefrance.org\/sites\/ccoms.org\/files\/styles\/slide\/public\/facade.jpg\" alt=\"rencontres vid\u00e9o sant\u00e9 mentale 2011\" align=\"left\"> Cet \u00e9v\u00e8nement a \u00e9t\u00e9 loccasion d\u00e9changer avec les professionnels et acteurs r\u00e9gionaux concern\u00e9s autour Disponible sur le site de Cairn \u00e0 ladresse suivante : Avertissez-moi par e-mail des nouveaux commentaires. Vingt-six ans apr\u00e8s lui, Madame Lejeune a rejoint son \u00e9poux dans l\u00e9ternit\u00e9, elle \u00e9tait le souffle, lhistoire et le ciment de la fondation. 10\u00e8 r\u00e9vision de la Classification Statistique Internationale CIM 10 Cette ann\u00e9e encore, dans trois salles sera projet\u00e9e lactualit\u00e9 vid\u00e9o de la sant\u00e9 mentale et psychique sur des th\u00e8mes aussi vari\u00e9s que la parentalit\u00e9, les addictions, lart, la psychose, lautisme  En pr\u00e9sence des psychiatres Dr Jean Christophe Vignoles, Dr Alain Bouvarel et Dr Jean Pierre Salvarelli. \u03a3\u03b1\u03ba\u03af\u03b4\u03b9\u03bf \u03c7\u03c9\u03c1\u03b7\u03c4\u03b9\u03ba\u03cc\u03c4\u03b7\u03c4\u03b1\u03c2 20 \u03bb\u03af\u03c4\u03c1\u03c9\u03bd \u03b1\u03c0\u03cc \u03b5\u03bd\u03b9\u03c3\u03c7\u03c5\u03bc\u03ad\u03bd\u03bf \u03cd\u03c6\u03b1\u03c3\u03bc\u03b1 \u03bc\u03b5 \u03b1\u03b4\u03b9\u03ac\u03b2\u03c1\u03bf\u03c7\u03bf \u03ba\u03ac\u03bb\u03c5\u03bc\u03bc\u03b1 \u03b3\u03b9\u03b1 \u03bc\u03c0\u03bf\u03c1\u03b5\u03af\u03c4\u03b5 \u03bd\u03b1 \u03b1\u03c0\u03bf\u03bb\u03b1\u03bc\u03b2\u03ac\u03bd\u03b5\u03c4\u03b5 \u03c4\u03b9\u03c2 \u03b2\u03cc\u03bb\u03c4\u03b5\u03c2 \u03c3\u03b1\u03c2 \u03c3\u03c4\u03b7\u03bd \u03b5\u03be\u03bf\u03c7\u03ae \u03b1\u03bd\u03b5\u03be\u03b1\u03c1\u03c4\u03ae\u03c4\u03c9\u03c2 \u03ba\u03b1\u03b9\u03c1\u03bf\u03cd. Dispositif relais Rive Droite Intergenertions 20112012 Les activit\u00e9s manuelles constituent un support pertinent du projet de soins. Elles permettent \u00e0 chacun de cr\u00e9er, de se projeter dans des r\u00e9alisations diverses. Ce stage propose \u00e0 travers des activit\u00e9s simples et diverses une mise en situation \u00e0 des fins th\u00e9rapeutiques et \u00e9ducatives. Un approfondissement est propos\u00e9. Cinq groupes de comp\u00e9tences de vie avec chacun ses deux volets :.<\/p>\n","protected":false},"excerpt":{"rendered":"<p>rencontres vid\u00e9o sant\u00e9 mentale 2011<\/p>\n","protected":false},"author":1,"featured_media":0,"comment_status":"closed","ping_status":"closed","sticky":false,"template":"","format":"standard","meta":{"footnotes":""},"categories":[1],"tags":[],"_links":{"self":[{"href":"http:\/\/geodeta.gorzow.pl\/www\/wp-json\/wp\/v2\/posts\/8661"}],"collection":[{"href":"http:\/\/geodeta.gorzow.pl\/www\/wp-json\/wp\/v2\/posts"}],"about":[{"href":"http:\/\/geodeta.gorzow.pl\/www\/wp-json\/wp\/v2\/types\/post"}],"author":[{"embeddable":true,"href":"http:\/\/geodeta.gorzow.pl\/www\/wp-json\/wp\/v2\/users\/1"}],"replies":[{"embeddable":true,"href":"http:\/\/geodeta.gorzow.pl\/www\/wp-json\/wp\/v2\/comments?post=8661"}],"version-history":[{"count":1,"href":"http:\/\/geodeta.gorzow.pl\/www\/wp-json\/wp\/v2\/posts\/8661\/revisions"}],"predecessor-version":[{"id":8662,"href":"http:\/\/geodeta.gorzow.pl\/www\/wp-json\/wp\/v2\/posts\/8661\/revisions\/8662"}],"wp:attachment":[{"href":"http:\/\/geodeta.gorzow.pl\/www\/wp-json\/wp\/v2\/media?parent=8661"}],"wp:term":[{"taxonomy":"category","embeddable":true,"href":"http:\/\/geodeta.gorzow.pl\/www\/wp-json\/wp\/v2\/categories?post=8661"},{"taxonomy":"post_tag","embeddable":true,"href":"http:\/\/geodeta.gorzow.pl\/www\/wp-json\/wp\/v2\/tags?post=8661"}],"curies":[{"name":"wp","href":"https:\/\/api.w.org\/{rel}","templated":true}]}}