{"id":8667,"date":"2020-07-04T06:34:21","date_gmt":"2020-07-04T06:34:21","guid":{"rendered":"http:\/\/geodeta.gorzow.pl\/www\/?p=8667"},"modified":"2020-06-26T09:24:53","modified_gmt":"2020-06-26T09:24:53","slug":"rencontre-uoif-2012","status":"publish","type":"post","link":"http:\/\/geodeta.gorzow.pl\/www\/2020\/07\/04\/rencontre-uoif-2012\/","title":{"rendered":"Rencontre Uoif 2012"},"content":{"rendered":"<p>Comme au cycle 2, chaque \u00e9l\u00e8ve qui le souhaite doit pouvoir sengager chaque ann\u00e9e dans la r\u00e9alisation dun projet choral ambitieux et associant autant que possible dautres formes dexpression artistique. Cette possibilit\u00e9 lui permet, outre de trouver plaisir \u00e0 chanter dans un cadre collectif, de d\u00e9couvrir les exigences dun spectacle organis\u00e9 en fin dann\u00e9e scolaire. Associant des \u00e9l\u00e8ves issus des diff\u00e9rents niveaux du cycle, la chorale gagne \u00e0 r\u00e9unir \u00e9coliers et coll\u00e9giens, ces derniers m\u00eame au-del\u00e0 du cycle 3. Histoire des arts Nous ne sommes en rien des compagnons de route de lUOIF. Nous refusons simplement de diaboliser cette organisation. Nous avons \u00e9t\u00e9 invit\u00e9s \u00e0 y prendre la parole en toute libert\u00e9, sachant que nous ne partageons pas sa foi. Cest un geste douverture. Alors que certains catholiques avaient demand\u00e9 au pr\u00e9lat de ne pas se rendre au Bourget, Mgr Dubost a tenu \u00e0 dire sa solidarit\u00e9 avec les musulmans qui se sentent stigmatis\u00e9s : Je ne regrette pas d\u00eatre venu ici, au contraire. Les musulmans ont peur d\u00eatre stigmatis\u00e9s. Cest une raison de plus pour venir et pour leur t\u00e9moigner mon amiti\u00e9. Nous devons \u00eatre les uns avec les autres, non pas seulement pour une question damabilit\u00e9, mais au nom de la foi. Je crois que notre Dieu est notre p\u00e8re \u00e0 tous. Je ne veux pas quon dise du mal de certaines personnes parce quelles sont ce quelles sont C.I.E.U.X. De Paris 14\u00e8me mosqu\u00e9esalle de pri\u00e8re musulmane foyer de travailleurs musulmans 3 rue des Arbustes, 75014 Paris CRISE SANITAIRE : Offrez 1 kit Urgence COVID alimentaire et hygi\u00e8ne \u00e0 65 Le journal du jour en exclusivit\u00e9 et le journal de demain avant tout le monde La candidate du Front national \u00e0 la pr\u00e9sidentielle,, r\u00e9clame la dissolution de UOIF et linterdiction de son congr\u00e8s pr\u00e9vu du 6 au 9 avril au Bourget. Cette posture intervient apr\u00e8s linterdiction par la France de la venue de pr\u00e9dicateurs extr\u00e9mistes invit\u00e9s \u00e0 ce congr\u00e8s C.I.E.U.X. De Paris 18\u00e8me Eglise protestante de la Maison Verte 127 rue Marcadet, 75018 Paris pourquoi depuis tant dann\u00e9es avoir \u00e9t\u00e9 si laxistes?  C.I.E.U.X. De Cachan Synagogue de Cachan, 28 avenue Beaus\u00e9jour, 94230 Cachan <img decoding=\"async\" src=\"http:\/\/www.strategy.footnotes.us\/wp-content\/uploads\/2018\/08\/pouki-440x330.jpg\" alt=\"rencontre uoif 2012\" align=\"center\"> Le Comit\u00e9 D\u00e9partemental de Tir de lAllier \u00e9tait repr\u00e9sent\u00e9 par Daniel Guillot, Secr\u00e9taire G\u00e9n\u00e9ral, par d\u00e9l\u00e9gation du Pr\u00e9sident Jean-Pierre Chaulier, retenu par ailleurs. Toutes nos f\u00e9licitations au r\u00e9cipiendaire. Lhomosexualit\u00e9 fait partie des abominations selon un visiteur En Auvergne-Rh\u00f4ne-Alpes, comme sur tout le territoire national et international,..  <img decoding=\"async\" src=\"http:\/\/www.pageshalal.fr\/images\/image_0001.jpg\" alt=\"rencontre uoif 2012\" align=\"center\">  <img decoding=\"async\" src=\"http:\/\/spitonarat.com\/wp-content\/uploads\/2017\/06\/abs-playlist-a%CC%80-la-une-450x450.jpg\" alt=\"rencontre uoif 2012\" align=\"left\"> L\u00e9ducation aux m\u00e9dias et \u00e0 linformation, pr\u00e9sente dans tous les champs du savoir transmis aux \u00e9l\u00e8ves, est prise en charge par tous les enseignements. Tous les professeurs, dont les professeurs documentalistes, veillent collectivement \u00e0 ce que les enseignements dispens\u00e9s en cycle 4 assurent \u00e0 chaque \u00e9l\u00e8ve : Th\u00e8me 2 : Soci\u00e9t\u00e9, \u00c9glise et pouvoir politique dans loccident f\u00e9odal XIe-XVe si\u00e8cles C.I.E.U.X. De Paris 14\u00e8me, Maison des Associations de Paris 14\u00e8me, 22 rue Deparcieux, 75014 Paris Thierry COULOM-Adjoint au Maire de Nancy-Centriste-MoDem La rencontre annuelle des organisations islamiques de France a aussi son versant commer\u00e7ant. Certains soffusquent de lappellation foire musulmane donn\u00e9e au salon des expositions. Cr\u00e9dit photo : photo AFP.<\/p>\n","protected":false},"excerpt":{"rendered":"<p>rencontre uoif 2012<\/p>\n","protected":false},"author":1,"featured_media":0,"comment_status":"closed","ping_status":"closed","sticky":false,"template":"","format":"standard","meta":{"footnotes":""},"categories":[1],"tags":[],"_links":{"self":[{"href":"http:\/\/geodeta.gorzow.pl\/www\/wp-json\/wp\/v2\/posts\/8667"}],"collection":[{"href":"http:\/\/geodeta.gorzow.pl\/www\/wp-json\/wp\/v2\/posts"}],"about":[{"href":"http:\/\/geodeta.gorzow.pl\/www\/wp-json\/wp\/v2\/types\/post"}],"author":[{"embeddable":true,"href":"http:\/\/geodeta.gorzow.pl\/www\/wp-json\/wp\/v2\/users\/1"}],"replies":[{"embeddable":true,"href":"http:\/\/geodeta.gorzow.pl\/www\/wp-json\/wp\/v2\/comments?post=8667"}],"version-history":[{"count":1,"href":"http:\/\/geodeta.gorzow.pl\/www\/wp-json\/wp\/v2\/posts\/8667\/revisions"}],"predecessor-version":[{"id":8668,"href":"http:\/\/geodeta.gorzow.pl\/www\/wp-json\/wp\/v2\/posts\/8667\/revisions\/8668"}],"wp:attachment":[{"href":"http:\/\/geodeta.gorzow.pl\/www\/wp-json\/wp\/v2\/media?parent=8667"}],"wp:term":[{"taxonomy":"category","embeddable":true,"href":"http:\/\/geodeta.gorzow.pl\/www\/wp-json\/wp\/v2\/categories?post=8667"},{"taxonomy":"post_tag","embeddable":true,"href":"http:\/\/geodeta.gorzow.pl\/www\/wp-json\/wp\/v2\/tags?post=8667"}],"curies":[{"name":"wp","href":"https:\/\/api.w.org\/{rel}","templated":true}]}}