{"id":8671,"date":"2020-07-04T04:54:44","date_gmt":"2020-07-04T04:54:44","guid":{"rendered":"http:\/\/geodeta.gorzow.pl\/www\/?p=8671"},"modified":"2020-06-26T09:50:41","modified_gmt":"2020-06-26T09:50:41","slug":"rencontre-jeunesse-bonneuil","status":"publish","type":"post","link":"http:\/\/geodeta.gorzow.pl\/www\/2020\/07\/04\/rencontre-jeunesse-bonneuil\/","title":{"rendered":"Rencontre Jeunesse Bonneuil"},"content":{"rendered":"<p>Enfin, des questionnaires sont mis \u00e0 disposition des habitants. Le dossier du gonessien, consultable sur le site internet pr\u00e9sente tous les enjeux de lintercommunalit\u00e9. 22 novembre 2014, avec la diffusion dun film suivi 01 43 99 98 77 Num\u00e9ro international : 33 1 43 99 98 77 <img decoding=\"async\" src=\"http:\/\/www.more.wfcrimewatch.com\/upload\/news\/first\/5ad62d13072ca8.18714132.png\" alt=\"rencontre jeunesse bonneuil\" align=\"right\"> <img decoding=\"async\" src=\"http:\/\/www.oise.gouv.fr\/var\/pref60_site\/storage\/images\/actualites\/semaine-de-l-industrie-le-prefet-visite-l-entreprise-cornilleau-a-bonneuil-les-eaux\/170006-1-fre-FR\/Semaine-de-l-Industrie-Le-Prefet-visite-l-entreprise-Cornilleau-a-Bonneuil-les-Eaux_large.jpg\" alt=\"rencontre jeunesse bonneuil\" align=\"center\"> On est bien accompagn\u00e9 j appr\u00e9ci\u00e9 tous le monde, ils sont tous souriant. Super r\u00e9sidence Jeanne le 1 novembre 2019 \u00e0 23H5 Centre national de la fonction publique territoriale CNFPT-d\u00e9l\u00e9gation de la Seine-et-Marne-Nord 1, all\u00e9e des Commerces 77200 Torcy This left column is widget ready! Add one in the admin panel. Suite aux mesures mises en place par le gouvernement afin d\u00e9viter la propagation du virus SARS-COV-2, cet \u00e9v\u00e8nement est report\u00e9 au 27 juin 2020! ADIL proche de Bonneuil-sur-Marne Agence d\u00e9partementale dinformation sur le logement Adil-Val-de-Marne Pour d\u00e9fendre et promouvoir le cadre et la qualit\u00e9 de vie du quartier du Dr\u00e9au. Il sagit d.. Des jeux pr\u00eat\u00e9s par la de Grand Ch\u00e2tellerault et la \u00e9taient mis \u00e0 disposition du public. Pendant 4 semaines, chacun est venu jouer et d\u00e9couvrir de nouveaux jeux ou bien participer au puzzle collaboratif. La belle aventure&#8230; R\u00e9gis le 29 octobre 2019 \u00e0 20H30 Vous souhaitez occuper un job danimateur ou de directeur dans un s\u00e9jour de vacances ou un accueil de loisirs?   <img decoding=\"async\" src=\"http:\/\/ekladata.com\/LEO9lMiEY53ISSTyehp2wT3w6t8.jpg\" alt=\"rencontre jeunesse bonneuil\" align=\"center\">  Pour toute question compl\u00e9mentaire, l\u00e9quipe de lANEFA Poitou-Maritime reste \u00e0 votre \u00e9coute au 05 49 44 75 25. Personnel tr\u00e8s impliqu\u00e9 CHRISTIANE le 29 octobre 2019 \u00e0 13H24 laccueil temporaire ne peut exc\u00e9der 3 mois cumul\u00e9s, successifs ou non au cours dune ann\u00e9e civile. Dans les \u00e9tablissements priv\u00e9s, laccueil temporaire est souvent major\u00e9 denviron 10.<\/p>\n","protected":false},"excerpt":{"rendered":"<p>rencontre jeunesse bonneuil<\/p>\n","protected":false},"author":1,"featured_media":0,"comment_status":"closed","ping_status":"closed","sticky":false,"template":"","format":"standard","meta":{"footnotes":""},"categories":[1],"tags":[],"_links":{"self":[{"href":"http:\/\/geodeta.gorzow.pl\/www\/wp-json\/wp\/v2\/posts\/8671"}],"collection":[{"href":"http:\/\/geodeta.gorzow.pl\/www\/wp-json\/wp\/v2\/posts"}],"about":[{"href":"http:\/\/geodeta.gorzow.pl\/www\/wp-json\/wp\/v2\/types\/post"}],"author":[{"embeddable":true,"href":"http:\/\/geodeta.gorzow.pl\/www\/wp-json\/wp\/v2\/users\/1"}],"replies":[{"embeddable":true,"href":"http:\/\/geodeta.gorzow.pl\/www\/wp-json\/wp\/v2\/comments?post=8671"}],"version-history":[{"count":1,"href":"http:\/\/geodeta.gorzow.pl\/www\/wp-json\/wp\/v2\/posts\/8671\/revisions"}],"predecessor-version":[{"id":8672,"href":"http:\/\/geodeta.gorzow.pl\/www\/wp-json\/wp\/v2\/posts\/8671\/revisions\/8672"}],"wp:attachment":[{"href":"http:\/\/geodeta.gorzow.pl\/www\/wp-json\/wp\/v2\/media?parent=8671"}],"wp:term":[{"taxonomy":"category","embeddable":true,"href":"http:\/\/geodeta.gorzow.pl\/www\/wp-json\/wp\/v2\/categories?post=8671"},{"taxonomy":"post_tag","embeddable":true,"href":"http:\/\/geodeta.gorzow.pl\/www\/wp-json\/wp\/v2\/tags?post=8671"}],"curies":[{"name":"wp","href":"https:\/\/api.w.org\/{rel}","templated":true}]}}