{"id":8715,"date":"2020-07-04T12:41:13","date_gmt":"2020-07-04T12:41:13","guid":{"rendered":"http:\/\/geodeta.gorzow.pl\/www\/?p=8715"},"modified":"2020-06-26T11:43:30","modified_gmt":"2020-06-26T11:43:30","slug":"rencontre-meisenthal","status":"publish","type":"post","link":"http:\/\/geodeta.gorzow.pl\/www\/2020\/07\/04\/rencontre-meisenthal\/","title":{"rendered":"Rencontre Meisenthal"},"content":{"rendered":"<p>La maison de Cindy \u00e9tait tr\u00e8s agr\u00e9able, un petit cocon de verdure et de calme. La d\u00e9coration int\u00e9rieure est tr\u00e8s soign\u00e9e et invite \u00e0 la d\u00e9tente, la literie \u00e9tait tr\u00e8s bonne et Cindy a \u00e9t\u00e9 tr\u00e8s disponible. Merci pour cette nuit. Jai alors approfondi mes connaissances dans lhistoire du verre en faisant des recherches, par curiosit\u00e9 et afin dam\u00e9liorer les explications relatives \u00e0 mon animation. Vous y trouverez uniquement de lartisanat et des d\u00e9corations typiques de cette p\u00e9riode ; jeux et jouets en bois, bijoux, v\u00eatements chauds, luminions, d\u00e9corations en c\u00e9ramique, mais aussi cr\u00e8ches, boules de No\u00ebl, ou encore bougies,  Cet \u00e9t\u00e9, le Site Verrier de Meisenthal invite les enfants et leurs familles \u00e0 venir partager un moment unique et convivial! animation jeux \u00e0 Meisenthal-Album photos-DeOtenbAs <img decoding=\"async\" src=\"http:\/\/www.certiferme.com\/blog\/imgs\/articles\/blog-702-l-aventure-des-boules-de-noel-de-meisenthal-21-decembre-2015-100116213647-3417716353.jpg\" alt=\"rencontre meisenthal\" align=\"left\"> Noublions pas laspect du jeu, du plaisir, de la beaut\u00e9, de la communication, \u00e9changer, apprendre en travaillant ensemble. <img decoding=\"async\" src=\"http:\/\/p9.storage.canalblog.com\/97\/86\/1129724\/93860436_o.jpg\" alt=\"rencontre meisenthal\" align=\"left\">  Communaut\u00c3 de Commune du Pays du Verre et du Cristal En ce dimanche 22 juillet 2018, nous nous sommes rendus dans le pittoresque village.. Nous avons passer un exelent sejour chez eliane et alain tout etais la il on meme penc\u00e9 au calendrier de lavent pour la grande de 6 ans et au sapin lit parapluis et chaise haute pour la plus petite apartement plus grand que se que je pensait bien agence supert literie ces avec plaisir que nous reviendrons dans cette apartement de tout les arbnb que jai pu faire ceului si et le meilleur je recomande sans hesiter Ce travail pourra \u00e9ventuellement aboutir \u00e0 la r\u00e9alisation dune enqu\u00eate sur la provenance des publics qui fr\u00e9quentent la Halle Verri\u00e8re, \u00e9tude qui sera men\u00e9e sur 2 \u00e0 3 ans, en fonction des \u00e9l\u00e9ments recueillis. La naissance dune telle tradition au c\u0153ur des Vosges du Nord ne doit rien au hasard. En effet, cette r\u00e9gion poss\u00e8de en abondance toutes les ressources indispensables au d\u00e9veloppement dune activit\u00e9 verri\u00e8re : le gr\u00e8s argileux n\u00e9cessaire \u00e0 la fabrication des \u00e9tuves pour la fusion des mat\u00e9riaux, le sable silice et la potasse cendres de bruy\u00e8res et de foug\u00e8res qui entrent dans la composition du verre, et enfin le bois, combustible pour alimenter les fours. 24-07-2017-Atelier de dessin collaboratif : socialsketch fait partie r\u00e9seau de 3 sites verriers dexception. En exclusivit\u00e9, d\u00e9couvrez les fameuses Boules de No\u00ebl de Meisenthal salle de concert Actuellement : mise \u00c3 disposition de la Salle Communale 150 \u00c3 600 personnes apr\u00c3s r\u00c3habilitation : construction dune SMAC salle de spectacle 650 \u00c3 1500 personnes <img decoding=\"async\" src=\"http:\/\/zut-magazine.com\/wp-content\/uploads\/2018\/05\/ZUT_WEB_StephanBalkenhol_portrait3_photo-HenriVogt.jpg\" alt=\"rencontre meisenthal\" align=\"left\"> 2012 Exposition Meisenthal le feu sacr\u00e9 au Grand Hornu Belgique Jusquau 31 octobre tous les jours sauf le mardi : 14h 18h PENSEZ A VOUS! PRENEZ VOTRE VIE EN MAIN! Le temps passe, les mois, les ann\u00e9es. Ne regrettez pas de navoir rien fait pour sortir de cette solitude. Sachez que laisser faire le hasard, cest prendre le risque de ne jamais trouver!  Ou le rapport entre lobjet suspendu quel que soit son poids et sa taille et lombre port\u00e9e. Initi\u00e9 par le regard pos\u00e9 sur un monotype le sous-marin, ce suspens fut dabord cr\u00e9\u00e9 avec de simples aiguilles dispos\u00e9es sous lobjet tasseau, ski puis avec de mini supports de verre quasi invisibles chaise ou mobilier suspendus lors dexpositions, mais aussi en travaillant des photographies falaise dEtretat Jai un bon contact avec les petits, je suis patiente, souriante, a l\u00e9coute des besoins des enfants, jai mon dipl\u00f4me de s\u00e9curit\u00e9 au travail ou lon ma appris les gestes de secours du nourrisson \u00e0 ladulte. Je recherche une personne entre 30 et 40 ans pour une relation s\u00e9rieuse. Homme,,,,,,,,,,,, 23-07-2016-Exposition : La femme chang\u00e9e en renard.<\/p>\n","protected":false},"excerpt":{"rendered":"<p>rencontre meisenthal<\/p>\n","protected":false},"author":1,"featured_media":0,"comment_status":"closed","ping_status":"closed","sticky":false,"template":"","format":"standard","meta":{"footnotes":""},"categories":[1],"tags":[],"_links":{"self":[{"href":"http:\/\/geodeta.gorzow.pl\/www\/wp-json\/wp\/v2\/posts\/8715"}],"collection":[{"href":"http:\/\/geodeta.gorzow.pl\/www\/wp-json\/wp\/v2\/posts"}],"about":[{"href":"http:\/\/geodeta.gorzow.pl\/www\/wp-json\/wp\/v2\/types\/post"}],"author":[{"embeddable":true,"href":"http:\/\/geodeta.gorzow.pl\/www\/wp-json\/wp\/v2\/users\/1"}],"replies":[{"embeddable":true,"href":"http:\/\/geodeta.gorzow.pl\/www\/wp-json\/wp\/v2\/comments?post=8715"}],"version-history":[{"count":1,"href":"http:\/\/geodeta.gorzow.pl\/www\/wp-json\/wp\/v2\/posts\/8715\/revisions"}],"predecessor-version":[{"id":8716,"href":"http:\/\/geodeta.gorzow.pl\/www\/wp-json\/wp\/v2\/posts\/8715\/revisions\/8716"}],"wp:attachment":[{"href":"http:\/\/geodeta.gorzow.pl\/www\/wp-json\/wp\/v2\/media?parent=8715"}],"wp:term":[{"taxonomy":"category","embeddable":true,"href":"http:\/\/geodeta.gorzow.pl\/www\/wp-json\/wp\/v2\/categories?post=8715"},{"taxonomy":"post_tag","embeddable":true,"href":"http:\/\/geodeta.gorzow.pl\/www\/wp-json\/wp\/v2\/tags?post=8715"}],"curies":[{"name":"wp","href":"https:\/\/api.w.org\/{rel}","templated":true}]}}