{"id":8765,"date":"2020-07-04T01:46:15","date_gmt":"2020-07-04T01:46:15","guid":{"rendered":"http:\/\/geodeta.gorzow.pl\/www\/?p=8765"},"modified":"2020-06-26T14:53:39","modified_gmt":"2020-06-26T14:53:39","slug":"rencontres-avec-x-france-inter","status":"publish","type":"post","link":"http:\/\/geodeta.gorzow.pl\/www\/2020\/07\/04\/rencontres-avec-x-france-inter\/","title":{"rendered":"Rencontres Avec X France Inter"},"content":{"rendered":"<p>Ladjoint \u00e0 la Culture de Paris, Christophe Girard, vient de lancer un appel \u00e0 projets pour sa nouvelle cr\u00e9ation..  ven. 05 juin 2020 22:58 Dominique A, Olivia Ruiz, Albin De La Simone, Voyou, Magenta et Sopico Dur\u00e9e : 01:50:11 sam. 16 mai 2020 06:18 Jacline Mouraud, premi\u00e8re figure num\u00e9rique et m\u00e9diatique des gilets jaunes Dur\u00e9e : 00:07:47 Le Burkina Faso a enregistr\u00e9 ce lundi ses deux premiers cas de coronavirus, a indiqu\u00e9 le ministre de la Sant\u00e9. Cest le sixi\u00e8me pays subsaharien \u00e0 d\u00e9tecter des cas de Covid-19 Mer. 27 mai 2020 14:30 Ardente Fran\u00e7oise Hardy Dur\u00e9e : 00:26:02 Exemple parmi de nombreuses \u00e9missions de La Cha\u00eene parlementaire copr\u00e9sent\u00e9es par un duo de journalistes : au d\u00e9but de la collection Kathia Gilder et, remplac\u00e9e en 2005 par Perrine Tarneaud ou Caroline Delage ; \u00e0 partir de 2007 tour \u00e0 tour par Sophie Nivelle-Cardinale, Marie-Laetitia Bouriez, ; enfin, apr\u00e8s 2008, souvent un duo mixte entre Aude Moracchini, Marion Lefebvre-Becker, Kathia Gilder, Oriane Mancini, et Emmanuel Kessler, puis Micha\u00ebl Szames et Thibault Henocque. Reportage produit par Marie-France Briselance pour FR3 Lyon : Lucie Leduc, scripte, pr\u00e9sente son m\u00e9tier \u00e0 loccasion dun tournage avec la r\u00e9alisatrice Marie-H\u00e9l\u00e8ne Rebois Sam. 30 mai 2020 17:57 Quand la musique se boit! 1-Les boissons chaudes Dur\u00e9e : 00:54:36 Derni\u00e8res news, indiscr\u00e9tions.. Chaque semaine ne manquez rien de lactualit\u00e9 Plus Belle la Vie. Publi\u00e9 le par Patrick Pesnot : Rendez-vous avec X? Le premier ministre italien a annonc\u00e9 linterdiction de se rassembler dans lensemble du pays. Le championnat de football est suspendu., JT Nuit, jou. Fran\u00e7ois Loncle, 1 e ch, 2 mars 1967, 214 , une \u00e9mission quotidienne pr\u00e9sent\u00e9e par puis par, qui \u00e9voque des sujets touchant au quotidien des Fran\u00e7ais et notamment guide les auditeurs \u00e0 travers les pi\u00e8ges de la consommation et sur les chemins de la consommation alternative <img decoding=\"async\" src=\"http:\/\/3.bp.blogspot.com\/-QF3S7Ag6UtU\/Wb_3WvcnFoI\/AAAAAAAAB-0\/1aOerMYYkwkFDFv4lfit8MJINRpSfvEvACK4BGAYYCw\/s1600\/COUV%2BGUERIS%2BtOItm.jpg\" alt=\"rencontres avec x france inter\" align=\"left\">  mar. 12 mai 2020 08:19 Ta\u00efwan lOMS : bataille diplomatique au temps du coronavirus Dur\u00e9e : 00:02:58 Le r\u00e9pondeur confinement maviedeconfin\u00e9 ouvert 24h24 au 01 56 40 68 68 <img decoding=\"async\" src=\"http:\/\/www.lassautdelamenuiserie.com\/wp-content\/uploads\/2017\/10\/D%C3%A9sorceler-la-finance-8.jpg\" alt=\"rencontres avec x france inter\" align=\"center\"> Choose a return date matching the format ddmmyyyy Et bien moi, \u00e0 peine 50 ans, si je dois \u00eatre un vieux pour vous, je peux bien vous le dire : votre radio, vous lavez sabord\u00e9e, elle est devenue inaudible, nulle!!! Le si\u00e8ge de France Inter est situ\u00e9 dans un immeuble \u00e0 proximit\u00e9 de la, au 1721 avenue du G\u00e9n\u00e9ral Mangin dans le de. \u00c9missions s\u00e9tait d\u00e9j\u00e0 \u00e9croul\u00e9 de 7,29 et le Nasdaq, \u00e0 forte coloration technologique, jeu. 04 juin 2020 03:56 Marseille : les truands et la politique 22 Dur\u00e9e : 00:37:18 <img decoding=\"async\" src=\"http:\/\/www.lillemetropole.fr\/files\/live\/sites\/lmcu\/files\/images\/ACTUALITES\/SPORTS\/UEFA_EURO%201.jpg\" alt=\"rencontres avec x france inter\" align=\"center\">.<\/p>\n","protected":false},"excerpt":{"rendered":"<p>rencontres avec x france inter<\/p>\n","protected":false},"author":1,"featured_media":0,"comment_status":"closed","ping_status":"closed","sticky":false,"template":"","format":"standard","meta":{"footnotes":""},"categories":[1],"tags":[],"_links":{"self":[{"href":"http:\/\/geodeta.gorzow.pl\/www\/wp-json\/wp\/v2\/posts\/8765"}],"collection":[{"href":"http:\/\/geodeta.gorzow.pl\/www\/wp-json\/wp\/v2\/posts"}],"about":[{"href":"http:\/\/geodeta.gorzow.pl\/www\/wp-json\/wp\/v2\/types\/post"}],"author":[{"embeddable":true,"href":"http:\/\/geodeta.gorzow.pl\/www\/wp-json\/wp\/v2\/users\/1"}],"replies":[{"embeddable":true,"href":"http:\/\/geodeta.gorzow.pl\/www\/wp-json\/wp\/v2\/comments?post=8765"}],"version-history":[{"count":1,"href":"http:\/\/geodeta.gorzow.pl\/www\/wp-json\/wp\/v2\/posts\/8765\/revisions"}],"predecessor-version":[{"id":8766,"href":"http:\/\/geodeta.gorzow.pl\/www\/wp-json\/wp\/v2\/posts\/8765\/revisions\/8766"}],"wp:attachment":[{"href":"http:\/\/geodeta.gorzow.pl\/www\/wp-json\/wp\/v2\/media?parent=8765"}],"wp:term":[{"taxonomy":"category","embeddable":true,"href":"http:\/\/geodeta.gorzow.pl\/www\/wp-json\/wp\/v2\/categories?post=8765"},{"taxonomy":"post_tag","embeddable":true,"href":"http:\/\/geodeta.gorzow.pl\/www\/wp-json\/wp\/v2\/tags?post=8765"}],"curies":[{"name":"wp","href":"https:\/\/api.w.org\/{rel}","templated":true}]}}