{"id":8771,"date":"2020-07-04T18:42:26","date_gmt":"2020-07-04T18:42:26","guid":{"rendered":"http:\/\/geodeta.gorzow.pl\/www\/?p=8771"},"modified":"2020-06-26T14:59:53","modified_gmt":"2020-06-26T14:59:53","slug":"rencontre-internationale-des-jeunes-2010","status":"publish","type":"post","link":"http:\/\/geodeta.gorzow.pl\/www\/2020\/07\/04\/rencontre-internationale-des-jeunes-2010\/","title":{"rendered":"Rencontre Internationale Des Jeunes 2010"},"content":{"rendered":"<p>Rejoignez l\u00e9quipe de la 42e \u00e9dition de CIN\u00c9MA DU R\u00c9EL! Nous sommes \u00e0 la recherche des futurs b\u00e9n\u00e9voles qui formeront l\u00e9quipe aguerrie et motiv\u00e9e de la prochaine \u00e9dition de Cin\u00e9ma du r\u00e9el qui se tiendra du 13 au 22.. Avec pour th\u00e9matique La photographie, le r\u00e9v\u00e9lateur de sentiments, cette \u00e9dition 2010, dont le jury est compos\u00e9 de la photographe Isabel Mu\u00f1oz \u00e9galement marraine de l\u00e9v\u00e9nement, du commissaire dexposition Alain Mingam et de Brigitte et Edouard Genestar de Polka Galerie, a d\u00e9sign\u00e9 Fran\u00e7ois-R\u00e9gis Durand comme laur\u00e9at de ce Grand Prix SFR Jeunes Talents Photo 2010. Le photographe fait \u00e9galement partie des quatre laur\u00e9ats du prix SFR Jeunes Talents s\u00e9lectionn\u00e9s pour \u00eatre expos\u00e9s \u00e0 la galerie SFR Jeunes Talents \u00e0 Arles. Son prix lui sera remis le 9 juillet sur place en pr\u00e9sence des dirigeants de SFR, dIsabel Mu\u00f1oz, des parrains de SFR Jeunes Talents Photo dont Alain Mingam, et Fran\u00e7ois H\u00e9bel, directeur des Rencontres dArles. Les p\u00e9pites de lIUT poursuivent leur parcours en beaut\u00e9. En cliquant sur Continuer \u00e0 lire ici et en vous assurant que vous \u00eates la seule personne \u00e0 consulter Le Monde avec ce compte. Fin f\u00e9vrier, les partenaires ont donc con\u00e7u un montage de projet collectif avec 6 jeunes en service civique dont 3 mis \u00e0 disposition aupr\u00e8s de lassociation Vert le jardin et 3 jeunes mis \u00e0 disposition aupr\u00e8s de lassociation des Compagnons b\u00e2tisseurs en lien avec la Mission locale. Le Chantier Rue St Malo avec les qu\u00e9b\u00e9cois fut int\u00e9gr\u00e9 \u00e0 un dispositif dengagement de service civique sur une dur\u00e9e de 6 mois. PEACE e inau gur \u00f3 e l encuentro internacional de per iodis tas sobre.. Vous avez entre 14 et 16 ans et vous souhaitez apprendre \u00e0 danser? Le Conservatoire \u00e0 Rayonnement R\u00e9gional de Metz M\u00e9tropole vous propose dint\u00e9grer son d\u00e9partement des \u00e9tudes chor\u00e9graphiques. Avec pr\u00e8s de 400 participants attendus, ces rencontres, les premi\u00e8res du genre, vont permettre de porter un regard nouveau sur la jeunesse marocaine et de mettre en valeur lengagement civique, associatif, artistique et \u00e9conomique des nouvelles g\u00e9n\u00e9rations. Ecole d\u00e9t\u00e9 CEA-EDF-INRIA Model reduction and reduced basis, \u00e0 Saint Lambert des Bois-4\u00e8me rencontre Math\u00e9matique-Industrie Math\u00e9maticiens et Chercheurs d\u00e9battent sur la Mod\u00e9lisation dans le secteur agro-alimentaire \u00e0 lIHP-Professeur de musique de chambre au Conservatoire National Sup\u00e9rieur de Musique et de Danse de Paris Admo, N 2010. Lapproche cognitivo-comportementale. Centre de r\u00e9insertion des jeunes GAMPELA. Burkina Faso. 31 mai 2010. LUniversit\u00e9 de Corse et le CNRS organisent les 1 et 2 avril 2010 les 2\u00e8mes Rencontres JeunesChercheurs. Pour cette seconde \u00e9dition, 300 \u00e9l\u00e8ves des classes de premi\u00e8re et de terminale de tous les lyc\u00e9es de Corse sont invit\u00e9s \u00e0 dialoguer avec des scientifiques sp\u00e9cialistes de domaines vari\u00e9s. Au cours de ces journ\u00e9es, lUniversit\u00e9 repr\u00e9sentera un espace d\u00e9change, de d\u00e9couverte et de libre expression autour de ph\u00e9nom\u00e8nes majeurs qui r\u00e9gissent la soci\u00e9t\u00e9 ou qui sont susceptibles den dessiner les contours futurs. Agenda de Dominique Gros, Maire de Metz-du 2 au 5 novembre 2010. <img decoding=\"async\" src=\"http:\/\/batik-international.org\/data\/batik\/media\/RA-2010.png\" alt=\"rencontre internationale des jeunes 2010\" align=\"center\"> <img decoding=\"async\" src=\"http:\/\/musette.free.fr\/stchart\/images\/2010\/piliers21.jpg\" alt=\"rencontre internationale des jeunes 2010\" align=\"left\">   <img decoding=\"async\" src=\"http:\/\/www.mjs.gov.ma\/sites\/default\/files\/article\/image\/jl0a1635.jpg\" alt=\"rencontre internationale des jeunes 2010\" align=\"left\"> Agenda de Dominique Gros, Maire de Metz-du 17 au 26 septembre 2010. Ils sont quinze, venus dun peu partout en France. Ils sont en vacances et partent \u00e0 la d\u00e9couverte de la grande.. Base pour une dern i\u00e8 r e rencontre internationale d e haut niveau politique.. Les 9 et 23 novembre 2010 12\u00e8me CONCOURS GRAND PRIX ANIMATO Analytical and Numerical Advances Around Schr\u00f6dinger Equations, \u00e0 Toulouse-Covid-19 et les agences : Rencontre avec Pauline Sain, Directrice de Magnum Photos Paris-9 Lives Magazine Ce forum sera suivi dun s\u00e9minaire dinformation sur la 37e session de la Conf\u00e9rence g\u00e9n\u00e9rale de lUNESCO. Il sera organis\u00e9 en \u00e9troite collaboration avec le Comit\u00e9 de liaison..  09.30 11.00 Formation : La d\u00e9fense de nos quartiers : marchandisation, sp\u00e9culation et logements \u00c0 confirmer : Rebeca Mart\u00ednez, Jes\u00fas Rodriguez, Jaime Palomera, Felice Mometti Workshop oh high order numerical methods for evolutionary PDEs, HONOM 2019, at Madrid Spain-.<\/p>\n","protected":false},"excerpt":{"rendered":"<p>rencontre internationale des jeunes 2010<\/p>\n","protected":false},"author":1,"featured_media":0,"comment_status":"closed","ping_status":"closed","sticky":false,"template":"","format":"standard","meta":{"footnotes":""},"categories":[1],"tags":[],"_links":{"self":[{"href":"http:\/\/geodeta.gorzow.pl\/www\/wp-json\/wp\/v2\/posts\/8771"}],"collection":[{"href":"http:\/\/geodeta.gorzow.pl\/www\/wp-json\/wp\/v2\/posts"}],"about":[{"href":"http:\/\/geodeta.gorzow.pl\/www\/wp-json\/wp\/v2\/types\/post"}],"author":[{"embeddable":true,"href":"http:\/\/geodeta.gorzow.pl\/www\/wp-json\/wp\/v2\/users\/1"}],"replies":[{"embeddable":true,"href":"http:\/\/geodeta.gorzow.pl\/www\/wp-json\/wp\/v2\/comments?post=8771"}],"version-history":[{"count":1,"href":"http:\/\/geodeta.gorzow.pl\/www\/wp-json\/wp\/v2\/posts\/8771\/revisions"}],"predecessor-version":[{"id":8772,"href":"http:\/\/geodeta.gorzow.pl\/www\/wp-json\/wp\/v2\/posts\/8771\/revisions\/8772"}],"wp:attachment":[{"href":"http:\/\/geodeta.gorzow.pl\/www\/wp-json\/wp\/v2\/media?parent=8771"}],"wp:term":[{"taxonomy":"category","embeddable":true,"href":"http:\/\/geodeta.gorzow.pl\/www\/wp-json\/wp\/v2\/categories?post=8771"},{"taxonomy":"post_tag","embeddable":true,"href":"http:\/\/geodeta.gorzow.pl\/www\/wp-json\/wp\/v2\/tags?post=8771"}],"curies":[{"name":"wp","href":"https:\/\/api.w.org\/{rel}","templated":true}]}}