{"id":8839,"date":"2020-07-04T14:06:48","date_gmt":"2020-07-04T14:06:48","guid":{"rendered":"http:\/\/geodeta.gorzow.pl\/www\/?p=8839"},"modified":"2020-06-26T18:57:30","modified_gmt":"2020-06-26T18:57:30","slug":"benin-rencontre","status":"publish","type":"post","link":"http:\/\/geodeta.gorzow.pl\/www\/2020\/07\/04\/benin-rencontre\/","title":{"rendered":"Benin Rencontre"},"content":{"rendered":"<p>Sidan du f\u00f6rs\u00f6ker ni finns inte, d\u00e5 sidan nyligen uppdaterades kan l\u00e4nkstrukturen ha \u00e4ndrats. Titta i listan nedanf\u00f6r om sidan du s\u00f6ker finns l\u00e4nkad d\u00e4r. En ce soir du 26 novembre, mon t\u00e9l\u00e9phone sonne. Cest Mme Giovanetti qui mappelle pour discuter. Elle fait suite \u00e0 ma demande de lui rendre visite au si\u00e8ge de son association qui m\u00e8ne des actions au B\u00e9nin. Des personnes comme Mme Giovanetti, pour une raison ou pour une autre, jen croise de plus en plus. Certainement parce que leur nombre ne cesse de cro\u00eetre et leurs domaines dintervention de s\u00e9largir. Certaines interviennent dans l\u00e9ducation, dautres dans la sant\u00e9 ou encore dans la formation. Il y a quelques jours, on a \u00e9t\u00e9 mis en contact gr\u00e2ce \u00e0 une connaissance commune. Je leur avais promis de passer les voir \u00e0 leur si\u00e8ge \u00e0 Fontaine, une ville \u00e0 louest de Grenoble. Ils \u00e9taient heureux de trouver une b\u00e9ninoise \u00e0 Grenoble qui sint\u00e9resse \u00e0 leurs activit\u00e9s et moi, j\u00e9tais curieuse de savoir ce quils font depuis 5 ans au B\u00e9nin et quelles sont leurs motivations. En fait, je crois quau fond de moi, je cherchais cette source despoir qui allait me permettre de penser un avenir meilleur pour mon pays parce que derni\u00e8rement je d\u00e9sesp\u00e8re. Larri\u00e8re-ailier nig\u00e9rian 27 ans, 1,96m, qui sest forg\u00e9 principalement en G-League, sest engag\u00e9 avec le club..  Vous recherchez votre \u00e2me soeur au B\u00e9nin, un homme ou une femme c\u00e9libataire qui vit au B\u00e9nin, <img decoding=\"async\" src=\"http:\/\/revmikewilliams.org\/img\/86bbad6a8deb902543f790449a07cb24.jpg\" alt=\"benin rencontre\" align=\"right\"> Gr\u00e2ce \u00e0 nos diff\u00e9rents contacts sur place guides, interpr\u00e8tes, amis et membres du gouvernement, nous pourrons mener \u00e0 bien notre mission et proposer un projet de qualit\u00e9 tant sur le fond que sur la forme. Erik, qui est b\u00e9ninois, allait jusqu\u00e0 dire quil faudrait arr\u00eater toute forme daide, que ce soit au niveau individuel ou des \u00e9tats, car cela provoque un cercle vicieux de domination entra\u00eenant certains dans une forme dassistanat et surtout de non respect de ce qui a \u00e9t\u00e9 acquis sans travail. Les b\u00e9ninois ne meurent pas de faim, alors inutile de nous aider. Un discours tr\u00e8s tranch\u00e9, mais que je peux comprendre et m\u00e9rite r\u00e9flexion. B\u00e9nin : rencontre patrice talon avec partis politiques nayant pas leurs certificats de conformit\u00e9-Vid\u00e9o Dailymotion <img decoding=\"async\" src=\"http:\/\/archive.santegidio.org\/immagini\/varie\/comunita-di-sant-egidio-peace-is-the-future-benin-2014-02.jpg\" alt=\"benin rencontre\" align=\"center\"> Autoplay When autoplay is enabled, a suggested video will automatically play next. Le budget de 1900 euros se r\u00e9partit de la fa\u00e7on suivante : <img decoding=\"async\" src=\"http:\/\/img.over-blog-kiwi.com\/0\/93\/22\/15\/20160419\/ob_eb51e7_yayitalon2.jpg\" alt=\"benin rencontre\" align=\"left\">  Le masque doit couvrir aussi bien la bouche, le nez et le menton; appliquez-le de fa\u00e7on \u00e0 lajuster au mieux sur votre visage et v\u00e9rifier labsence de jet dair dans les yeux lors dune expiration forte.  Enregistrer mon nom, email, et le site dans le navigateur pour la prochaine fois que je vais commenter. Cest dans ta tete que le Benin est le plus pauvre et selon un certain classement. Moi, je vois tant de potentialites, denormes potentialites. Le singapour nest pas grand en superficie, et pourtant, il a surpris le monde en quelques annees seulement. Le principal objectif est de circonscrire la maladie dans une sph\u00e8re g\u00e9ographique pr\u00e9cise afin de limiter la prolif\u00e9ration des foyers. Par la mise en place dun cordon sanitaire, on emp\u00eache la propagation de la maladie dans les zones suppos\u00e9es non encore touch\u00e9es. Encore dautres informations pratiques et plus de renseignements sur le site Comment le num\u00e9rique peut avoir un impact positif sur les diff\u00e9rents stades des pand\u00e9mies?. Cest la question \u00e0 laquelle ont r\u00e9pondu les \u00e9tudiants dEpitech Lyon lors dun Hackathon anti-pand\u00e9mie organis\u00e9 du 11 au 20 mai 2020. 30 participants r\u00e9partis en 7 \u00e9quipes ont eu une semaine pour imaginer et prototyper des solutions technologiques sur 3 phases : Pendant la pand\u00e9mie, en apportant leur aide au personnel de sant\u00e9 ; Apr\u00e8s.<\/p>\n","protected":false},"excerpt":{"rendered":"<p>benin rencontre<\/p>\n","protected":false},"author":1,"featured_media":0,"comment_status":"closed","ping_status":"closed","sticky":false,"template":"","format":"standard","meta":{"footnotes":""},"categories":[1],"tags":[],"_links":{"self":[{"href":"http:\/\/geodeta.gorzow.pl\/www\/wp-json\/wp\/v2\/posts\/8839"}],"collection":[{"href":"http:\/\/geodeta.gorzow.pl\/www\/wp-json\/wp\/v2\/posts"}],"about":[{"href":"http:\/\/geodeta.gorzow.pl\/www\/wp-json\/wp\/v2\/types\/post"}],"author":[{"embeddable":true,"href":"http:\/\/geodeta.gorzow.pl\/www\/wp-json\/wp\/v2\/users\/1"}],"replies":[{"embeddable":true,"href":"http:\/\/geodeta.gorzow.pl\/www\/wp-json\/wp\/v2\/comments?post=8839"}],"version-history":[{"count":1,"href":"http:\/\/geodeta.gorzow.pl\/www\/wp-json\/wp\/v2\/posts\/8839\/revisions"}],"predecessor-version":[{"id":8840,"href":"http:\/\/geodeta.gorzow.pl\/www\/wp-json\/wp\/v2\/posts\/8839\/revisions\/8840"}],"wp:attachment":[{"href":"http:\/\/geodeta.gorzow.pl\/www\/wp-json\/wp\/v2\/media?parent=8839"}],"wp:term":[{"taxonomy":"category","embeddable":true,"href":"http:\/\/geodeta.gorzow.pl\/www\/wp-json\/wp\/v2\/categories?post=8839"},{"taxonomy":"post_tag","embeddable":true,"href":"http:\/\/geodeta.gorzow.pl\/www\/wp-json\/wp\/v2\/tags?post=8839"}],"curies":[{"name":"wp","href":"https:\/\/api.w.org\/{rel}","templated":true}]}}