{"id":8851,"date":"2020-07-04T09:37:54","date_gmt":"2020-07-04T09:37:54","guid":{"rendered":"http:\/\/geodeta.gorzow.pl\/www\/?p=8851"},"modified":"2020-06-26T19:26:50","modified_gmt":"2020-06-26T19:26:50","slug":"rencontre-tgv","status":"publish","type":"post","link":"http:\/\/geodeta.gorzow.pl\/www\/2020\/07\/04\/rencontre-tgv\/","title":{"rendered":"Rencontre Tgv"},"content":{"rendered":"<p>Liens utiles Aide Conditions dUtilisation Conditions de Vente Annuaire des Gares Annuaire des Compagnies widgets Toutes les informations et tous les textes affich\u00e9s sur ce site Contenu appartiennent \u00e0 leurs propri\u00e9taires respectifs. Ce Contenu est fourni tel quel et vous lutilisez \u00e0 vos propres risques. Nous nassumons aucune responsabilit\u00e9 quant \u00e0 lexactitude, lexhaustivit\u00e9 ou la mise \u00e0 jour des informations. Pour toute mati\u00e8re concernant le site ou son utilisation y compris tout litige \u00e9ventuel, seule la loi belge sera applicable et seuls les tribunaux de Bruxelles seront comp\u00e9tents.  Agissez comme vous croirez en vous! Votre intuition va vous conseiller de vivre de belles et profondes gu\u00e9risons : s\u00e9veiller, laisser partir le pass\u00e9, faire de la place pour le nouveau. Le meilleur sera \u00e0 venir! Jai \u00e9t\u00e9 bluff\u00e9 par la puissance de lintelligence collective.  Rappel : port du masque et attestation de lemployeur en heures de pointe sont obligatoires. Nous recommandons aussi aux personnes sensibles ou fragiles de rester autant que possible \u00e0 leur domicile. 1 objets sont disponibles. Saisissez un chiffre inf\u00e9rieur ou \u00e9gal \u00e0 1. S\u00e9baucher dans le groupe ferroviaire selon des membres des syndicats Lactivit\u00e9 Fret transport et logistique a ensuite \u00e9t\u00e9 pr\u00e9sent\u00e9e par SNCF Logistics int\u00e9gr\u00e9e \u00e0 lEPIC SNCF Mobilit\u00e9 : Ce volet comprend la messagerie, la commission de transport, la logistique, ainsi que les transports, y compris ferroviaires, de marchandises. Nous avons pr\u00e9vu de nouvelles r\u00e9unions, mais pour linstant ce ne sont que des promesses. Vous \u00eates sympathisant? Militant? Des contenus pour vous, en interaction avec la CGT. Ici, nh\u00e9sitez pas \u00e0 cliquer, r\u00e9pondre aux sondages, consulter nos mat\u00e9riels militants, et pourquoi pas rejoindre la CGT! Bonjour, La presse se d\u00e9cha\u00eene: La LGV en passe d\u00eatre abandonn\u00e9e. Les commer\u00e7ants du march\u00e9 de Biganos accueillent tous les dimanches matin sous les halles du centre-ville. Depuis le 7 juin, les conditions dacc\u00e8s ont \u00e9t\u00e9 modifi\u00e9es : le march\u00e9 est d\u00e9sormais ouvert et accessible sans plan de circulation sp\u00e9cifique. Le Caf\u00e9 du March\u00e9 rouvre de nouveau quant \u00e0 lui avec un espace r\u00e9serv\u00e9. Pour Cloudflare Ray ID: 5a252cfb199ec60d Your IP: 111.88.178.132 Performance security by  Rencontr\u00e9 un homme charmant chez Monprix hier : ya un site pour \u00e7a?? :Smiley_39: <img decoding=\"async\" src=\"http:\/\/p0.storage.canalblog.com\/04\/80\/202733\/106887187_o.jpg\" alt=\"rencontre tgv\" align=\"right\"> Nous avons parl\u00e9 de la vie, de la mort, de lamour, mais aussi de la barbarie humaine. Il revenait en effet dun p\u00e9lerinage au mus\u00e9e dAuschwitz. Il avait tenu \u00e0 voir pour t\u00e9moigner. Il pensait que c\u00e9tait notre seule possibilit\u00e9 pour essayer que de telles atrocit\u00e9s ne se reproduisent plus. Il \u00e9manait de lui un telle s\u00e9r\u00e9nit\u00e9, une telle bont\u00e9 que je men sentais tout impr\u00e9gn\u00e9e. Conform\u00e9ment \u00e0 la loi informatique et libert\u00e9s du 6 janvier 1978 modifi\u00e9e en 2004, vous b\u00e9n\u00e9ficiez dun droit dacc\u00e8s et de rectification aux informations qui vous concernent. MERCATO-Selon la presse espagnole, le lat\u00e9ral gauche fran\u00e7ais Th\u00e9o Hernandez pourrait sengager au PSG lors de ce mercato d\u00e9t\u00e9. Du c\u00f4t\u00e9 de lOM, lancien attaquant Fabrizio Ravanelli se verrait bien endosser le costume de directeur sportif. D\u00e9couvrez lactu des transferts en France. \u00c0 la rencontre des brigades de la voie \u00c0 la rencontre des brigades de la voie <img decoding=\"async\" src=\"http:\/\/clicenfance.com\/img\/9c697053052eb9cae093fa928f4f53bf.jpg\" alt=\"rencontre tgv\" align=\"center\"> Le premier ministre a salu\u00e9 lesprit des discussions sur la r\u00e9forme ainsi que les Tous droits de reproduction et de diffusion r\u00e9serv\u00e9s 2020 ARTE G.E.I.E-ARTE G.E.I.E. 4, quai du chanoine Winterer CS 20035F-67080 Strasbourg Cedex Quand on monte dans un train, m\u00eame sil est \u00e0 quai, on voyage d\u00e9j\u00e0. Tu as chang\u00e9 le monde George: le leader am\u00e9ricain des droits civiques Al Sharpton a prononc\u00e9 jeudi lors dune c\u00e9r\u00e9monie en hommage \u00e0 George Floyd un \u00e9mouvant \u00e9loge fun\u00e8bre, aux accents politiques empreints de tristesse mais \u00e9galement despoir pour un monde meilleur, avec la promesse de continuer le combat. Plusieurs syndicats de police ont manifest\u00e9 vendredi matin \u00e0 Paris en voitures de lavenue des Champs-Elys\u00e9es vers le minist\u00e8re de lInt\u00e9rieur et demand\u00e9 \u00e0 \u00eatre re\u00e7us par le pr\u00e9sident de la R\u00e9publique pour exprimer leur m\u00e9contentement apr\u00e8s les annonces de Christophe Castaner lundi, a constat\u00e9 un journaliste de lAFP. Compte-tenu du contexte et notamment des discussions \u00e0 Matignon. Dans <img decoding=\"async\" src=\"http:\/\/farm4.staticflickr.com\/3182\/2638927642_c95a25619e_z.jpg\" alt=\"rencontre tgv\" align=\"left\">.<\/p>\n","protected":false},"excerpt":{"rendered":"<p>rencontre tgv<\/p>\n","protected":false},"author":1,"featured_media":0,"comment_status":"closed","ping_status":"closed","sticky":false,"template":"","format":"standard","meta":{"footnotes":""},"categories":[1],"tags":[],"_links":{"self":[{"href":"http:\/\/geodeta.gorzow.pl\/www\/wp-json\/wp\/v2\/posts\/8851"}],"collection":[{"href":"http:\/\/geodeta.gorzow.pl\/www\/wp-json\/wp\/v2\/posts"}],"about":[{"href":"http:\/\/geodeta.gorzow.pl\/www\/wp-json\/wp\/v2\/types\/post"}],"author":[{"embeddable":true,"href":"http:\/\/geodeta.gorzow.pl\/www\/wp-json\/wp\/v2\/users\/1"}],"replies":[{"embeddable":true,"href":"http:\/\/geodeta.gorzow.pl\/www\/wp-json\/wp\/v2\/comments?post=8851"}],"version-history":[{"count":1,"href":"http:\/\/geodeta.gorzow.pl\/www\/wp-json\/wp\/v2\/posts\/8851\/revisions"}],"predecessor-version":[{"id":8852,"href":"http:\/\/geodeta.gorzow.pl\/www\/wp-json\/wp\/v2\/posts\/8851\/revisions\/8852"}],"wp:attachment":[{"href":"http:\/\/geodeta.gorzow.pl\/www\/wp-json\/wp\/v2\/media?parent=8851"}],"wp:term":[{"taxonomy":"category","embeddable":true,"href":"http:\/\/geodeta.gorzow.pl\/www\/wp-json\/wp\/v2\/categories?post=8851"},{"taxonomy":"post_tag","embeddable":true,"href":"http:\/\/geodeta.gorzow.pl\/www\/wp-json\/wp\/v2\/tags?post=8851"}],"curies":[{"name":"wp","href":"https:\/\/api.w.org\/{rel}","templated":true}]}}