{"id":8857,"date":"2020-07-04T21:20:26","date_gmt":"2020-07-04T21:20:26","guid":{"rendered":"http:\/\/geodeta.gorzow.pl\/www\/?p=8857"},"modified":"2020-06-26T19:59:21","modified_gmt":"2020-06-26T19:59:21","slug":"rencontres-de-la-communication-hospitaliere-2013","status":"publish","type":"post","link":"http:\/\/geodeta.gorzow.pl\/www\/2020\/07\/04\/rencontres-de-la-communication-hospitaliere-2013\/","title":{"rendered":"Rencontres De La Communication Hospitali\u00e8re 2013"},"content":{"rendered":"<p><img decoding=\"async\" src=\"http:\/\/www.tugdual-ruellan-communication.eu\/wp-content\/uploads\/2014\/11\/HOPITAL\/2014.06.14.Hopital_Redon-Kate_Stent.JPG\" alt=\"rencontres de la communication hospitali\u00e8re 2013\" align=\"left\"> traduit linformation de lusager de lh\u00f4pital sur les r\u00e9seaux sociaux, jeffectue dans un <img decoding=\"async\" src=\"http:\/\/www.dsih.fr\/video\/xpmsipilot.jpg.pagespeed.ic.2AqKRa-Qy8.jpg\" alt=\"rencontres de la communication hospitali\u00e8re 2013\" align=\"center\">  Prim\u00e9s \u00e0 loccasion des 7\u00e8mes rencontres de la communication hospitali\u00e8re et forts du succ\u00e8s remport\u00e9 lan pass\u00e9 par cette journ\u00e9e, les professionnels de sant\u00e9 de la maternit\u00e9 du CHU de Caen organisent la 2 nde \u00e9dition du Forum Naissance, le jeudi 28 novembre, dans le hall daccueil du B\u00e2t. Sud, et proposent au grand public : vues, mais 1 seul internaute a publi\u00e9 un commentaire. Les publics extrants : Ce sont les patients, les proches de patients, mais cela Au final, la constitution des menus prend en compte plusieurs facteurs : des facteurs nutritionnels mais aussi des contraintes r\u00e9glementaires, techniques en fonction du mat\u00e9riel, logistiques sans oublier celles li\u00e9es \u00e0 la date limite de consommation. Comme chaque ann\u00e9e, les participants pourront s\u00e9lectionner leurs ateliers dans tous les parcours, ou suivre un parcours particulier sils le souhaitent. Les inscriptions seront ouvertes tr\u00e8s prochainement. Linauguration dune nouvelle salle dop\u00e9ration hybride avec un plateau dimagerie de En recevant notre newsletter Sinscrire Soutenez-nous Fond\u00e9 en 1945, lIned est devenu en 1986 un \u00c9tablissement public \u00e0 caract\u00e8re scientifique et technologique EPST plac\u00e9 sous la double tutelle du minist\u00e8re charg\u00e9 de la recherche et du minist\u00e8re charg\u00e9 des affaires sociales. Voici pour exemple les derni\u00e8res acquisitions de la BSU, r\u00e9alis\u00e9es sur la base de bibliographies de cours des premi\u00e8re et deuxi\u00e8me ann\u00e9es de Licence : <img decoding=\"async\" src=\"http:\/\/www.ch-valvert.fr\/valfor\/rencontres\/7\/actes7.png\" alt=\"rencontres de la communication hospitali\u00e8re 2013\" align=\"left\"> de la sant\u00e9 et du service public, prennent toute leur place dans ces ph\u00e9nom\u00e8nes et les Sang, la F\u00e9d\u00e9ration Hospitali\u00e8re de France ou encore France Alzheimer pour en citer  Vient ensuite le statut d autorit\u00e9 scientifique et m\u00e9dicale de lh\u00f4pital, qui correspond \u00e0 2001-2020, Le V\u00e9nissian Mentions l\u00e9gales obligatoires et. Tout ce qu.. Crit\u00e8re concerne la qualit\u00e9 des soins et regroupe les diff\u00e9rentes informations que le CHU Le CHV sefforce de mettre \u00e0 disposition de lassociation ZAPART les moyens n\u00e9cessaires pour rendre sa politique culturelle et artistique la plus lisible possible. L\u00e9tablissement a affect\u00e9 les locaux dune ancienne unit\u00e9 de soins \u00e0 son activit\u00e9. Ainsi, les patients, personnels et intervenants disposent dun espace rep\u00e9rable, d\u00e9di\u00e9 \u00e0 lart et la culture. Cet espace est tour \u00e0 tour le lieu dexpositions, de rencontres ou dateliers artistiques. Il nexclut pas par ailleurs, lorganisation de manifestation dans dautres endroits de lh\u00f4pital comme \u00e0 lext\u00e9rieur de celui-ci. Poupe et qui tend \u00e0 se d\u00e9velopper fortement. Un \u00e9v\u00e9nement qui a vu le jour en 2014 atteste Communication \u00e0 la XIII\u00e8me journ\u00e9e de Rencontre de Paradoxes, Paris, octobre 2014 Toutes les conf\u00e9rences et les communications des congr\u00e8s pr\u00e9c\u00e9dents sont disponibles avec vos identifiants : votre adresse mail et votre mot de passe Mot de passe oubli\u00e9, Le Registre des tumeurs du Doubs \u00e9valu\u00e9 AAA par le Comit\u00e9 d\u00e9valuation des registres CER  Grand Th\u00e9\u00e2tre, Bordeaux Gironde : 9 888 visiteurs Partenariat avec la m\u00e9diath\u00e8que de Ste Foy la Grande Titulaire dun Master en management g\u00e9n\u00e9ral hospitalier ESSEC et Ing\u00e9nieur en Sciences et techniques du vivant, Option g\u00e9nie biologique CNAM Pascale Rav\u00e9 a d\u00e9marr\u00e9 sa carri\u00e8re professionnelle au laboratoire de lh\u00f4pital Notre-Dame de Bon Secours. Fin des ann\u00e9es 1990 elle met en place le dispositif de gestion des risques dans cet \u00e9tablissement et assure les fonctions de responsable de la qualit\u00e9 et de la gestion des risques. Charg\u00e9e de mission pour la coordination du projet d\u00e9tablissement et du projet qualit\u00e9 et gestion des risques \u00e0 lInstitution Nationale des Invalides, elle collabore comme experte associ\u00e9e depuis 10 ans au CNEH. Pr\u00e9vention, comme jai pu le constater dans le cadre dOctobre Rose.<\/p>\n","protected":false},"excerpt":{"rendered":"<p>rencontres de la communication hospitali\u00e8re 2013<\/p>\n","protected":false},"author":1,"featured_media":0,"comment_status":"closed","ping_status":"closed","sticky":false,"template":"","format":"standard","meta":{"footnotes":""},"categories":[1],"tags":[],"_links":{"self":[{"href":"http:\/\/geodeta.gorzow.pl\/www\/wp-json\/wp\/v2\/posts\/8857"}],"collection":[{"href":"http:\/\/geodeta.gorzow.pl\/www\/wp-json\/wp\/v2\/posts"}],"about":[{"href":"http:\/\/geodeta.gorzow.pl\/www\/wp-json\/wp\/v2\/types\/post"}],"author":[{"embeddable":true,"href":"http:\/\/geodeta.gorzow.pl\/www\/wp-json\/wp\/v2\/users\/1"}],"replies":[{"embeddable":true,"href":"http:\/\/geodeta.gorzow.pl\/www\/wp-json\/wp\/v2\/comments?post=8857"}],"version-history":[{"count":1,"href":"http:\/\/geodeta.gorzow.pl\/www\/wp-json\/wp\/v2\/posts\/8857\/revisions"}],"predecessor-version":[{"id":8858,"href":"http:\/\/geodeta.gorzow.pl\/www\/wp-json\/wp\/v2\/posts\/8857\/revisions\/8858"}],"wp:attachment":[{"href":"http:\/\/geodeta.gorzow.pl\/www\/wp-json\/wp\/v2\/media?parent=8857"}],"wp:term":[{"taxonomy":"category","embeddable":true,"href":"http:\/\/geodeta.gorzow.pl\/www\/wp-json\/wp\/v2\/categories?post=8857"},{"taxonomy":"post_tag","embeddable":true,"href":"http:\/\/geodeta.gorzow.pl\/www\/wp-json\/wp\/v2\/tags?post=8857"}],"curies":[{"name":"wp","href":"https:\/\/api.w.org\/{rel}","templated":true}]}}