{"id":8859,"date":"2020-07-04T01:20:38","date_gmt":"2020-07-04T01:20:38","guid":{"rendered":"http:\/\/geodeta.gorzow.pl\/www\/?p=8859"},"modified":"2020-06-26T19:59:59","modified_gmt":"2020-06-26T19:59:59","slug":"7e-rencontre-institut-renaudot","status":"publish","type":"post","link":"http:\/\/geodeta.gorzow.pl\/www\/2020\/07\/04\/7e-rencontre-institut-renaudot\/","title":{"rendered":"7e Rencontre Institut Renaudot"},"content":{"rendered":"<p><img decoding=\"async\" src=\"http:\/\/www.nichebabies.com\/3965-thickbox\/lactogg-made-in-usa-a-box-of-30-capsules.jpg\" alt=\"7e rencontre institut renaudot\" align=\"left\"> Magazine: Le r\u00e9seau REVES dhabitants-Les Rencontres de lInstitut Renaudot Val\u00e9rie Gisclard, Pr\u00e9sidente de lUNSED Union Nationale des Syndromes dEhlers-Danlos, membre de France Assos Sant\u00e9 6\u00e8mes rencontres soignantes en psychiatrie organis\u00e9es par la revue Sant\u00e9 mentale. <img decoding=\"async\" src=\"http:\/\/p.calameoassets.com\/150619113034-34cd7b27fad322c5555e9b33a10a44b9\/p1.jpg\" alt=\"7e rencontre institut renaudot\" align=\"right\">  Dr \u00c9ric MAY, Pr\u00e9sident de lUSMCS ; Val\u00e9rie LATARCHE-BERTRAND, Responsable Sant\u00e9 Publique, Ville de Bergerac La Nouvelle-Aquitaine est une petite France contrast\u00e9e et comprend effectivement des d\u00e9serts m\u00e9dicaux tant au niveau ambulatoire que hospitalier. Cette situation d\u00e9mographique dautant n\u00e9cessite lexercice coordonn\u00e9. Les centres de sant\u00e9 notamment m\u00e9dicaux et polyvalents sont pour la Nouvelle-Aquitaine des acteurs nouveaux mais d\u00e9montrent un essor important. Ils constituent une pi\u00e8ce dans l\u00e9chiquier de loffre de soins ambulatoire, compl\u00e9mentaire \u00e0 loffre lib\u00e9rale. De plus en plus de collectivit\u00e9s ou dassociations t\u00e9moignent de leur d\u00e9sir de centre de sant\u00e9. Actuellement, 15 projets sinscrivent en r\u00e9ponse \u00e0 un Appel \u00e0 projet de lARS. Les postulants peuvent b\u00e9n\u00e9ficier via le FIR dune dotation de 75 000 dans le cadre de laide au d\u00e9marrage ainsi que de 6 000 pour l\u00e9tude de faisabilit\u00e9. Sont \u00e9ligibles \u00e0 ces dotations les territoires en ZIP ou ZAC. Par rapport \u00e0 ces Appels \u00e0 projet, les ARS souhaitent un projet de sant\u00e9 r\u00e9dig\u00e9 \u00e0 partir dun diagnostic partag\u00e9 par le Territoire de Sant\u00e9. Les projets sont \u00e9tudi\u00e9s en commissions o\u00f9, \u00e0 ce jour, ne si\u00e8ge aucun repr\u00e9sentant des centres de sant\u00e9. Dans la mesure o\u00f9 lensemble des acteurs souhaitent d\u00e9passer le clivage salari\u00e9 lib\u00e9ral, pour une r\u00e9elle compl\u00e9mentarit\u00e9, il appara\u00eet essentiel que celle-ci se fasse d\u00e8s lamont de la cr\u00e9ation des centres de sant\u00e9. Le prisme premier enfin, de lacc\u00e8s aux soins d\u00e9montre \u00e9galement un crit\u00e8re compl\u00e9mentaire au zonage m\u00e9decin, celui de la dimension populationnelle. Les centres de sant\u00e9 sont des acteurs de la PDSA et peuvent depuis cette ann\u00e9e effectuer cette mission dans le cadre de la Convention Occasionnel Service Publique COSP. Cest une quadrature juridique ainsi r\u00e9solue pour les gestionnaires. Des gestionnaires dont les profils sont de plus en plus h\u00e9t\u00e9rog\u00e8nes et qui mettent en exergue un engagement en Sant\u00e9 publique de plus en plus partag\u00e9. Ils pourront tr\u00e8s prochainement b\u00e9n\u00e9ficier dun Guide de la facturation ainsi que de la version 3 des logiciels labellis\u00e9s ASIP. La CPAM 24 est aux c\u00f4t\u00e9s des centres de sant\u00e9 gr\u00e2ce \u00e0 son Service Efficience du Syst\u00e8me de Sant\u00e9. Elle accompagne les gestionnaires tant sur le d\u00e9veloppement des t\u00e9l\u00e9 services, la gestion du tiers-payant que sur le partage des indicateurs remarquables et potentiellement \u00e9volutifs. Cet \u00e9tat de fait, existant en Dordogne, notamment, est souhait\u00e9 par lensemble des gestionnaires pr\u00e9sents. Ce qui relate limportance dhomog\u00e9n\u00e9iser les sources dinformation et de diffusion. Lexistence de services d\u00e9di\u00e9s aux caract\u00e9ristiques de fonctionnement des centres de sant\u00e9 est amen\u00e9e \u00e0 se d\u00e9velopper, \u00e0 linstar des centres eux-m\u00eames La question des CPTS enfin est abord\u00e9e dans la mesure o\u00f9 de fait les centres de sant\u00e9 y sont int\u00e9gr\u00e9s puisquils sont des Equipes de soins primaires. Le Regroupement National des organisations de Gestionnaires RNOGCS a transmis un communiqu\u00e9 de presse le 1er juillet 2019 indiquant \u00eatre signataire de lAccord Conventionnel Interprofessionnel sur lexercice coordonn\u00e9 portant les CPTS. Cest avoir tort que davoir raison trop t\u00f4t Pourrait \u00eatre la devise des centres de sant\u00e9 face \u00e0 de potentiels d\u00e9tracteurs Car ils apparaissent de plus en plus et ind\u00e9niablement, comme un des acteurs cl\u00e9 du monde de la Sant\u00e9. Les d\u00e9sirs de centres de sant\u00e9 sus mentionn\u00e9s sont exponentiels et nous conduisent \u00e0 lissue de cette belle journ\u00e9e de rencontres \u00e0 acter la cr\u00e9ation de la F\u00e9d\u00e9ration R\u00e9gionale des centres de Sant\u00e9 en Nouvelle-Aquitaine. Avec tous nos remerciements aux contributeurs et participants! Fond dInvestissement R\u00e9gional ; Zone dIntervention Prioritaire ; Zone dActions Compl\u00e9mentaires ; Depuis 2018, les centres de sant\u00e9 doivent b\u00e9n\u00e9ficier de la part des ARS dun engagement de conformit\u00e9 ; Cf. En suivant Pitchs des porteurs de projet et gestionnaires ; Communaut\u00e9 Professionnelle Territoriale de Sant\u00e9 In Loi de Modernisation de la Sant\u00e9 26 janvier 2016 ; Marguerite Yourcenar In M\u00e9moires dHadrien We cant connect to the server for this app or website at this time. There might be too much traffic or a configuration error. Try again later, or contact the app or website owner.  Dans le cadre du cycle 2019-20120 de lUniversit\u00e9 populaire sur le th\u00e8me. Un \u00e9v\u00e9nement organis\u00e9 en partenariat avec l Unaforis et Worklib, Plateforme communautaire du social m\u00e9dico-social.  Application du nouveau r\u00e8glement DM dans jours et heures 1. Avoir une approche globale et positive de la sant\u00e9 la sensibilisation, la formation, laccompagnement, l\u00e9valuation, la valorisation.. En Ile de France Retrouvez les actes et vid\u00e9os des derni\u00e8res \u00e9ditions Ouro Adetchessi, \u00e9tudiant en Action communautaire au Cnam Depuis les origines de l\u00eatre humain, sa qu\u00eate de sens a emprunt\u00e9 diff\u00e9rents chemins qui dessinent une g\u00e9ographie plurielle des spiritualit\u00e9s. Mais ces derni\u00e8res d\u00e9cennies, les radicalismes religieux de tous bords occupent le terrain social et m\u00e9diatique et ont en partie \u00e9clips\u00e9 les autres formes de religiosit\u00e9, croyances, spiritualit\u00e9s ou encore incroyances, en particulier dans la r\u00e9gion M\u00e9diterran\u00e9e Moyen-Orient. Cest pourquoi liReMMO organise d\u00e8s la rentr\u00e9e un cycle dUniversit\u00e9 populaire in\u00e9dit, qui traitera de chacun de ces aspects. Mod\u00e9ration : Dominique Vidal, journaliste et historien Entr\u00e9e libre avec inscription par mail Nombre de places limit\u00e9. Des 3 questions \u00e0 valorisant des partages dexp\u00e9riences, <img decoding=\"async\" src=\"http:\/\/catalogue.gazette-drouot.com\/images\/perso\/full\/LOT\/266\/89440\/482.jpg\" alt=\"7e rencontre institut renaudot\" align=\"left\"> Rencontre avec Cl\u00e9mentine Autain, d\u00e9put\u00e9e de la onzi\u00e8me circonscription de la Seine-Saint-Denis, \u00e9lue sous l\u00e9tiquette de la France Insoumise. Elle est \u00e9galement conseill\u00e8re municipale de la ville de Sevran et est membre dEnsemble, organisation qui est une des composantes du Front de gauche ; Nikos Graikos, militant politique en Gr\u00e8ce et en France, il fait parti de la coordination de SYRIZA-France. ; Victoriano Alcantud, enseignant, docteur \u00e0 luniversit\u00e9 de Paris 8, auteur notamment de Hacedores de imagenes: Propuestas est\u00e9ticas de las primeras vanguardias en Espa\u00f1a 1918-1925, ancien membre de Podemos Paris. Au sein dune alliance tous unis contre le virus, la Fondation de France, lAP-HP et lInstitut Pasteur ont d\u00e9cid\u00e9 dunir leur force et de mobiliser tout leur r\u00e9seau. Les dons collect\u00e9s sont destin\u00e9s \u00e0 venir en aide aux personnels soignants et aidants, en milieu hospitalier ou non, \u00e0 financer des projets de recherche ainsi qu\u00e0 soutenir des acteurs de terrain et des associations qui \u0153uvrent aupr\u00e8s des plus vuln\u00e9rables. Devenez contributeur du projet de capitalisation dexp\u00e9riences en pr\u00e9vention du tabagisme Site echange competences cherche femme aversa salope nimes hy\u00e8res service de rencontres pour les c\u00e9libataires hommes \u00e2g\u00e9s de 20 \u00e0 asni\u00e8res-sur-seine Plan baise beurette angoul\u00eame gomel-hilfe-bochum de surrey avis sur les sites de rencontres sites de rencontres gratuit pour les hommes Rencontre avec Ali Bensaad, g\u00e9ographe, professeur \u00e0 lInstitut fran\u00e7ais de g\u00e9opolitique Universit\u00e9 Paris 8. Il a pr\u00e9c\u00e9demment \u00e9t\u00e9 chercheur et enseignant \u00e0 lIremam, \u00e0 lIdemec, \u00e0 l\u00c9cole fran\u00e7aise de Rome et au Centre Jacques Berque Maroc. Sp\u00e9cialiste de la g\u00e9ographie du Maghreb, il est lauteur de nombreux ouvrages, dont notamment Libye De Boeck Sup\u00e9rieur, \u00e0 para\u00eetre.<\/p>\n","protected":false},"excerpt":{"rendered":"<p>7e rencontre institut renaudot<\/p>\n","protected":false},"author":1,"featured_media":0,"comment_status":"closed","ping_status":"closed","sticky":false,"template":"","format":"standard","meta":{"footnotes":""},"categories":[1],"tags":[],"_links":{"self":[{"href":"http:\/\/geodeta.gorzow.pl\/www\/wp-json\/wp\/v2\/posts\/8859"}],"collection":[{"href":"http:\/\/geodeta.gorzow.pl\/www\/wp-json\/wp\/v2\/posts"}],"about":[{"href":"http:\/\/geodeta.gorzow.pl\/www\/wp-json\/wp\/v2\/types\/post"}],"author":[{"embeddable":true,"href":"http:\/\/geodeta.gorzow.pl\/www\/wp-json\/wp\/v2\/users\/1"}],"replies":[{"embeddable":true,"href":"http:\/\/geodeta.gorzow.pl\/www\/wp-json\/wp\/v2\/comments?post=8859"}],"version-history":[{"count":1,"href":"http:\/\/geodeta.gorzow.pl\/www\/wp-json\/wp\/v2\/posts\/8859\/revisions"}],"predecessor-version":[{"id":8860,"href":"http:\/\/geodeta.gorzow.pl\/www\/wp-json\/wp\/v2\/posts\/8859\/revisions\/8860"}],"wp:attachment":[{"href":"http:\/\/geodeta.gorzow.pl\/www\/wp-json\/wp\/v2\/media?parent=8859"}],"wp:term":[{"taxonomy":"category","embeddable":true,"href":"http:\/\/geodeta.gorzow.pl\/www\/wp-json\/wp\/v2\/categories?post=8859"},{"taxonomy":"post_tag","embeddable":true,"href":"http:\/\/geodeta.gorzow.pl\/www\/wp-json\/wp\/v2\/tags?post=8859"}],"curies":[{"name":"wp","href":"https:\/\/api.w.org\/{rel}","templated":true}]}}