{"id":8903,"date":"2020-07-04T16:53:35","date_gmt":"2020-07-04T16:53:35","guid":{"rendered":"http:\/\/geodeta.gorzow.pl\/www\/?p=8903"},"modified":"2020-06-26T22:13:43","modified_gmt":"2020-06-26T22:13:43","slug":"rencontre-avec-marocaine-en-france","status":"publish","type":"post","link":"http:\/\/geodeta.gorzow.pl\/www\/2020\/07\/04\/rencontre-avec-marocaine-en-france\/","title":{"rendered":"Rencontre Avec Marocaine En France"},"content":{"rendered":"<p>Ne parlons pas de la mis\u00e8re sexuelle, avec toute lhypocrisie qui entoure ce sujet. Lire Leila slimani, sur footballdatabase.eu consult\u00e9 le 31 janvier 2013. <img decoding=\"async\" src=\"http:\/\/fedeguicoelglande.com\/img\/c4fbf7c4c9151cf1462ca24b283bd437.jpg\" alt=\"rencontre avec marocaine en france\" align=\"left\">  Les premi\u00e8res fois, vous entrez pour voir lint\u00e9rieur des boutiques. <img decoding=\"async\" src=\"http:\/\/www.reseau-espaces-volontariats.org\/IMG\/jpg\/fatima-2.jpg\" alt=\"rencontre avec marocaine en france\" align=\"left\">  La Montagne est une jeune commune r\u00e9sidentielle dominant la rive sud de la Loire. \u00c0 30 minutes de la mer, cest une ville \u00e0 la campagne dont la qualit\u00e9 de vie est appr\u00e9ciable et le secteur \u00e9conomique en essor. Le juge fran\u00e7ais est-il comp\u00e9tent pour prononcer le divorce lorsque les deux \u00e9poux sont tous de nationalit\u00e9 marocaine ou franco-marocaine et ont contract\u00e9 mariage au Maroc? <img decoding=\"async\" src=\"http:\/\/ingenieurs-rni.ma\/fr\/data1\/images\/journeecadres.jpg\" alt=\"rencontre avec marocaine en france\" align=\"left\">  M. Rachid BENMOKHTAR, ministre de lEducation Nationale et de la Formation professionnelle du Maroc 28 janvier, journ\u00e9e de r\u00e9flexion et de mobilisation sur lavenir des jeunesses euro-m\u00e9diterran\u00e9ennes, UNESCO Dune main experte, Ibrahim Sbai, 43 ans, petit-fils de caravanier, extirpe le pain du sable o\u00f9 il a \u00e9t\u00e9 enseveli et mis \u00e0 cuire, sous le foyer. A laide dun torchon, il \u00e9limine les grains rest\u00e9s coll\u00e9s \u00e0 la cro\u00fbte. Des gestes que tant de ont accomplis avant lui. Mhamid el-Ghizlane, bourgade \u00e0 460 kilom\u00e8tres au sud-est de Marrakech, aux confins de la fronti\u00e8re maroco-alg\u00e9rienne, est \u00e0 sept kilom\u00e8tres de l\u00e0. Autour du campement, \u00e9tabli au milieu des dunes, s\u00e9tend la derni\u00e8re oasis de la vall\u00e9e du Draa. L\u00e9t\u00e9, les temp\u00e9ratures avoisinent les 45 C mais le r\u00e9chauffement climatique est \u00e0 l\u0153uvre et des pics \u00e0 60 C ont d\u00e9j\u00e0 \u00e9t\u00e9 enregistr\u00e9s, assure Ibrahim. Le Draa qui, avec ses 1 100 kilom\u00e8tres, est le plus long fleuve du Maroc, nest ici plus quun lit de cailloux quand il ne d\u00e9borde pas sous leffet de pluies torrentielles. Plus de route goudronn\u00e9e. Juste une mer de dunes blondes qui avancent. A compter de septembre, je ferai 2 voyages par mois dune semaine chacun au Maroc afin de ne pas perdre le lien avec mes enfants et de continuer \u00e0 men occuper, tout en maintenant bien ma r\u00e9sidence en France. Site De Rencontre Mobile Gratuit Site Rencontre Libertin Il Fume Un Joint Avant De Baiser Porno Couple Recherche Couple De La Paz Laisser passer un peu de temps pour que la relation se cr\u00e9e et la personne \u00e0 qui vous parler vous le proposera naturellement Belbah Mustapha, Veglia Patrick. Pour une histoire des Marocains en France. In: Hommes et Migrations, n1242, Mars-avril 2003. Marocains de France et dEurope pp. 18-31., sur Marocolympique.org consult\u00e9 le 24 juin 2015. Accord-cadre de coop\u00e9ration dans la lutte anti-contrefa\u00e7on; Chakib Benmoussa, Ambassadeur du Maroc en France, a re\u00e7u le 5 mars pour un petit-d\u00e9jeuner pr\u00e8s dune vingtaine danciens \u00e9l\u00e8ves \u00e9trangers de lENA r\u00e9sidant ou de passage \u00e0 Paris, en pr\u00e9sence du Pr\u00e9sident de lAssociation des anciens \u00e9l\u00e8ves de lENA AAEENA, Daniel Keller ENA 1994 M. Chakib Benmoussa entretient \u00e0 titre personnel des liens \u00e9troits avec la France o\u00f9 il a \u00e9tudi\u00e9 Ecole Polytechnique de Paris, 1979, Ponts et Chauss\u00e9es-Paris, 1981. Ambassadeur \u00e0 Paris depuis 2013, il a occup\u00e9 pr\u00e9c\u00e9demment de hautes fonctions dans ladministration marocaine, notamment comme ministre de lInt\u00e9rieur de 2006 \u00e0 2010 et comme Pr\u00e9sident du Conseil \u00e9conomique, social et environnemental, mais aussi dans le secteur priv\u00e9. Si votre conjoint est un ressortissant \u00e9tranger en situation r\u00e9guli\u00e8re, il pourra b\u00e9n\u00e9ficier apr\u00e8s votre mariage dune carte de s\u00e9jour dun an en France. Cela lui permettra notamment dexercer une activit\u00e9 professionnelle. Pas de visa Mexique requis pour les marocains quand on a un visa ou une r\u00e9sidence pour les pays suivants : USA, Canada, Japon, Schengen, UK. Une dur\u00e9e de s\u00e9jour jusqu\u00e0 180 jours est octroy\u00e9e dans ce cas. Dans le cas contraire, il faut demander un visa sp\u00e9cifique au. Il faut commencer par appeler ou envoyer un email au consulat pour prendre rendez-vous, avant de se pr\u00e9senter avec ses documents traduits en espagnol Consulte. Pour savoir si au niveaux des imp\u00f4ts, il y aura un probl\u00e8me parce que nous ne r\u00e9sidons pas dans le m\u00eame pays, etc.. \u00c9poux, cest pourquoi je me permets de vous solliciter. Tourista pour moi et ma femme d\u00e8s le premier soir super en plein voyage de noces. Tout ce qui touche \u00e0 leau courante la-bas est contamin\u00e9.<\/p>\n","protected":false},"excerpt":{"rendered":"<p>rencontre avec marocaine en france<\/p>\n","protected":false},"author":1,"featured_media":0,"comment_status":"closed","ping_status":"closed","sticky":false,"template":"","format":"standard","meta":{"footnotes":""},"categories":[1],"tags":[],"_links":{"self":[{"href":"http:\/\/geodeta.gorzow.pl\/www\/wp-json\/wp\/v2\/posts\/8903"}],"collection":[{"href":"http:\/\/geodeta.gorzow.pl\/www\/wp-json\/wp\/v2\/posts"}],"about":[{"href":"http:\/\/geodeta.gorzow.pl\/www\/wp-json\/wp\/v2\/types\/post"}],"author":[{"embeddable":true,"href":"http:\/\/geodeta.gorzow.pl\/www\/wp-json\/wp\/v2\/users\/1"}],"replies":[{"embeddable":true,"href":"http:\/\/geodeta.gorzow.pl\/www\/wp-json\/wp\/v2\/comments?post=8903"}],"version-history":[{"count":1,"href":"http:\/\/geodeta.gorzow.pl\/www\/wp-json\/wp\/v2\/posts\/8903\/revisions"}],"predecessor-version":[{"id":8904,"href":"http:\/\/geodeta.gorzow.pl\/www\/wp-json\/wp\/v2\/posts\/8903\/revisions\/8904"}],"wp:attachment":[{"href":"http:\/\/geodeta.gorzow.pl\/www\/wp-json\/wp\/v2\/media?parent=8903"}],"wp:term":[{"taxonomy":"category","embeddable":true,"href":"http:\/\/geodeta.gorzow.pl\/www\/wp-json\/wp\/v2\/categories?post=8903"},{"taxonomy":"post_tag","embeddable":true,"href":"http:\/\/geodeta.gorzow.pl\/www\/wp-json\/wp\/v2\/tags?post=8903"}],"curies":[{"name":"wp","href":"https:\/\/api.w.org\/{rel}","templated":true}]}}