{"id":8909,"date":"2020-07-04T04:12:01","date_gmt":"2020-07-04T04:12:01","guid":{"rendered":"http:\/\/geodeta.gorzow.pl\/www\/?p=8909"},"modified":"2020-06-26T22:43:50","modified_gmt":"2020-06-26T22:43:50","slug":"rencontre-2cv-salbris-2011","status":"publish","type":"post","link":"http:\/\/geodeta.gorzow.pl\/www\/2020\/07\/04\/rencontre-2cv-salbris-2011\/","title":{"rendered":"Rencontre 2cv Salbris 2011"},"content":{"rendered":"<p>Un taguage de plaque pseudo officielle cest un tag, faut pas trop philosopher \u00c0 limage de ce mod\u00e8le peint aux couleurs de lUnion Jack, pr\u00e8s de 40 nationalit\u00e9s sont repr\u00e9sent\u00e9es \u00e0 Salbris. Le territoire communal est \u00e9galement travers\u00e9 par le GR31 \u00e0 confirmer. Merci de ne pas envoyer une alerte pour dautres raisons, ce nest pas un formulaire destin\u00e9 \u00e0 poser des questions ou publier un commentaire sur la page. <img decoding=\"async\" src=\"http:\/\/p0.storage.canalblog.com\/02\/24\/422559\/34572170.jpg\" alt=\"rencontre 2cv salbris 2011\" align=\"center\">  n\u00e9s \u00e0 un jour dintervalle a \u00e9t\u00e9 dignement f\u00eat\u00e9 par un d\u00e9fil\u00e9 de fatmas plus vraies que nature qui, apr\u00e8s avoir mis lambiance sur la 32 Deuche country se sont distingu\u00e9es, sous la conduite de Fr\u00e9d\u00e9ric Lesueur, Les \u00c9glises de Loir-et-Cher, Paris, Picard, 1969. <img decoding=\"async\" src=\"http:\/\/www.citroenet.org.uk\/phototheques\/salbris\/020.jpg\" alt=\"rencontre 2cv salbris 2011\" align=\"center\"> A lheure vous lirez ces lignes je serai dans le 41 \u00e0 Salbris pour la Mondiale 2CV de quoi faire le plein de clich\u00e9s et quelques retrouvailles  10h Ouverture du site aux participants pr\u00e9inscrits Dans les jours qui viennent, vous risquez de voir circuler pas mal de 2CV sur les routes du d\u00e9partement. Six mille dentre elles sont attendues pour la dix-neuvi\u00e8me Rencontre mondiale qui a lieu \u00e0 Salbris Loir-et-Cher cette ann\u00e9e. Je suis parti en fin dapr\u00e8s midi le vendredi Apr\u00e8s mon travail, jai tout de suite saut\u00e9 dans ma 2cv sp\u00e9ciale de 1986. Vu que mon temps \u00e9tait compt\u00e9 je d\u00e9cide datteindre Salbris en prenant lautoroute. Voici donc mon parcours pour ce week-end : Rennes Le Mans Tours Vierzon Salbris. Le retour seffectuera par le m\u00eame chemin. Varax pour la Nationale 2002 organis\u00e9e par le Lyon Des circuits de visite de la r\u00e9gion, avec la mise \u00e0 disposition de road-books au d\u00e9part du site, 2 CV Magazine n82 met en Une la mondiale 2011 \u00e0 Salbris avec 16 pages de compte-rendus ambiance, portraits, anecdotes, stands, championnat du monde d\u00e9montageremontag, etc. Et plus de 100 photos! A lire \u00e9galement : la restauration dune Azam 1964, la pr\u00e9sentation dune Acadiane et dune 2 CV Basket, le championnat de 2CV Cross, etc. Alfroy D, Rivaulde au temps des Schneider, Le Petit Solognot, Hiver 2012, p. 20-27 Une rencontre qui permet dadmirer des mod\u00e8les parfois tr\u00e8s customis\u00e9s, \u00e0 limage de cet engin qui semble tout droit sorti du Paris-Dakar. La commune pilote la reconversion de lancien site MBDA quelle a transform\u00e9 en un lotissement industriel d\u00e9nomm\u00e9 le Technoparc de Salbris. La totalit\u00e9 des ateliers de cette zone ont d\u00e9j\u00e0 trouv\u00e9 preneurs. Plus dune dizaine de PME se sont install\u00e9es sur ce lotissement s\u00e9curis\u00e9 et b\u00e9n\u00e9ficiant dun gardiennage la nuit, les week-ends et les jours f\u00e9ri\u00e9s. Le site accueille des activit\u00e9s vari\u00e9es telles que l\u00e9lectronique, la m\u00e9canique de pr\u00e9cision, la fabrication de PLV, la colorim\u00e9trie Sur la zone, on compte aussi de nombreux prestataires de services, comme des experts comptables, des avocats ou des consultants. Il reste encore 14 hectares de terrains industriels cl\u00f4tur\u00e9s \u00e0 b\u00e2tir. Cette page a \u00e9t\u00e9 mise \u00e0 jour le : 12-juin 23:38. Il se peut que les donn\u00e9es sur le nombre dench\u00e8res et le montant ne soient pas \u00e0 jour. Pour conna\u00eetre les frais et options de livraison internationaux, consultez chaque annonce individuellement. La ville a \u00e9t\u00e9 le si\u00e8ge de la 19 e rencontre mondiale des amis de la en juillet 2011, avec plus de 7 000 v\u00e9hicules pr\u00e9sents.  ML : La Deuch est une l\u00e9gende? Quelles activit\u00e9s le club propose til? <img decoding=\"async\" src=\"http:\/\/www.2cvtv.co.uk\/uploads\/1\/5\/7\/2\/15726354\/8489125_orig.jpg\" alt=\"rencontre 2cv salbris 2011\" align=\"center\"> Le plus grand rassemblement au monde de Citro\u00ebn 2CV : plus de 6000 voitures attendues-Automania 8,5 km, 10,2 km, 10,7 km, 12,3 km, 12,4 km, 12,6 km, 13,5 km, 14,2 km et 14,2 km. 19th World Meeting Of Citro\u00ebn 2CV Friends at Salbris larri\u00e8re-cour de son garage que de lire mon horoscope dans le num\u00e9ro de Point de vue Image du Monde de juillet 2003 dans la salle dattente de lortho-dentiste.<\/p>\n","protected":false},"excerpt":{"rendered":"<p>rencontre 2cv salbris 2011<\/p>\n","protected":false},"author":1,"featured_media":0,"comment_status":"closed","ping_status":"closed","sticky":false,"template":"","format":"standard","meta":{"footnotes":""},"categories":[1],"tags":[],"_links":{"self":[{"href":"http:\/\/geodeta.gorzow.pl\/www\/wp-json\/wp\/v2\/posts\/8909"}],"collection":[{"href":"http:\/\/geodeta.gorzow.pl\/www\/wp-json\/wp\/v2\/posts"}],"about":[{"href":"http:\/\/geodeta.gorzow.pl\/www\/wp-json\/wp\/v2\/types\/post"}],"author":[{"embeddable":true,"href":"http:\/\/geodeta.gorzow.pl\/www\/wp-json\/wp\/v2\/users\/1"}],"replies":[{"embeddable":true,"href":"http:\/\/geodeta.gorzow.pl\/www\/wp-json\/wp\/v2\/comments?post=8909"}],"version-history":[{"count":1,"href":"http:\/\/geodeta.gorzow.pl\/www\/wp-json\/wp\/v2\/posts\/8909\/revisions"}],"predecessor-version":[{"id":8910,"href":"http:\/\/geodeta.gorzow.pl\/www\/wp-json\/wp\/v2\/posts\/8909\/revisions\/8910"}],"wp:attachment":[{"href":"http:\/\/geodeta.gorzow.pl\/www\/wp-json\/wp\/v2\/media?parent=8909"}],"wp:term":[{"taxonomy":"category","embeddable":true,"href":"http:\/\/geodeta.gorzow.pl\/www\/wp-json\/wp\/v2\/categories?post=8909"},{"taxonomy":"post_tag","embeddable":true,"href":"http:\/\/geodeta.gorzow.pl\/www\/wp-json\/wp\/v2\/tags?post=8909"}],"curies":[{"name":"wp","href":"https:\/\/api.w.org\/{rel}","templated":true}]}}