{"id":8921,"date":"2020-07-04T09:52:52","date_gmt":"2020-07-04T09:52:52","guid":{"rendered":"http:\/\/geodeta.gorzow.pl\/www\/?p=8921"},"modified":"2020-06-26T23:17:16","modified_gmt":"2020-06-26T23:17:16","slug":"rencontre-st-pierre-des-nids","status":"publish","type":"post","link":"http:\/\/geodeta.gorzow.pl\/www\/2020\/07\/04\/rencontre-st-pierre-des-nids\/","title":{"rendered":"Rencontre St Pierre Des Nids"},"content":{"rendered":"<p>10 Agenda \u00e0 Saint-Pierre-des-Nids. Concerts, spectacles, expositions, th\u00e9\u00e2tre, brocantes, vide-greniers, visites, tourisme. Tous les \u00e9v\u00e9nements \u00e0 venir \u00e0 Saint-Pierre-des-Nids et aux environs. Toutes les manifestations dans votre ville. 503 Service Unavailable Error 503 Service Unavailable Nous contacter : Mairie ST PIERRE DES NIDS-21 rue du Docteur Poirrier-53370 SAINT PIERRE DES NIDS Courriel: Tel : 02 43 03 50 13 Pour tout savoir \u00e0 ce sujet cliquez sur la pomme et la poire! Venez partager cet \u00e9v\u00e9nement organis\u00e9 pour vous, rencontrer les administrateurs de votre Caisse locale et les dirigeants de votre banque, vous informer de son actualit\u00e9. Vous b\u00e9n\u00e9ficierez dune intervention sur notre partenariat avec lOffice National des For\u00eats, ainsi que la pr\u00e9sentation de lassociation Meloko par son pr\u00e9sident F\u00e9lix Degrave Https:www.cc-montdesavaloirs.frwp-contentuploads202003velo_classique.jpg 449 664 chargeedecom https:www.cc-montdesavaloirs.frwp-contentuploads201703logo-essai-site-1.png chargeedecom 2020-06-08 15:16:15 2020-06-08 15:26:35 Le Bonus V\u00e9lo est de retour! Comment obtenir un certificat de conformit\u00e9 Consuel dans la r\u00e9gion Pays De La Loire? <img decoding=\"async\" src=\"http:\/\/www.tourisme-alpesmancelles.fr\/media\/bois__017348200_2227_17092012.jpg\" alt=\"rencontre st pierre des nids\" align=\"left\"> Contact : Pascale COURTOIS Mail : pascale.court T\u00e9l : 06 73 84 28 10  MASTER 2 PROJETS CULTURELS DANS LESPACE PUBLIC Paris I Panth\u00e9on Sorbonne depuis 2005, interventions sur les questions des arts du son en espace public ; 2008 : participation au cycle de rencontres-d\u00e9bats La ville, comment \u00e7a sonne? ; 2015 : participation au cycle de rencontres-d\u00e9bats art espace public Ce site a pour objectif de vous pr\u00e9senter lassociation St Pierre des Nids AS. Vous y d\u00e9couvrirez la pr\u00e9sentation et lactualit\u00e9 de notre association. Vous pourrez obtenir plus dinformations sur nous et-Cheveux : Noir-183 cm-Statut civil: C\u00e9libataire Et surtout pour cette journ\u00e9e f\u00e9minine, ne pas oubliez toutes celles qui sinvestissent pour le club Colette, Fabienne, Am\u00e9lie et toutes celles qui donnent de leur temps pour le club, y compris les femmes de joueurs et dirigeants.. Merci Partager cet article Bonjour, je ne suis pas convaincu, que des sites de rencontres soit lun des meilleurs moyen de trouver l\u00e2me soeur, mais bon qui ne tente rien na rien alors me voil\u00e0. Colloque international Paris 8 : Musique et \u00e9cologies du son. Projets th\u00e9oriques et pratiques pour une \u00e9coute du monde Samedi 23 mars 2019, la biblioth\u00e8que de Saint-Pierre-des-Nids avait organis\u00e9 un rencontre entre les lecteurs et deux auteurs locaux : moi m\u00eame et Guy Maignan de Ravigny un village voisin. <img decoding=\"async\" src=\"http:\/\/www.wolumag.info\/eWolumag\/Wolumag-07-2018\/print\/img-2-e.jpg\" alt=\"rencontre st pierre des nids\" align=\"left\"> Sortie au cin\u00e9ma de Saint-Pierre-des-Nids le vendredi 22 novembre 2019 <img decoding=\"async\" src=\"http:\/\/myfirstpocketpal.com\/wp-content\/uploads\/2016\/05\/DSC05357.jpg\" alt=\"rencontre st pierre des nids\" align=\"left\"> En continuant votre navigation sur notre site, vous vous engagez \u00e0 accepter lutilisation des cookies. Vous trouverez sur ce site des photos, des calendriers, des r\u00e9sultats, des commentaires de matchs, des jeux, des vid\u00e9os dentra\u00eenements.. Ce site est r\u00e9serv\u00e9 \u00e0 un public MAJEUR. Il contient des images et textes \u00e0 caract\u00e8re sexuel qui peuvent choquer certaines sensibilit\u00e9s. Merci de quitter si vous \u00eates mineure. Rencontre Inter EHPAD Ehpad Casteran-St Pierre des Nids Merci dactiver le Javascript! Elcuisto, habite \u00e0 10 km de Saint-Pierre-des-Nids 53370  Les Gens du Village soir\u00e9e \u00e0 th\u00e8me \u00e0 la soupe Une rencontre conviviale pour se conna\u00eetre, aller plus loin ensemble et f\u00eater les 10 ans de TDL Auvergne! 1 sortie \u00e0 Mont-Saint-Jean : tous les \u00e9v\u00e9nements \u00e0 venir 16.9 km Samedi 12 septembre 2020 Samedi 26 septembre 2020 .<\/p>\n","protected":false},"excerpt":{"rendered":"<p>rencontre st pierre des nids<\/p>\n","protected":false},"author":1,"featured_media":0,"comment_status":"closed","ping_status":"closed","sticky":false,"template":"","format":"standard","meta":{"footnotes":""},"categories":[1],"tags":[],"_links":{"self":[{"href":"http:\/\/geodeta.gorzow.pl\/www\/wp-json\/wp\/v2\/posts\/8921"}],"collection":[{"href":"http:\/\/geodeta.gorzow.pl\/www\/wp-json\/wp\/v2\/posts"}],"about":[{"href":"http:\/\/geodeta.gorzow.pl\/www\/wp-json\/wp\/v2\/types\/post"}],"author":[{"embeddable":true,"href":"http:\/\/geodeta.gorzow.pl\/www\/wp-json\/wp\/v2\/users\/1"}],"replies":[{"embeddable":true,"href":"http:\/\/geodeta.gorzow.pl\/www\/wp-json\/wp\/v2\/comments?post=8921"}],"version-history":[{"count":1,"href":"http:\/\/geodeta.gorzow.pl\/www\/wp-json\/wp\/v2\/posts\/8921\/revisions"}],"predecessor-version":[{"id":8922,"href":"http:\/\/geodeta.gorzow.pl\/www\/wp-json\/wp\/v2\/posts\/8921\/revisions\/8922"}],"wp:attachment":[{"href":"http:\/\/geodeta.gorzow.pl\/www\/wp-json\/wp\/v2\/media?parent=8921"}],"wp:term":[{"taxonomy":"category","embeddable":true,"href":"http:\/\/geodeta.gorzow.pl\/www\/wp-json\/wp\/v2\/categories?post=8921"},{"taxonomy":"post_tag","embeddable":true,"href":"http:\/\/geodeta.gorzow.pl\/www\/wp-json\/wp\/v2\/tags?post=8921"}],"curies":[{"name":"wp","href":"https:\/\/api.w.org\/{rel}","templated":true}]}}