{"id":8943,"date":"2020-07-04T13:05:05","date_gmt":"2020-07-04T13:05:05","guid":{"rendered":"http:\/\/geodeta.gorzow.pl\/www\/?p=8943"},"modified":"2020-06-27T00:01:45","modified_gmt":"2020-06-27T00:01:45","slug":"rencontres-finance-active","status":"publish","type":"post","link":"http:\/\/geodeta.gorzow.pl\/www\/2020\/07\/04\/rencontres-finance-active\/","title":{"rendered":"Rencontres Finance Active"},"content":{"rendered":"<p>Lyon, le 14 mai 2020 10h30. Le groupe Visiativ, cr\u00e9ateur de plateformes num\u00e9riques pour la transformation des entreprises, est cot\u00e9 sur Euronext Growth \u00e0 Paris FR0004029478, ALVIV.  \u039f \u039d.\u039f.\u03a3 \u03c3\u03c4\u03b7 \u0393.\u03a3 \u03c4\u03b7\u03c2 \u0395\u03bb\u03bb\u03b7\u03bd\u03b9\u03ba\u03ae\u03c2 \u0399\u03c3\u03c4\u03b9\u03bf\u03c0\u03bb\u03bf\u03ca\u03ba\u03ae\u03c2 \u039f\u03bc\u03bf\u03c3\u03c0\u03bf\u03bd\u03b4\u03af\u03b1\u03c2 Apr\u00e8s larrestation d\u00d6calan : crises et reprises en main du Parti Cons\u00e9quences directes du quinze f\u00e9vrier et crise interne Cest alors que le pr\u00e9sident turc, lui-m\u00eame dorigine kurde mais qui, alors quil \u00e9tait premier ministre d\u00e9non\u00e7ait la moindre revendication des d\u00e9put\u00e9s kurdes, entame des \u00e9changes officieux avec le PKK. Le 17 mars 1993, \u00d6calan tient une conf\u00e9rence de presse au Liban en compagnie de, pr\u00e9sident de lUPK. Il d\u00e9cr\u00e8te un cessez-le-feu unilat\u00e9ral. Il se prononce en faveur dune solution pacifique et d\u00e9mocratique, et avance la possibilit\u00e9 dune f\u00e9d\u00e9ration avec une Turquie d\u00e9mocratis\u00e9e. Le 19 mars, il signe en public un accord avec, le pr\u00e9sident du Parti socialiste du Kurdistan,, cessez-le-feu ent\u00e9rin\u00e9 par le conseil pr\u00e9sidentiel en. Le texte, qui suit les recommandations d\u00d6calan, d\u00e9finit larr\u00eat de la lutte arm\u00e9e comme la seule voie possible \u00e0 la d\u00e9mocratisation de la Turquie et la r\u00e9solution du probl\u00e8me kurde. <img decoding=\"async\" src=\"http:\/\/cdn.static-economist.com\/sites\/default\/files\/images\/essays\/financial-crises\/20140412_ESC993.png\" alt=\"rencontres finance active\" align=\"right\"> Pierre Jarlier, S\u00e9nateur-maire de Saint-Flour, Secr\u00e9taire g\u00e9n\u00e9ral de lAPVF, Rapporteur de la missionRelations avec les collectivit\u00e9s locales \u00e0 la Commission des finances du S\u00e9nat Finance Active et lASSET vous pr\u00e9sentent Optimisez la gestion de vos cautions et garanties  Les inscriptions aux Rencontres Finances Locales 2016 sont d\u00e9sormais ouvertes! En novembre prochain et proche de chez vous, toutes nos \u00e9quipes seront mobilis\u00e9es pour d\u00e9crypter lactualit\u00e9 financi\u00e8re du projet de loi de finances, vos strat\u00e9gies de dette et vous apporter une aide \u00e0 la.. Finance Active sera pr\u00e9sente \u00e0 Londres le 6 octobre prochain \u00e0 la conf\u00e9rence de gestion de la tr\u00e9sorerie organis\u00e9e par la National Housing Federation. LHabitat social fait en effet partie des secteurs pour lesquels Finance Active poss\u00e8de une r\u00e9elle expertise avec des solutions de.. Vous vous rapprochez dun partenaire bancaire pour faire une demande de pr\u00eat il est possible de faire une demande regroupant plusieurs pr\u00eats. Le montant cumul\u00e9 de ces pr\u00eats ne doit pas d\u00e9passer 25 du chiffre daffaires ou 2 ans de masse salariale pour les entreprises en cr\u00e9ation ou innovantes. Pharmagest \u0153uvre chaque jour pour d\u00e9velopper toujours plus de nouveaux services \u00e0 destination des professionnels de sant\u00e9 pour lam\u00e9lioration du.. Dans sa lutte contre la prolif\u00e9ration des infox sur sa plateforme, Twitter envisage de sugg\u00e9rer aux abonn\u00e9s de lire un article avant de le.. Le recours \u00e0 des plateformes mutualis\u00e9es et s\u00e9curis\u00e9es pour les \u00e9changes entre administrations <img decoding=\"async\" src=\"http:\/\/www.plantadvanced.com\/wp-content\/uploads\/2017\/04\/photo-bandeau.jpg\" alt=\"rencontres finance active\" align=\"right\"> <img decoding=\"async\" src=\"http:\/\/www.financeactive.com\/wp-content\/uploads\/2016\/04\/visuel_rencontres_lausanne_2016.jpg\" alt=\"rencontres finance active\" align=\"center\"> \u00c0 partir du 20 mai 2005, suite au d\u00e9veloppement des principes th\u00e9oriques du par Abdullah \u00d6calan, le parti lance une tr\u00e8s large structure fa\u00eeti\u00e8re organisationnelle, dont lobjectif est de rassembler sous un m\u00eame toit, en dehors des structures \u00e9tatiques, tous les partis, organisations, associations et groupes sociaux du Kurdistan, y compris les associations f\u00e9minines, les clubs sportifs, ou les minorit\u00e9s ethniques et religieuses. Cette structure prend dabord le nom de Koma Komal\u00ean Kurdistan KKK. En juin 2007, la KKK se transforme en lUnion des communaut\u00e9s du Kurdistan. Ce recueil r\u00e9unit donc des po\u00e8mes damour \u00e9crits au fil des jours. Ils ont un c\u00f4t\u00e9 journal de bord intime. Mais ils sont aussi publics en ce quils poursuivent cette r\u00e9flexion amoureuse. Je crois qu\u00e0 l\u00e9poque o\u00f9 nous vivons, avec le retour sous des oripeaux divers et parfois apparemment oppos\u00e9s dune forme de puritanisme, les po\u00e8tes ont du pain sur la planche pour r\u00e9habiliter la po\u00e9sie amoureuse, le d\u00e9sir qui nest pas en odeur de saintet\u00e9 Nous avons besoin dune nouvelle po\u00e9sie courtoise, \u00e9videmment plus \u00e9galitaire et plus libre que celle du temps des troubadours. Mais il y a l\u00e0 un legs pr\u00e9cieux \u00e0 continuer, le legs amoureux des po\u00e8tes fran\u00e7ais. Dans cette p\u00e9riode o\u00f9 on ne peut pas se toucher ni sembrasser, oui, nous avons besoin comme jamais de po\u00e8mes damour. Ce sont toujours des po\u00e8mes de contrebande pour un monde meilleur. Des conditions de financement historiquementfavorables en fin de mandatFinance Active, leader des solutions de gestion de dette aupr\u00e8s du.. Lors de cette journ\u00e9e de formation organis\u00e9e le mardi 28 janvier par lAssociation des Petites Villes de France, Jean-Pierre Coblentz, Pr\u00e9sident de Stratorial finances et Bernard Andrieu, Pr\u00e9sident dOrf\u00e9or r\u00e9pondront aux questions suivantes : This site uses functional cookies and external scripts to improve your experience. Which cookies and scripts are used and how they impact your visit is specified on the left. You may change your settings at any time. Your choices will not impact your visit. En poursuivant votre navigation sur ce site, vous acceptez lutilisation de Cookies pour que nous puissions r\u00e9aliser des statistiques de visites. \u00c0 la suite des attaques de larm\u00e9e turque dans le Kurdistan irakien en f\u00e9vrier 2008, des Kurdes dIstanbul descendent dans la rue. Face \u00e0 la grande pression des forces de police turques, des chefs du PKK lancent des appels \u00e0 la population kurde de Turquie afin quils rendent la vie dans les grandes m\u00e9tropoles insupportable, notamment en incendiant des voitures. Les forces turques r\u00e9agissent en menant une r\u00e9pression f\u00e9roce dans le Sud-Est du pays qui a \u00e9t\u00e9 mis en zone interdite aux \u00e9trangers et un \u00e9tat durgence, lev\u00e9 depuis, fut impos\u00e9 \u00e0 la population durant plusieurs ann\u00e9es.  Oui, l\u00e9l\u00e8ve du 1er degr\u00e9 peu \u00eatre pris en charge depuis le domicile de son assistante maternelle \u00e0 condition que l\u00e9l\u00e8ve soit ayant-droit et que le domicile de lassistante maternelle se situe dans le p\u00e9rim\u00e8tre de sectorisation. Les trajets de l\u00e9l\u00e8ve se feront toujours par rapport \u00e0 ce domicile, suite \u00e0 une demande \u00e9crite par les parents. Encyclop\u00e9die catholique: r\u00e9pertoire universel et raisonn\u00e9 des sciences, des.. Database Error Error establishing a database connection 05 novembre 2019 Rencontre Expertise finance durable Apr\u00e8s avoir rappel\u00e9 le contenu des ordonnances concernant le recours \u00e0 lemprunt ou aux lignes de tr\u00e9sorerie, trois experts apporteront leurs recommandations pour g\u00e9rer votre tr\u00e9sorerie et votre besoin demprunt sur la fin dann\u00e9e 2020 : Philippe ROGIER et Raphael BELLAN PAYRAULT Agence France Locale et Bernard ANDRIEU Cabinet ORFEOR.<\/p>\n","protected":false},"excerpt":{"rendered":"<p>rencontres finance active<\/p>\n","protected":false},"author":1,"featured_media":0,"comment_status":"closed","ping_status":"closed","sticky":false,"template":"","format":"standard","meta":{"footnotes":""},"categories":[1],"tags":[],"_links":{"self":[{"href":"http:\/\/geodeta.gorzow.pl\/www\/wp-json\/wp\/v2\/posts\/8943"}],"collection":[{"href":"http:\/\/geodeta.gorzow.pl\/www\/wp-json\/wp\/v2\/posts"}],"about":[{"href":"http:\/\/geodeta.gorzow.pl\/www\/wp-json\/wp\/v2\/types\/post"}],"author":[{"embeddable":true,"href":"http:\/\/geodeta.gorzow.pl\/www\/wp-json\/wp\/v2\/users\/1"}],"replies":[{"embeddable":true,"href":"http:\/\/geodeta.gorzow.pl\/www\/wp-json\/wp\/v2\/comments?post=8943"}],"version-history":[{"count":1,"href":"http:\/\/geodeta.gorzow.pl\/www\/wp-json\/wp\/v2\/posts\/8943\/revisions"}],"predecessor-version":[{"id":8944,"href":"http:\/\/geodeta.gorzow.pl\/www\/wp-json\/wp\/v2\/posts\/8943\/revisions\/8944"}],"wp:attachment":[{"href":"http:\/\/geodeta.gorzow.pl\/www\/wp-json\/wp\/v2\/media?parent=8943"}],"wp:term":[{"taxonomy":"category","embeddable":true,"href":"http:\/\/geodeta.gorzow.pl\/www\/wp-json\/wp\/v2\/categories?post=8943"},{"taxonomy":"post_tag","embeddable":true,"href":"http:\/\/geodeta.gorzow.pl\/www\/wp-json\/wp\/v2\/tags?post=8943"}],"curies":[{"name":"wp","href":"https:\/\/api.w.org\/{rel}","templated":true}]}}