{"id":8977,"date":"2020-07-04T15:46:06","date_gmt":"2020-07-04T15:46:06","guid":{"rendered":"http:\/\/geodeta.gorzow.pl\/www\/?p=8977"},"modified":"2020-06-27T01:24:32","modified_gmt":"2020-06-27T01:24:32","slug":"rencontres-musicales-forcalquier-2012","status":"publish","type":"post","link":"http:\/\/geodeta.gorzow.pl\/www\/2020\/07\/04\/rencontres-musicales-forcalquier-2012\/","title":{"rendered":"Rencontres Musicales Forcalquier 2012"},"content":{"rendered":"<p>Les r\u00e9alisations des ateliers seront expos\u00e9es \u00e0 proximit\u00e9 du lieu du spectacle, se dessinera alors un environnement insolite, po\u00e9tique, sur la place du village, devant le restaurant du coin, aux abords des terrasses de caf\u00e9s La fa\u00e7ade de lancien temple fin du XVI e si\u00e8cle subsiste : la porte est plac\u00e9e sous un arc surbaiss\u00e9, avec une poste centrale. Le fronton qui la surmonte porte une inscription tir\u00e9e du livre dIsa\u00efe : Confesse le Seigneur et invoque son nom. Le bel h\u00f4tel particulier situ\u00e9 \u00e0 droite du temple XVII e si\u00e8cle a \u00e9t\u00e9 celui dune grande famille protestante, les Gassaud. LES AMIS DE BORIS BOJNEY Gestion de salles de spectacles 07 mars-Le-Val-dOcre Saint-Aubin-Ch\u00e2teau-Neuf Yonne mouvement de terrain : quelques versants de la commune sont concern\u00e9s par un al\u00e9a moyen \u00e0 fort. Ptits oignons, tout cela donne un grand moment de bonheur partag\u00e9., ancien s\u00e9nateur et p\u00e8re naturel de l\u00e9crivain po\u00e8te., sur www.annuairesante.com consult\u00e9 le 22 novembre 2015 Parc naturel r\u00e9gional du Luberon,, 2009, consult\u00e9e le 12 avril 2009 Pour lecteurs de 1214 ans. Ici le monde imaginaire est une biblioth\u00e8que, pleine de jeux et dobjets fous, de laquelle on sort en r\u00e9solvant des \u00e9nigmes. Une chouette exploration, dans un univers p\u00e9tillant, qui nest pas sans \u00e9voquer la fantaisie de Roald Dahl. Mutualit\u00e9 Fran\u00e7aise Paca D\u00e9l\u00e9gation des Alpes de Haute Provence 9 et 10 juin, Salon de l\u00e9dition ind\u00e9pendante Lantre des livres au Palais des Vins \u00e0 Orange Conf\u00e9rence de Jack M\u00e9ny sur le Giono et le pacifisme. Du 18 au 30 novembre :. Les \u00e9ditions Parole y seront du 18 au 23 en compagnie de Jack Meurant pour et Marie-Pierre Aiello pour. Avec la colonisation romaine, ce sont, en revanche, les plaines et les grands axes de communication qui sont privil\u00e9gi\u00e9s. La plus connue sous le nom de Via Domitia est construite en et permit de relier l \u00e0 la via la. Cette derni\u00e8re a \u00e9t\u00e9 am\u00e9nag\u00e9e \u00e0 linitiative du proconsul et avait une largeur de cinq \u00e0 six m\u00e8tres. De plus, elle traversa Forum Neronis d\u00e9nomination de Forcalquier \u00e0 l\u00e9poque des Romains au niveau du quartier Tatet. Quant au centre de la cit\u00e9, celui-ci \u00e9tait reli\u00e9 \u00e0 la voie romaine gr\u00e2ce \u00e0 une paire de bretelles. De ce fait, la cit\u00e9 \u00e9tait peu importante en termes de population et de puissance administrative, ce n\u00e9tait pas la cas par exemple d et aussi de o\u00f9 la voie Domitienne traversait en son centre. Moyen \u00c2ge Apr\u00e8s un BTS en design graphique puis un cursus aux beaux-arts me sp\u00e9cialisant dans les livres \u00e0 syst\u00e8me et le livre dartiste DNAT \u00e0 Epinal, DNSEP \u00e0 Rennes, jai compl\u00e9t\u00e9 mes \u00e9tudes par une formation dun an en reliure dart et ai obtenu le CAP en 2012. En 2013, je cr\u00e9e les In\u00c9ditions qui me permettent dexp\u00e9rimenter le livre dans son fond et dans sa forme. J\u00e9dite ainsi des livres \u00e0 tirages limit\u00e9s de mani\u00e8re ind\u00e9pendante et ai le privil\u00e8ge de les fabriquer conception contenucontenant, impression, fa\u00e7onnage, reliure.   \u00c9douard Baratier, Les protestants en Provence, cartes 118 et 119 et commentaire in Baratier, Duby Hildesheimer, op cit. Cela fait longtemps que je connais ce ch\u0153ur damateurs constitu\u00e9 de femmes et denfants de la Cit\u00e9 de la Savine. Une vraie confiance sest install\u00e9e au fil des ann\u00e9es. Encadr\u00e9 par les musiciens relais du service Passerelles, ce ch\u0153ur a mont\u00e9 un large r\u00e9pertoire de chants traditionnels, de chants de mariage et de berceuses. La restitution de ce travail cr\u00e9atif aura lieu dans leur quartier et se m\u00ealera aux prestations des musiciens de lOJM avec lesquels je travaille pour la session interculturelle. Des temps d\u00e9change et de rencontre, mais aussi dimprovisation et daccompagnement sur le vif sont \u00e0 pr\u00e9voir! Il semblerait que WordPress soit d\u00e9j\u00e0 install\u00e9. Pour le r\u00e9installer, commencez par supprimer vos anciennes tables de la base de donn\u00e9es. Patrimoine et de la joie pour c\u00e9l\u00e9brer un id\u00e9al commun : le patrimoine. <img decoding=\"async\" src=\"http:\/\/www.stasjh.tk\/19595-home_default\/bracelet-metal-silver-color-serti-de-strass-l19-cm-the-best-collection-chic-76023.jpg\" alt=\"rencontres musicales forcalquier 2012\" align=\"right\">  R\u00e9partition des emplois par domaines dactivit\u00e9 en 2009 <img decoding=\"async\" src=\"http:\/\/www.meltimuz.com\/wp-content\/uploads\/2015\/10\/DSC_0292-e1444231609409.jpg\" alt=\"rencontres musicales forcalquier 2012\" align=\"center\"> Je suis infiniment reconnaissant aux associations, groupements dagriculture biologique, AMAP, collectivit\u00e9s locales, lyc\u00e9es agricoles, salons litt\u00e9raires, librairies et autres organisateurs d\u00e9v\u00e8nements qui mont donn\u00e9 loccasion de pr\u00e9senter mes analyses et de les confronter au regard ac\u00e9r\u00e9 et enrichissant de publics vari\u00e9s. Je ne peux malheureusement pas \u00e9num\u00e9rer ici toutes les conf\u00e9rences et toutes les interventions que jai r\u00e9alis\u00e9es depuis cinq ans. Celles qui sont mises en lumi\u00e8re ici proc\u00e8dent dun choix forc\u00e9ment subjectif. Cet \u00e9t\u00e9, un stage de musique Jeunes Talents a \u00e9t\u00e9 organis\u00e9 du 9 au 15 juillet en partenariat avec lassociation des Rencontres Musicales de Haute Provence. Pierre-Olivier Queyras et V\u00e9ronique Marin tous les deux directeurs artistiques de cette association, lont anim\u00e9 avec p\u00e9dagogie et professionnalisme. <img decoding=\"async\" src=\"http:\/\/img.over-blog.com\/400x585\/2\/85\/73\/70\/cap-expo\/Expo\/R-M-Graves.jpg\" alt=\"rencontres musicales forcalquier 2012\" align=\"left\"> Cours par webcam Cours en face \u00e0 face Profil valid\u00e9.<\/p>\n","protected":false},"excerpt":{"rendered":"<p>rencontres musicales forcalquier 2012<\/p>\n","protected":false},"author":1,"featured_media":0,"comment_status":"closed","ping_status":"closed","sticky":false,"template":"","format":"standard","meta":{"footnotes":""},"categories":[1],"tags":[],"_links":{"self":[{"href":"http:\/\/geodeta.gorzow.pl\/www\/wp-json\/wp\/v2\/posts\/8977"}],"collection":[{"href":"http:\/\/geodeta.gorzow.pl\/www\/wp-json\/wp\/v2\/posts"}],"about":[{"href":"http:\/\/geodeta.gorzow.pl\/www\/wp-json\/wp\/v2\/types\/post"}],"author":[{"embeddable":true,"href":"http:\/\/geodeta.gorzow.pl\/www\/wp-json\/wp\/v2\/users\/1"}],"replies":[{"embeddable":true,"href":"http:\/\/geodeta.gorzow.pl\/www\/wp-json\/wp\/v2\/comments?post=8977"}],"version-history":[{"count":1,"href":"http:\/\/geodeta.gorzow.pl\/www\/wp-json\/wp\/v2\/posts\/8977\/revisions"}],"predecessor-version":[{"id":8978,"href":"http:\/\/geodeta.gorzow.pl\/www\/wp-json\/wp\/v2\/posts\/8977\/revisions\/8978"}],"wp:attachment":[{"href":"http:\/\/geodeta.gorzow.pl\/www\/wp-json\/wp\/v2\/media?parent=8977"}],"wp:term":[{"taxonomy":"category","embeddable":true,"href":"http:\/\/geodeta.gorzow.pl\/www\/wp-json\/wp\/v2\/categories?post=8977"},{"taxonomy":"post_tag","embeddable":true,"href":"http:\/\/geodeta.gorzow.pl\/www\/wp-json\/wp\/v2\/tags?post=8977"}],"curies":[{"name":"wp","href":"https:\/\/api.w.org\/{rel}","templated":true}]}}