{"id":8981,"date":"2020-07-04T03:13:14","date_gmt":"2020-07-04T03:13:14","guid":{"rendered":"http:\/\/geodeta.gorzow.pl\/www\/?p=8981"},"modified":"2020-06-27T01:53:42","modified_gmt":"2020-06-27T01:53:42","slug":"rencontres-avec-colombiennes","status":"publish","type":"post","link":"http:\/\/geodeta.gorzow.pl\/www\/2020\/07\/04\/rencontres-avec-colombiennes\/","title":{"rendered":"Rencontres Avec Colombiennes"},"content":{"rendered":"<p>Circuit Colombie : Rencontre Kogui et r\u00e9alisme magique Evaneos <img decoding=\"async\" src=\"http:\/\/img.over-blog-kiwi.com\/2\/02\/28\/94\/20170620\/ob_29c5de_colombia-me-gusta.png\" alt=\"rencontres avec colombiennes\" align=\"right\"> Expert en bases de donn\u00e9es, s\u00e9curit\u00e9 internationale et cybers\u00e9curit\u00e9 \u00e0 lUniversit\u00e9 Grenoble Alpes ; Mayeul KAUFMANN est titulaire dun Doctorat en \u00c9conomie internationale et dun Master en S\u00e9curit\u00e9 Internationale et D\u00e9fense. Il est membre du Centre d\u00e9tudes sur la S\u00e9curit\u00e9 Internationale et les Coop\u00e9rations Europ\u00e9ennes, de lEcole de la Paix de Grenoble, de l Institut de recherche sur la R\u00e9solution Non-violente des Conflits et du Grenoble Alpes Cybersecurity Institute. Il est le chercheur principal du projet Cyber and International Security, projet en phase de pr\u00e9-s\u00e9lection Labels Centre dexcellence du Minist\u00e8re des Arm\u00e9es fran\u00e7ais, qui vise \u00e0 rendre accessible au grand public et aux chercheurs des indicateurs et outils permettant danalyser les conflits conflits arm\u00e9s et cyberattaques. Prix Chambre Double 250.000 Prix Lit Dortoir 100.000 Les visites de Bogota, Villa de Leyva, Barichara, Carthag\u00e8ne et Medellin. Exp\u00e9rimenter deux nuits en hamac dans un petit hameau de la p\u00e9ninsule de Guajira. Les mobilisations ouvri\u00e8res et indig\u00e8nes sont g\u00e9n\u00e9ralement r\u00e9prim\u00e9es : Quand il y a une mobilisation, elle est attribu\u00e9e aux rebelles. Si personne ny croit, on stigmatise les leaders et on tente de les jeter en prison. En 2019, des millers dindig\u00e8nes bloquent la ; les affrontements avec la police font plusieurs morts.  WinTeamName vainqueur apr\u00e8s prolongation \u00e0 la faveur des buts marqu\u00e9s \u00e0 lext\u00e9rieur <img decoding=\"async\" src=\"http:\/\/static.wixstatic.com\/media\/2c286d_2a64fc97ee7a43308953a0d8ec21e0c4.jpg\" alt=\"rencontres avec colombiennes\" align=\"left\"> <img decoding=\"async\" src=\"http:\/\/colombian-brides.com\/wp-content\/uploads\/2018\/07\/Cartagena-Colombia-map.png\" alt=\"rencontres avec colombiennes\" align=\"right\"> Eric Julien reprend le cours de sa vie, son travail pour la t\u00e9l\u00e9vision colombienne dans le cadre dune coop\u00e9ration avec la France. Mais il noublie pas ses amis Kogis et d\u00e9vore tous les livres les concernant : ils sont les derniers h\u00e9ritiers des grandes civilisations pr\u00e9colombiennes du continent sud-am\u00e9ricain. Entre eux, ils sappellent Kagadas les gens de la Terre, et surnomment les Blancs : Petits fr\u00e8res. Les difficult\u00e9s dacc\u00e8s de la Sierra leur ont permis de traverser lHistoire, camoufl\u00e9s par d\u00e9ternels nuages \u00e0 5000 m\u00e8tres daltitude. Mais leurs terres sont convoit\u00e9es et vol\u00e9es par les narcos, les gu\u00e9rillas et les paramilitaires. Les gu\u00e9rilleros d\u00e9robent leur r\u00e9coltent, les narcos leur prennent leur terre pour la culture de la coca et les paramilitaires les tuent. Lassociation d Eric Julien : : cr\u00e9\u00e9e en 1997, sous le parrainage de Pierre Richard, Edgar Morin et Jean-Marie Pelt, lAssociation r\u00e9unit celles et ceux qui souhaitent pr\u00e9server un mode dexistence bas\u00e9 sur le respect de la nature, des autres et la recherche de l\u00e9quilibre. La visite des villes de Bogota, Carthag\u00e8ne et Medellin guerre, de crimes contre lhumanit\u00e9 et de g\u00e9nocide lorsquils ne Signaler une r\u00e9ponse inappropri\u00e9e Merci. Votre aide est tr\u00e8s appr\u00e9ci\u00e9e. Le 10 mai 2012, le Premier Ministre Wen Jiabao a rencontr\u00e9, au Pavillon Ziguangge \u00e0 Zhongnanhai, le Pr\u00e9sident colombien Juan Manuel Santos. Vous avez envie de marcher 7 \u00e0 8 heures par jour en itin\u00e9rance et autonomie, pendant plusieurs jours cons\u00e9cutifs 5 \u00e0 10 jours avec des d\u00e9nivel\u00e9s cons\u00e9quents. Ex-combattants d\u00e9veloppent des activit\u00e9s productives et se il a enregistr\u00e9 un fort recul ces trente derni\u00e8res Sajoutant \u00e0 une centaine de dissidences exprim\u00e9es d\u00e8s la criminelles et 23 dautres groupes non identifi\u00e9s. Etant donn\u00e9 limportance de ce grand rassemblement annuel, le bureau BUSINESS FRANCE de Bogota organise une rencontre acheteurs qui permettra aux entreprises fran\u00e7aises de profiter dune forte visibilit\u00e9, de sactualiser sur les projets en cours au contact avec les donneurs dordre ainsi que de rencontrer de possibles partenaires locaux. Cela-dit quand tu re\u00e7ois un coup de fil dun natif colombien et quil te propose de venir d\u00e9couvrir son village en pleine montagne parce quun autre fran\u00e7ais lui a parl\u00e9 de ton blog merci Laurent de lagence La Mochila il faudrait \u00eatre b\u00eate pour laisser passer une opportunit\u00e9 aussi incroyable.  08:10 AM 08:30 AM: Hilda Raquel L\u00f3pez G\u00f3mez, directrice science, technologie et innovation minist\u00e8re de la d\u00e9fense colombien avons visit\u00e9e, laide fran\u00e7aise a permis, par exemple, lachat colombo-japones, lInstituto colombo-americano, avec comme objectif la Jai re\u00e7u Jeric\u00f3 \u00e0 travers la voix dune femme, les histoires enchant\u00e9es de ma grand-tante Ruth Mesa, qui y est n\u00e9e et y a grandi. Elle fait partie de la g\u00e9n\u00e9ration qui a migr\u00e9 de la campagne \u00e0 la ville de Medellin autour des ann\u00e9es 40 quand Medellin \u00e9tait en plein essor r\u00e9gional. Ruth \u00e9tait donc le dernier lien entre nos origines rurales dans la montagne et les jeunes g\u00e9n\u00e9rations urbaines de la famille. Quand Ruth est tomb\u00e9e malade, jai d\u00e9cid\u00e9 de lenregistrer pour conserver ses histoires pour ma famille. Quand elle est morte, jai senti que tout un chapitre de lhistoire de la famille se fermait. Jai donc d\u00e9cid\u00e9 daller \u00e0 Jeric\u00f3, pour retrouver des femmes comme elle. Qui incarnaient avec autant de gr\u00e2ce lauthenticit\u00e9 et la beaut\u00e9 de lesprit f\u00e9minin de ma culture dorigine. Je voulais faire \u00e0 la fois un document de m\u00e9moire pour la famille collective de Jeric\u00f3, dAntioquia et de la Colombie, mais aussi prendre la libert\u00e9 dexprimer mon regard.  Le gouverneur du d\u00e9partement du Magdalena a d\u00e9cid\u00e9 la fermeture aux touristes des acc\u00e8s au Parc Tayrona, \u00e0 la Sierra Nevada Ciudad Perdida, Seydukwa entre autre et aux villages palafitiques de la Cienaga de Santa Marta.<\/p>\n","protected":false},"excerpt":{"rendered":"<p>rencontres avec colombiennes<\/p>\n","protected":false},"author":1,"featured_media":0,"comment_status":"closed","ping_status":"closed","sticky":false,"template":"","format":"standard","meta":{"footnotes":""},"categories":[1],"tags":[],"_links":{"self":[{"href":"http:\/\/geodeta.gorzow.pl\/www\/wp-json\/wp\/v2\/posts\/8981"}],"collection":[{"href":"http:\/\/geodeta.gorzow.pl\/www\/wp-json\/wp\/v2\/posts"}],"about":[{"href":"http:\/\/geodeta.gorzow.pl\/www\/wp-json\/wp\/v2\/types\/post"}],"author":[{"embeddable":true,"href":"http:\/\/geodeta.gorzow.pl\/www\/wp-json\/wp\/v2\/users\/1"}],"replies":[{"embeddable":true,"href":"http:\/\/geodeta.gorzow.pl\/www\/wp-json\/wp\/v2\/comments?post=8981"}],"version-history":[{"count":1,"href":"http:\/\/geodeta.gorzow.pl\/www\/wp-json\/wp\/v2\/posts\/8981\/revisions"}],"predecessor-version":[{"id":8982,"href":"http:\/\/geodeta.gorzow.pl\/www\/wp-json\/wp\/v2\/posts\/8981\/revisions\/8982"}],"wp:attachment":[{"href":"http:\/\/geodeta.gorzow.pl\/www\/wp-json\/wp\/v2\/media?parent=8981"}],"wp:term":[{"taxonomy":"category","embeddable":true,"href":"http:\/\/geodeta.gorzow.pl\/www\/wp-json\/wp\/v2\/categories?post=8981"},{"taxonomy":"post_tag","embeddable":true,"href":"http:\/\/geodeta.gorzow.pl\/www\/wp-json\/wp\/v2\/tags?post=8981"}],"curies":[{"name":"wp","href":"https:\/\/api.w.org\/{rel}","templated":true}]}}