{"id":9113,"date":"2020-07-05T15:42:00","date_gmt":"2020-07-05T15:42:00","guid":{"rendered":"http:\/\/geodeta.gorzow.pl\/www\/?p=9113"},"modified":"2020-06-27T10:39:50","modified_gmt":"2020-06-27T10:39:50","slug":"programme-rencontre-des-acteurs-publics","status":"publish","type":"post","link":"http:\/\/geodeta.gorzow.pl\/www\/2020\/07\/05\/programme-rencontre-des-acteurs-publics\/","title":{"rendered":"Programme Rencontre Des Acteurs Publics"},"content":{"rendered":"<p>Les acteurs publics et priv\u00e9s de leau saccordent sur un plan de travail commun Les 5 es Rencontres nationales de la librairie, organis\u00e9es par le, auront lieu au Palais du Pharo-centre de congr\u00e8s \u00e0 Marseille le dimanche 30 juin et le lundi 1 er juillet 2019. <img decoding=\"async\" src=\"http:\/\/www.aevv-egwa.org\/wp-content\/uploads\/cache\/images\/2018\/08\/rdg\/rdg-2650514903.png\" alt=\"programme rencontre des acteurs publics\" align=\"left\"> Principaux r\u00e9sultats du programme sols de Bretagne, modalit\u00e9s dacc\u00e8s aux donn\u00e9es et domaines dutilisation de Blandine LEMERCIER, Agrocampus Ouest Des outils pour mieux g\u00e9rer votre association et ses emplois <img decoding=\"async\" src=\"http:\/\/news.acotonou.com\/img_titrologie\/L\/20130206_lapressedujour_1818.jpg\" alt=\"programme rencontre des acteurs publics\" align=\"center\">  Votre organisation utilise des technologies de linformation et de la communication Intranet, dossiers partag\u00e9s, messagerie \u00e9lectronique, forums de discussion, Wiki, etc. Pour partager et diffuser de linformation et des connaissances entre collaborateurs. Deux revendications du secteur ont \u00e9t\u00e9 partiellement entendues: le recours \u00e0 lactivit\u00e9 partielle sera possible jusqu\u00e0 fin 2020 pour les entreprises du tourisme et de l\u00e9v\u00e8nementiel, tandis que lacc\u00e8s au fonds de solidarit\u00e9, pour les entreprises du secteur des caf\u00e9s h\u00f4tels restaurants, du tourisme, de l\u00e9v\u00e9nementiel, du sport et de la culture, sera prolong\u00e9 jusqu\u00e0 fin septembre les professionnels le demandaient jusqu\u00e0 la fin de lann\u00e9e. Comment surmonter freins culturels et appr\u00e9hensions en La saison est lanc\u00e9e. Le chou-fleur de Saint-Omer va-t-il profiter des ventes apport\u00e9es par le confinement? soit en \u00e9tude si les locaux scolaires le permettent ;  Eric de BALINCOURT, Directeur du d\u00e9veloppement infrastructure, Spie Batignolles Cette rencontre entre les citoyens, les services de l\u00c9tat et les collectivit\u00e9s territoriales permet \u00e0 tous dapporter une contribution \u00e0 la transformation de laction publique par linnovation. La Semaine de linnovation publique, cest pour quoi? Le plan de reprise dactivit\u00e9 de lUSMB-Universit\u00e9 Savoie Mont Blanc-Formation-Recherche Cr\u00e9er des appels de r\u00e9f\u00e9rence in-text ou sous forme de notes de bas de page, \u00e9diter une bibliographie, installer des styles bibliographiques, conseil de d\u00e9fense consacr\u00e9 au suivi de la crise du COVID-19 ; sur la situation \u00e9pid\u00e9mique en France et ses cons\u00e9quences sanitaires vous est propos\u00e9 par lHumanit\u00e9, en partenariat avec le site Covinfo.fr.  <img decoding=\"async\" src=\"http:\/\/www.be66.fr\/newsletter\/images\/images-Juillet-16\/ProgForMed2.jpg\" alt=\"programme rencontre des acteurs publics\" align=\"right\"> un mod\u00e8le dorganisation assurant une performance p\u00e9renne des Tous l e s acteurs, publics e t priv\u00e9s sen trouvent..<\/p>\n","protected":false},"excerpt":{"rendered":"<p>programme rencontre des acteurs publics<\/p>\n","protected":false},"author":1,"featured_media":0,"comment_status":"closed","ping_status":"closed","sticky":false,"template":"","format":"standard","meta":{"footnotes":""},"categories":[1],"tags":[],"_links":{"self":[{"href":"http:\/\/geodeta.gorzow.pl\/www\/wp-json\/wp\/v2\/posts\/9113"}],"collection":[{"href":"http:\/\/geodeta.gorzow.pl\/www\/wp-json\/wp\/v2\/posts"}],"about":[{"href":"http:\/\/geodeta.gorzow.pl\/www\/wp-json\/wp\/v2\/types\/post"}],"author":[{"embeddable":true,"href":"http:\/\/geodeta.gorzow.pl\/www\/wp-json\/wp\/v2\/users\/1"}],"replies":[{"embeddable":true,"href":"http:\/\/geodeta.gorzow.pl\/www\/wp-json\/wp\/v2\/comments?post=9113"}],"version-history":[{"count":1,"href":"http:\/\/geodeta.gorzow.pl\/www\/wp-json\/wp\/v2\/posts\/9113\/revisions"}],"predecessor-version":[{"id":9114,"href":"http:\/\/geodeta.gorzow.pl\/www\/wp-json\/wp\/v2\/posts\/9113\/revisions\/9114"}],"wp:attachment":[{"href":"http:\/\/geodeta.gorzow.pl\/www\/wp-json\/wp\/v2\/media?parent=9113"}],"wp:term":[{"taxonomy":"category","embeddable":true,"href":"http:\/\/geodeta.gorzow.pl\/www\/wp-json\/wp\/v2\/categories?post=9113"},{"taxonomy":"post_tag","embeddable":true,"href":"http:\/\/geodeta.gorzow.pl\/www\/wp-json\/wp\/v2\/tags?post=9113"}],"curies":[{"name":"wp","href":"https:\/\/api.w.org\/{rel}","templated":true}]}}