{"id":9119,"date":"2020-07-05T22:15:18","date_gmt":"2020-07-05T22:15:18","guid":{"rendered":"http:\/\/geodeta.gorzow.pl\/www\/?p=9119"},"modified":"2020-06-27T10:48:25","modified_gmt":"2020-06-27T10:48:25","slug":"rencontres-cine-en-herbe","status":"publish","type":"post","link":"http:\/\/geodeta.gorzow.pl\/www\/2020\/07\/05\/rencontres-cine-en-herbe\/","title":{"rendered":"Rencontres Cin\u00e9 En Herbe"},"content":{"rendered":"<p>Une centaine de Calaisiens se sont d\u00e9plac\u00e9s pour se faire tester <img decoding=\"async\" src=\"http:\/\/focales.org\/wp-content\/uploads\/2016\/09\/capture-decran-2016-09-01-a-16-23-01.png\" alt=\"rencontres cin\u00e9 en herbe\" align=\"left\"> Si vous cherchez \u00e0 nous joindre en dehors de ces horaires, nh\u00e9sitez pas \u00e0 nous laisser un message ou \u00e0 nous contacter par e-mail : directioncss34.fr Copyright 2020-Cin\u00e9 en Herbe. Tous droits r\u00e9serv\u00e9s. <img decoding=\"async\" src=\"http:\/\/www.genevafamilydiaries.net\/wp-content\/uploads\/2013\/06\/988624_389504337828813_58920387_n-442x620.png\" alt=\"rencontres cin\u00e9 en herbe\" align=\"right\"> Au Burkina Faso, apr\u00e8s linsurrection populaire doctobre 2014, Bikontine, un jeune po\u00e8te, d\u00e9cide de partir \u00e0 la rencontre de ses concitoyens le long de lunique voie ferr\u00e9e du pays. Du Sud au Nord, de villes en villages, despoirs en d\u00e9sillusions, il met \u00e0 l\u00e9preuve son r\u00f4le de po\u00e8te face aux r\u00e9alit\u00e9s dune soci\u00e9t\u00e9 en pleine transformation et r\u00e9v\u00e8le en chemin lh\u00e9ritage politique toujours vivace dun ancien pr\u00e9sident : Thomas Sankara.  Un court-m\u00e9trage pour aborder avec les enfants, de mani\u00e8re m\u00e9taphorique et originale, le th\u00e8me de la diff\u00e9rence et de lexclusion. Une vie dartiste : podcast et r\u00e9\u00e9coute sur France Culture 8\u00e8me Festival du 1er court-m\u00e9trage de Pontault-Combault il ach\u00e8ve dans un m\u00eame mouvement de la saccager en Cette ann\u00e9e Cin\u00e9 En Herbe se met sur son 31 \u00e0 Montlu\u00e7on les 8, 9, 10 et 11 avril au cin\u00e9ma Le Palace et au th\u00e9\u00e2tre Gabrielle Robinne : Localisez votre magasin de jardinage Gamm vert : jardinerie et animalerie Melbourne International Animation Festival, Melbourne, Australie, juin 2017  Du 20 au 25 janvier, lAlpe dHuez, du haut des ses mythiques 21 lacets, accueillera et c\u00e9l\u00e9brera le 7\u00e8me art, celui qui fait rire, sourire \u00e0 travers toutes les formes dhumour. Le 12\u00e8me festival du film de com\u00e9die pr\u00e9sentera une s\u00e9lection de courts m\u00e9trages et de longs-m\u00e9trages..  Que vous souhaitiez r\u00e9viser vos bases ou les approfondir, nh\u00e9sitez pas : Cin\u00e9 Syst\u00e8me est la r\u00e9ponse \u00e0 votre attente. De vrais pros tr\u00e8s exp\u00e9riment\u00e9s et toujours en exercice, techniciens attentifs, p\u00e9dagogues et heureux de partager, se mettent \u00e0 votre service pour vous aider \u00e0 mieux comprendre et parler le langage de la r\u00e9alisation. Un seul but : vous permettre de prendre vraiment le contr\u00f4le de VOTRE film. En formule courte ou longue 3 semaines full-time, Cin\u00e9 Syst\u00e8me offre un enseignement \u00e0 la fois th\u00e9orique et pratique absolument remarquable, vous emm\u00e8ne chez les loueurs au contact du mat\u00e9riel de tournage, et vous met litt\u00e9ralement les mains dans le cambouis. Apr\u00e8s \u00e7a, plus dh\u00e9sitation \u00e0 dire : moteur. Chapeau bas, les amis, et un grand merci pour tout ce que vous mavez appris. Cin\u00e9ma associatif \u00e0 quelques m\u00e8tres de la plage, un cin\u00e9ma de proximit\u00e9 enti\u00e8rement r\u00e9nov\u00e9. Class\u00e9 Art Essai avec les labels Jeune Public, Patrimoine et R\u00e9pertoire. La programmation fait une large place aux plus jeunes spectateurs : cin\u00e9-go\u00fbt\u00e9, avant premi\u00e8re, cin\u00e9-d\u00e9bat, ateliers, Festival BOBINES EN F\u00caTE Rencontre jeune public. Hugo sur les grands chemins de Victor, par Jean-Marc Hovasse. Lecture par Fran\u00e7ois Marthouret. Du 13 au 14 juin 2020 Lassociation valeurs et partages.. Des auteurs, des r\u00e9alisateurs, des acteurs en herbe, voire des apprentis producteurs, soutenus dans leurs d\u00e9marches par des d\u00e9ducateurs-Festival international du court m\u00e9trage de Huesca Espagne Superbe programmation cette ann\u00e9e encore, des films qui comme dhab done le sourire et rend nostalgique pour ceux qui les ont d\u00e9j\u00e0 vu. En plus le tout dans une ambiance bonne enfant je sais, cest le cas de le dire.Je met une mention sp\u00e9ciale pour le film Je vous aime tr\u00e8s beaucoup, jai eu la chance de le voir en avant-premi\u00e8re et je peux vous assurer que cest une tr\u00e8s bonne com\u00e9die familiale, sur les vacances, la jeunesse, la d\u00e9couverte des responsabilit\u00e9s. Il faut absolument le voir. On peut voir des teasers, avis de spectateurs et surtout la bande annonce sur le site http:www.touscoprod.compage.. <img decoding=\"async\" src=\"http:\/\/www.cineenherbe.com\/wp-content\/uploads\/2016\/02\/2016.jpg\" alt=\"rencontres cin\u00e9 en herbe\" align=\"center\"> Programmation jeune public adapt\u00e9e aux tr\u00e8s jeunes enfants \u00e0 partir de 23 ans, jusqu\u00e0 ladolescence en mettant en avant les films Art et Essai et en proposant des activit\u00e9s d\u00e9ducation \u00e0 limage vari\u00e9es. Nous mettons \u00e9galement en avant des films du patrimoine pour ce public, allant des grands classiques Disney jusquau burlesque de Chaplin.<\/p>\n","protected":false},"excerpt":{"rendered":"<p>rencontres cin\u00e9 en herbe<\/p>\n","protected":false},"author":1,"featured_media":0,"comment_status":"closed","ping_status":"closed","sticky":false,"template":"","format":"standard","meta":{"footnotes":""},"categories":[1],"tags":[],"_links":{"self":[{"href":"http:\/\/geodeta.gorzow.pl\/www\/wp-json\/wp\/v2\/posts\/9119"}],"collection":[{"href":"http:\/\/geodeta.gorzow.pl\/www\/wp-json\/wp\/v2\/posts"}],"about":[{"href":"http:\/\/geodeta.gorzow.pl\/www\/wp-json\/wp\/v2\/types\/post"}],"author":[{"embeddable":true,"href":"http:\/\/geodeta.gorzow.pl\/www\/wp-json\/wp\/v2\/users\/1"}],"replies":[{"embeddable":true,"href":"http:\/\/geodeta.gorzow.pl\/www\/wp-json\/wp\/v2\/comments?post=9119"}],"version-history":[{"count":1,"href":"http:\/\/geodeta.gorzow.pl\/www\/wp-json\/wp\/v2\/posts\/9119\/revisions"}],"predecessor-version":[{"id":9120,"href":"http:\/\/geodeta.gorzow.pl\/www\/wp-json\/wp\/v2\/posts\/9119\/revisions\/9120"}],"wp:attachment":[{"href":"http:\/\/geodeta.gorzow.pl\/www\/wp-json\/wp\/v2\/media?parent=9119"}],"wp:term":[{"taxonomy":"category","embeddable":true,"href":"http:\/\/geodeta.gorzow.pl\/www\/wp-json\/wp\/v2\/categories?post=9119"},{"taxonomy":"post_tag","embeddable":true,"href":"http:\/\/geodeta.gorzow.pl\/www\/wp-json\/wp\/v2\/tags?post=9119"}],"curies":[{"name":"wp","href":"https:\/\/api.w.org\/{rel}","templated":true}]}}