{"id":922,"date":"2020-06-21T10:46:18","date_gmt":"2020-06-21T10:46:18","guid":{"rendered":"http:\/\/geodeta.gorzow.pl\/www\/?p=922"},"modified":"2020-06-21T03:47:13","modified_gmt":"2020-06-21T03:47:13","slug":"rencontre-eaux-vives","status":"publish","type":"post","link":"http:\/\/geodeta.gorzow.pl\/www\/2020\/06\/21\/rencontre-eaux-vives\/","title":{"rendered":"Rencontre Eaux Vives"},"content":{"rendered":"<p> Les 15 et 16 juin, vos magasins Bio c Bon c\u00e9l\u00e8brent les papas! Pour acc\u00e9l\u00e9rer la recherche sur les leucodystrophies, il faut rassembler le plus grand nombre de patients possible pour constituer une cohorte repr\u00e9sentative de patients et favoriser ainsi les \u00e9tudes cliniques. Tern\u00e9lia LEau Vive-Vacances Loisirs au Pays des Bauges Village de vacances Office de tourisme du Coeur des Bauges D\u00e9butant Rapides simples, avec passes \u00e9videntes, ne n\u00e9cessitant pas de reconnaissance. Man\u0153uvres occasionnelles requises, mais rochers et vagues de taille moyenne sont facilement \u00e9vit\u00e9s par les pratiquants entra\u00een\u00e9s. Aide ext\u00e9rieure rarement n\u00e9cessaire en cas de probl\u00e8me. Profil, finance, Newsroom, patrimoine, culture, identit\u00e9, fournisseurs <img decoding=\"async\" src=\"http:\/\/www.ville-geneve.ch\/fileadmin\/public\/Departement_5\/newsletter\/asp\/flyerLisa.jpg\" alt=\"rencontre eaux vives\" align=\"left\"> Vous avez entre 18 et 25 ans? Nous vous accompagnons au mieux pour vos premiers pas dans la vie dadulte A cause de la pand\u00e9mie, de nombreux vols ont d\u00fb \u00eatre annul\u00e9s. Des annulations qui ont provoqu\u00e9 la col\u00e8re des consommateurs car \u00e0 lheure actuelle, ils sont peu nombreux \u00e0 avoir \u00e9t\u00e9 rembours\u00e9s, selon la FRC. <img decoding=\"async\" src=\"http:\/\/www.ville-geneve.ch\/fileadmin\/public\/images\/agenda_et_actualites\/2017\/ville-est-a-vous-2017-actu-ville-geneve.jpg\" alt=\"rencontre eaux vives\" align=\"center\"> Depuis 2013, les Rencontres de la s\u00e9curit\u00e9 r\u00e9sultent de la fusion de deux op\u00e9rations qui \u00e9taient organis\u00e9es de fa\u00e7on distincte par les m\u00eames acteurs de terrain, la semaine de la s\u00e9curit\u00e9 routi\u00e8re et la journ\u00e9e de la s\u00e9curit\u00e9 int\u00e9rieure. Elles en reprennent pleinement les th\u00e9matiques. La journ\u00e9e stands mercredi 10 octobre, de 09h30 \u00e0 17h00 au centre commercial G\u00e9ant Casino de Furiani Poser une question \u00e0 LEPEREVINCENT \u00e0 propos de Espace Eau Vive Completing the CAPTCHA proves you are a human and gives you temporary access to the web property. Le 17 et le 20 juin 2020 Venez d\u00e9couvrir et pratiquer la sophrologie.. Roanne Bienvenue sur le site de la Maison de Quartier des Eaux-Vives Glaces, chocolats, textile d\u00e9couvrez une s\u00e9lection de gammes propos\u00e9es par lenseigne. Le club athl\u00e9tique des Eaux vives a, dembl\u00e9e, adh\u00e9r\u00e9 au projet de ces \u00e9tudiants pour fournir lensemble du mat\u00e9riel et apporter son soutien sur lorganisation de la soir\u00e9e \u00e0 laquelle sont pr\u00e9vus des moments de d\u00e9monstrations et dinitiation. Le 15 d\u00e9cembre 2019, le plus grand r\u00e9seau transfrontalier sera mis en service entre la Suisse et la France. Pendant le week-end, pour c\u00e9l\u00e9brer cet \u00e9v\u00e9nement tant attendu, les communes, institutions culturelles et sportives et bien dautres se sont coordonn\u00e9es pour vous offrir un programme riche et vari\u00e9 avec plus de 100 activit\u00e9s. Venez f\u00eater Element 1 9 d\u00e9cembre 2019  places l ike G ene va Parc des Ea ux-vi ves 2011. <img decoding=\"async\" src=\"http:\/\/leau-vive.legrandhuit.eu\/wp-content\/uploads\/2016\/08\/rencontr-eau.jpg\" alt=\"rencontre eaux vives\" align=\"left\"> .<\/p>\n","protected":false},"excerpt":{"rendered":"<p>rencontre eaux vives<\/p>\n","protected":false},"author":1,"featured_media":0,"comment_status":"closed","ping_status":"closed","sticky":false,"template":"","format":"standard","meta":{"footnotes":""},"categories":[1],"tags":[],"_links":{"self":[{"href":"http:\/\/geodeta.gorzow.pl\/www\/wp-json\/wp\/v2\/posts\/922"}],"collection":[{"href":"http:\/\/geodeta.gorzow.pl\/www\/wp-json\/wp\/v2\/posts"}],"about":[{"href":"http:\/\/geodeta.gorzow.pl\/www\/wp-json\/wp\/v2\/types\/post"}],"author":[{"embeddable":true,"href":"http:\/\/geodeta.gorzow.pl\/www\/wp-json\/wp\/v2\/users\/1"}],"replies":[{"embeddable":true,"href":"http:\/\/geodeta.gorzow.pl\/www\/wp-json\/wp\/v2\/comments?post=922"}],"version-history":[{"count":1,"href":"http:\/\/geodeta.gorzow.pl\/www\/wp-json\/wp\/v2\/posts\/922\/revisions"}],"predecessor-version":[{"id":923,"href":"http:\/\/geodeta.gorzow.pl\/www\/wp-json\/wp\/v2\/posts\/922\/revisions\/923"}],"wp:attachment":[{"href":"http:\/\/geodeta.gorzow.pl\/www\/wp-json\/wp\/v2\/media?parent=922"}],"wp:term":[{"taxonomy":"category","embeddable":true,"href":"http:\/\/geodeta.gorzow.pl\/www\/wp-json\/wp\/v2\/categories?post=922"},{"taxonomy":"post_tag","embeddable":true,"href":"http:\/\/geodeta.gorzow.pl\/www\/wp-json\/wp\/v2\/tags?post=922"}],"curies":[{"name":"wp","href":"https:\/\/api.w.org\/{rel}","templated":true}]}}