{"id":9223,"date":"2020-07-05T14:10:29","date_gmt":"2020-07-05T14:10:29","guid":{"rendered":"http:\/\/geodeta.gorzow.pl\/www\/?p=9223"},"modified":"2020-06-27T17:00:26","modified_gmt":"2020-06-27T17:00:26","slug":"rencontre-cope-fillon","status":"publish","type":"post","link":"http:\/\/geodeta.gorzow.pl\/www\/2020\/07\/05\/rencontre-cope-fillon\/","title":{"rendered":"Rencontre Cope Fillon"},"content":{"rendered":"<p>Sur lepoint.fr, 2012 consult\u00e9 le 8 juin 2012. <img decoding=\"async\" src=\"http:\/\/www.michelvaspart.fr\/wp-content\/uploads\/2016\/09\/IMGP1886.jpg\" alt=\"rencontre cope fillon\" align=\"center\">   <img decoding=\"async\" src=\"http:\/\/scd.rfi.fr\/sites\/filesrfi\/dynimagecache\/0\/0\/1152\/648\/600\/338\/sites\/images.rfi.fr\/files\/aef_image\/000_ve5qt_0.jpg\" alt=\"rencontre cope fillon\" align=\"left\"> Congr\u00e8s de lUnion pour un mouvement populaire de 2012 Lex-ministre de lEcologie, qui avait promis dagir avec \u00e9l\u00e9gance lors de cet \u00e9pisode du remaniement, a l\u00e2ch\u00e9 \u00e0 Fran\u00e7ois Fillon, selon Le Monde: Je ne ferai rien pour temmerder. Ce mouvement \u00e9motionnel et instrumentalis\u00e9 peut-il d\u00e9boucher sur des bouleversements politiques? quils choisissent leurs armes et se retrouvent au petit matin pour un vrai duel!! :: Novopress.info-arme de r\u00e9information massive-actualit\u00e9s en ligne, politique, soci\u00e9t\u00e9, culture.. 12h : Les non-align\u00e9s nabdiquent pas. Bruno Le Maire doit tenir un point-presse mardi \u00e0 12h45 \u00e0 la Questure. Dans la matin\u00e9e, il a mis en garde Jean-Fran\u00e7ois Cop\u00e9 et Fran\u00e7ois Fillon contre la conclusion dun petit arrangement entre amis  Le pr\u00e9sident proclam\u00e9 de lUMP Jean-Fran\u00e7ois Cop\u00e9 a t\u00e9l\u00e9phon\u00e9 jeudi \u00e0 son rival Fran\u00e7ois Fillon pour lui proposer une rencontre, ce que lex-Premier ministre a accept\u00e9 \u00e0 la seule condition quAlain Hupp\u00e9 soit pr\u00e9sent. This feature is not available right now. Please try again later. Les fillonistes ont salu\u00e9 une excellente initiative. Une nouvelle rencontre entre Jean-Fran\u00e7ois Cop\u00e9 et Fran\u00e7ois Fillon, qui devait se tenir mercredi en fin de journ\u00e9e, a \u00e9t\u00e9 report\u00e9e \u00e0 jeudi dans lapr\u00e8s-midi, en raison dun probl\u00e8me dagenda, a-t-on appris dans lentourage de M Cop\u00e9. Invit\u00e9e par la suite sur LCI, Marion Mar\u00e9chal a ajout\u00e9 : il explique pourquoi, comme je lai observ\u00e9 sur La recherche, Sci am, futura science, les esprits se braquent dautant plus vite que les donn\u00e9es r\u00e9centes deviennent d\u00e9plaisantes et irr\u00e9futables, et les pr\u00e8tres du dogmes veillent a ne pas mettre ajour leurs donn\u00e9es. <img decoding=\"async\" src=\"http:\/\/www.lepoint.fr\/images\/2013\/01\/08\/1011014-jpg_885190_660x281.JPG\" alt=\"rencontre cope fillon\" align=\"left\"> Mais il y a aussi des points de friction : lors des tractations, Jean-Fran\u00e7ois Cop\u00e9 aurait propos\u00e9 \u00e0 Fran\u00e7ois Fillon la pr\u00e9sidence du groupe parlementaire de lUMP \u00e0 lAssembl\u00e9e, en lieu et place de Christian Jacob. Une offre que lancien Premier ministre aurait refus\u00e9e. La pr\u00e9sidence dun intergroupe parlementaire regroupant UMP et RUMP est aussi \u00e9voqu\u00e9e par le Canard Enchain\u00e9. Si on narrive pas \u00e0 un accord, on narrive pas \u00e0 un accord, et si M. Fillon et M. Cop\u00e9 ne sont pas disponibles avant dimanche, jen tirerai les conclusions, a annonc\u00e9 Alain Jupp\u00e9 avec une pointe dironie VIDEO. LUMP dans limpasse avant la rencontre Jupp\u00e9-Cop\u00e9-Fillon Non. Vous pouvez vous connecter avec votre compte sur autant dappareils que vous le souhaitez, mais en les utilisant \u00e0 des moments diff\u00e9rents. Ces sondages sont ainsi critiqu\u00e9s par, qui rappelle r\u00e9guli\u00e8rement que ce sont les adh\u00e9rents et non les sympathisants qui votent. Les partisans de ce dernier d\u00e9noncent lutilisation de ces sondages par, qui a notamment envoy\u00e9 un sms aux militants pour porter \u00e0 leur connaissance un sondage dans lequel il est pr\u00e9f\u00e9r\u00e9 \u00e0 son adversaire face \u00e0. Abonnez-vous \u00e0 la newsletter pour recevoir nos derni\u00e8res publications. Je pense que Cop\u00e9 \u00e0 la place de Fillon serait une tr\u00e8s bonne chose pour la V\u00e8me R\u00e9publique, \u00e7a serait une bonne nouvelle pour les institutions, pour r\u00e9\u00e9quilibrer les pouvoirs entre le Pr\u00e9sident et le Premier ministre.<\/p>\n","protected":false},"excerpt":{"rendered":"<p>rencontre cope fillon<\/p>\n","protected":false},"author":1,"featured_media":0,"comment_status":"closed","ping_status":"closed","sticky":false,"template":"","format":"standard","meta":{"footnotes":""},"categories":[1],"tags":[],"_links":{"self":[{"href":"http:\/\/geodeta.gorzow.pl\/www\/wp-json\/wp\/v2\/posts\/9223"}],"collection":[{"href":"http:\/\/geodeta.gorzow.pl\/www\/wp-json\/wp\/v2\/posts"}],"about":[{"href":"http:\/\/geodeta.gorzow.pl\/www\/wp-json\/wp\/v2\/types\/post"}],"author":[{"embeddable":true,"href":"http:\/\/geodeta.gorzow.pl\/www\/wp-json\/wp\/v2\/users\/1"}],"replies":[{"embeddable":true,"href":"http:\/\/geodeta.gorzow.pl\/www\/wp-json\/wp\/v2\/comments?post=9223"}],"version-history":[{"count":1,"href":"http:\/\/geodeta.gorzow.pl\/www\/wp-json\/wp\/v2\/posts\/9223\/revisions"}],"predecessor-version":[{"id":9224,"href":"http:\/\/geodeta.gorzow.pl\/www\/wp-json\/wp\/v2\/posts\/9223\/revisions\/9224"}],"wp:attachment":[{"href":"http:\/\/geodeta.gorzow.pl\/www\/wp-json\/wp\/v2\/media?parent=9223"}],"wp:term":[{"taxonomy":"category","embeddable":true,"href":"http:\/\/geodeta.gorzow.pl\/www\/wp-json\/wp\/v2\/categories?post=9223"},{"taxonomy":"post_tag","embeddable":true,"href":"http:\/\/geodeta.gorzow.pl\/www\/wp-json\/wp\/v2\/tags?post=9223"}],"curies":[{"name":"wp","href":"https:\/\/api.w.org\/{rel}","templated":true}]}}