{"id":9245,"date":"2020-07-05T19:45:30","date_gmt":"2020-07-05T19:45:30","guid":{"rendered":"http:\/\/geodeta.gorzow.pl\/www\/?p=9245"},"modified":"2020-06-27T18:36:36","modified_gmt":"2020-06-27T18:36:36","slug":"rencontrer-alex-goude","status":"publish","type":"post","link":"http:\/\/geodeta.gorzow.pl\/www\/2020\/07\/05\/rencontrer-alex-goude\/","title":{"rendered":"Rencontrer Alex Goude"},"content":{"rendered":"<p>Le 28 juin 2014, lassociation des \u00e9l\u00e8ves et anciens \u00e9l\u00e8ves commissaires de police AECP organisait le gala de la 64e promotion des commissaires avec, comme invit\u00e9 dhonneur, Orph\u00e9opolis. Dans le magnifique cadre du Pavillon Dauphine \u00e9taient donc r\u00e9unis, au lendemain de la c\u00e9r\u00e9monie de sortie \u00e0 LENSP de Saint-Cyr-au-Mont-dOr, les commissaires de la 64e promotion. Les plus hautes autorit\u00e9s \u00e9taient pr\u00e9sentes pour honorer cet \u00e9v\u00e9nement : le ministre de lInt\u00e9rieur, le directeur g\u00e9n\u00e9ral de la Police nationale, le pr\u00e9fet de Police, le directeur central de la S\u00e9curit\u00e9 publique ainsi que le directeur des Ressources et des comp\u00e9tences de la Police nationale et la directrice de lENSP. Le discours de notre ministre, Bernard Cazeneuve, a retenu toute lattention de lauditoire. Il a notamment tenu \u00e0 exprimer quelques mots au sujet de notre institution : Vous commencez votre carri\u00e8re de commissaire avec solidarit\u00e9 par cet engagement dans lassociation qui soutient des \u0153uvres caritatives et je suis heureux que vous ayez choisi, cette ann\u00e9e, Orph\u00e9opolis, symbole de la solidarit\u00e9 dans la police. A lissue des discours, le pr\u00e9sident de lAECP nous a remis un ch\u00e8que de 5000 euros, au profit de nos prot\u00e9g\u00e9s. Un moment fort, particuli\u00e8rement applaudi, et une marque de solidarit\u00e9 qui nous touche profond\u00e9ment. Ali Harter est maman pour la deuxi\u00e8me fois. Sa petite fille Vivienne Margaret MacArthur est n\u00e9e le 15 janvier 2015 et lactrice de Heroes a partag\u00e9 une photo de son enfant sur son. Se produit au Casino de Paris depuis le 16 septembre 2016, elle part en tourn\u00e9e en province en 2017. Au milieu des artistes, \u00e9quilibristes, voltigeurs, trap\u00e9zistes, \u00e9volue Tim\u00e9o, jou\u00e9 en alternance par deux jeunes hommes en situation de handicap.  Au boulot, ch\u00f4mette!: Les tribulations dr\u00f4les et f\u00e9roces dune ch\u00f4meuse-Alexandra Tressos-Le Dauphin-Google Books Une photo publie par Alex Goude alexgoudeofficiel le 8 Oct. 2015 22h51 PDT Au d\u00e9but, jai juste amen\u00e9 un ami que je voulais d\u00e9coincer mais le prof ma forc\u00e9 \u00e0 passer une sc\u00e8ne aussi pour \u00eatre solidaire de mon pote et du coup jai pass\u00e9 un texte dune de mes idoles Pierre Desproges. C\u00e9tait un peu fou, les \u00e9l\u00e8ves ont applaudi, le prof ma demand\u00e9 depuis combien de temps je faisais \u00e7a alors que je navais jamais rien fait. Lacteur am\u00e9ricain et sa compagne Irina Shayk sont parents dune petite fille. Le couple a \u00e9t\u00e9 pour le moins original quant au choix du pr\u00e9nom de leur premier enfant. Le b\u00e9b\u00e9 sappelle L\u00e9a de Seine Shayk Cooper. Jai d\u00e9but\u00e9 sur un sinclair ZX spectrum avant de passer \u00e0 lamstrad, latari, lamiga et puis ensuite toutes les consoles! les jeux qui ont marqu\u00e9 ma jeunesse sont les jeux du d\u00e9funt Psygnosis comme Shadow of the Beast et apr\u00e8s surtout toute la folie Nintendo avec les Mario, Zelda, Metroid et autres qui restent mes jeux pr\u00e9f\u00e9r\u00e9s aujourdhui. Jai aussi un gros faible pour Assassin, les Raymans, les jeux de foot et bien s\u00fbr Call Of Duty que jadore! OK noun_1216229_FFFFFF noun_1216229_FFFFFF noun_1143006 Created using Figma noun_1146230 copy Created using Figma noun_179041 Created using Figma check noun_823836 Created using Figma noun_1109837 Created using Figma Shape Created using Figma noun_933974 Created using Figma noun_1015666_FFFFFF Created using Figma noun_1262188 Created using Figma noun_989806 Created using Figma 2018 Studiomazarine et Lecompteareboursdechacha All Rights Reserved. Oph\u00e9lie Meunier et son mari Mathieu Vergne ont accueilli leur premier enfant, un petit gar\u00e7on pr\u00e9nomm\u00e9 Joseph, selon Paris-Match. Les jeunes parents, unis depuis f\u00e9vrier 2018, nagent dans le bonheur. <img decoding=\"async\" src=\"http:\/\/www.nalijns.cf\/images\/saison\/equipes\/2015-10.jpg\" alt=\"rencontrer alex goude\" align=\"left\"> Ce num\u00e9ro valable 3 minutes nest pas le num\u00e9ro du destinataire mais le num\u00e9ro dun service permettant la mise en relation avec celui-ci. Ce service est \u00e9dit\u00e9 par le site Le Parisien. 2010 : Le Grand B\u00eatisier de No\u00ebl, avec Sandrine Corman M6 <img decoding=\"async\" src=\"http:\/\/static.m6replay.fr\/images\/landscape_576\/02\/97\/599702.jpg\" alt=\"rencontrer alex goude\" align=\"left\"> <img decoding=\"async\" src=\"http:\/\/www.mzandrehe.gq\/wp-content\/uploads\/2017\/10\/The-Buchawrestlers-Chronicles-issue-9-01-511.jpg\" alt=\"rencontrer alex goude\" align=\"center\">   Avec Jean Benguigui, Fabrice Donnio, Sacha Judaszko, Pauline Lefevre, Patrick Mille R\u00e9dacteur en chef invit\u00e9 de notre magazine familimagicmaman, cest avec la bonne humeur et lhumour qui le caract\u00e9risent quil a r\u00e9pondu \u00e0 nos questions sur sa vie de papa et quil sest soumis \u00e0 nos tests extr\u00eames. On ne vous en dit pas plus, regardez la vid\u00e9o!<\/p>\n","protected":false},"excerpt":{"rendered":"<p>rencontrer alex goude<\/p>\n","protected":false},"author":1,"featured_media":0,"comment_status":"closed","ping_status":"closed","sticky":false,"template":"","format":"standard","meta":{"footnotes":""},"categories":[1],"tags":[],"_links":{"self":[{"href":"http:\/\/geodeta.gorzow.pl\/www\/wp-json\/wp\/v2\/posts\/9245"}],"collection":[{"href":"http:\/\/geodeta.gorzow.pl\/www\/wp-json\/wp\/v2\/posts"}],"about":[{"href":"http:\/\/geodeta.gorzow.pl\/www\/wp-json\/wp\/v2\/types\/post"}],"author":[{"embeddable":true,"href":"http:\/\/geodeta.gorzow.pl\/www\/wp-json\/wp\/v2\/users\/1"}],"replies":[{"embeddable":true,"href":"http:\/\/geodeta.gorzow.pl\/www\/wp-json\/wp\/v2\/comments?post=9245"}],"version-history":[{"count":1,"href":"http:\/\/geodeta.gorzow.pl\/www\/wp-json\/wp\/v2\/posts\/9245\/revisions"}],"predecessor-version":[{"id":9246,"href":"http:\/\/geodeta.gorzow.pl\/www\/wp-json\/wp\/v2\/posts\/9245\/revisions\/9246"}],"wp:attachment":[{"href":"http:\/\/geodeta.gorzow.pl\/www\/wp-json\/wp\/v2\/media?parent=9245"}],"wp:term":[{"taxonomy":"category","embeddable":true,"href":"http:\/\/geodeta.gorzow.pl\/www\/wp-json\/wp\/v2\/categories?post=9245"},{"taxonomy":"post_tag","embeddable":true,"href":"http:\/\/geodeta.gorzow.pl\/www\/wp-json\/wp\/v2\/tags?post=9245"}],"curies":[{"name":"wp","href":"https:\/\/api.w.org\/{rel}","templated":true}]}}