{"id":9259,"date":"2020-07-05T05:28:31","date_gmt":"2020-07-05T05:28:31","guid":{"rendered":"http:\/\/geodeta.gorzow.pl\/www\/?p=9259"},"modified":"2020-06-27T19:39:21","modified_gmt":"2020-06-27T19:39:21","slug":"deutsch-franzo-treffen-in-frankfurt-rencontre-franco-allemande-a-francfort","status":"publish","type":"post","link":"http:\/\/geodeta.gorzow.pl\/www\/2020\/07\/05\/deutsch-franzo-treffen-in-frankfurt-rencontre-franco-allemande-a-francfort\/","title":{"rendered":"Deutsch Franz\u00f6 Treffen In Frankfurt Rencontre Franco Allemande \u00c0 Francfort"},"content":{"rendered":"<p>14h45 Julien Bondaz Universit\u00e9 de Lyon 2, Laboratoire dAnthropologie des Enjeux Contemporains, FRE 2002-CNRS-Universit\u00e9 Lyon 2-ENS de Lyon : Africaniser les sciences coloniales. LInstitut Fran\u00e7ais dAfrique Noire et le tournant des Ind\u00e9pendances 1957-1967 Des d\u00e9bats eurent lieu sur la r\u00e9partition des pouvoirs entre ex\u00e9cutif et l\u00e9gislatif. Alors que la gauche souhaitait un gouvernement faible vis-\u00e0-vis du parlement avec de vastes possibilit\u00e9s pour ce dernier dimposer ses vues au premier, la droite voulait quant \u00e0 elle donner la possibilit\u00e9 au chef d\u00c9tat la possibilit\u00e9 de dissoudre le parlement. Elle voulait \u00e9galement laisser toute libert\u00e9 au gouvernement dans le domaine de la politique ext\u00e9rieure. La question se transforma rapidement en question sur le droit de veto. Ausschu\u00df f\u00fcr die Einleitung der Untersuchung gegen die Abgeordneten Robert Blum und Johann Georg G\u00fcnther 01122019 au 31012020 Route de Ruill\u00e9, Grez-en-Bou\u00e8re, 53290, France r\u00e9alisation dun concours sous forme de quiz franco-allemand bilingue diffus\u00e9 dans la presse Compte rendu du conseil d\u00e9tablissement du 21 novembre 2018 22012020 au 22012020 4 Forststra\u00dfe, Frankfurt Oder, 15230, Allemagne franz\u00f6sischen Kultur und Sprache verbunden f\u00fchlen. An die w\u00f6chentlichen Treffen <img decoding=\"async\" src=\"http:\/\/www.elu-terminalen.tk\/wp-content\/uploads\/2017\/10\/Matmatah-2017-376x250.jpg\" alt=\"deutsch franz\u00f6 treffen in frankfurt rencontre franco allemande \u00e0 francfort\" align=\"left\"> Le Consulat g\u00e9n\u00e9ral de France \u00e0 Francfort organise les deutsch-franz\u00f6sische Talente-Treffen-des entretiens professionnels pour jeunes dipl\u00f4m\u00e9s franco-allemands-avec lassociation athena emploi-allemagne. Trois rencontres se d\u00e9rouleront sous le haut patronage de M. Peter Feldmann, maire de Francfort. La 1\u00e8re rencontre, secteurs de la banque et de la finance, aura lieu le lundi 6 octobre 2014 \u00e0 16h-IHK Frankfurt am Main, Raum Lichthof, B\u00f6rsenplatz 4, 60313 Frankfurt. Die Exkursion setzt sich angesichts eines nicht erst unl\u00e4ngst aufkeimenden Antisemitismus die Auseinandersetzung mit j\u00fcdischer Geschichte und Kultur zum Ziel. Kenntnisse zu dokumentieren. Sitzender f\u00fcr Kultur und Bildung, sowie Ludovic Abiven, Manifestations dans les 15 restaurants universitaires de lacad\u00e9mie dOrl\u00e9ans-Tours. <img decoding=\"async\" src=\"http:\/\/cache.media.education.gouv.fr\/image\/160314_portes_ouvertes_college_louise_michel\/57\/8\/18_551578.JPG\" alt=\"deutsch franz\u00f6 treffen in frankfurt rencontre franco allemande \u00e0 francfort\" align=\"center\">  Thus, continuities can be observed between an anthropological knowledge developed in Europe and the African studies often initiated by the diaspora or intellectuals of African origin, and then institutionalized in the newly created universities. The existence of these common fields express in no way a surrender of the African scholars and intellectuals, but are linked to a synthesis of academic knowledge and traditional systems of knowledge. Of course, a critical and selective dialogue of these elites with the colonial library Mudimbe 1985 created by European authors played an important role. The trajectories of this critical dialogue and of the Africanization of this knowledge followed different routes in French, English and Portuguese-speaking Africa. A travers le parcours de plus de 80 anciens, qui furent nos p\u00e8res, nos grands-p\u00e8res ou nos arri\u00e8re-grands-p\u00e8res, cest \u00e0 8 millions de soldats de la Grande Guerre que nous rendions hommage quels que soient leur nationalit\u00e9, leur pays ou continent dorigine. Des anciens soldats Allemands originaires de HAMM ou des provinces annex\u00e9es apr\u00e8s 1870 ALSACE et LORRAINE-MOSELLANE \u00e9taient repr\u00e9sent\u00e9s. Le deuil de masse et les souffrances ont \u00e9t\u00e9 largement partag\u00e9s entre nos deux peuples. Lattention des responsables politiques sur les attentes et propositions et les ont replac\u00e9es dans le contexte politique  Requ\u00eate la plus fr\u00e9quente dans le dictionnaire fran\u00e7ais : \u03c7\u03c1\u03b5\u03b9\u03ac\u03c3\u03c4\u03b7\u03ba\u03b5 \u03bd\u03b1 \u03b3\u03b5\u03c1\u03ac\u03c3\u03c9 \u03b3\u03b9\u03b1 \u03bd\u03b1 \u03bc\u03ac\u03b8\u03c9 \u03bd\u03b1 \u03b6\u03c9\u03b3\u03c1\u03b1\u03c6\u03af\u03b6\u03c9 \u03c3\u03b1\u03bd \u03c0\u03b1\u03b9\u03b4\u03af \u03a6\u03b1\u03bd\u03c4\u03ac\u03b6\u03bf\u03bc\u03b1\u03b9 \u03ad\u03c7\u03b5\u03b9\u03c2 \u03b1\u03ba\u03bf\u03cd\u03c3\u03b5\u03b9 \u03b3\u03b9\u03b1 \u03c4\u03b9\u03c2 \u03b5\u03c3\u03c0\u03b1\u03bd\u03c4\u03c1\u03af\u03b3\u03b9\u03b5\u03c2 TOMS, \u03b1\u03bd \u03cc\u03bc\u03c9\u03c2 \u03cc\u03c7\u03b9, \u03b5\u03bc\u03b5\u03af\u03c2 \u03b5\u03af\u03bc\u03b1\u03c3\u03c4\u03b5 \u03b5\u03b4\u03ce \u03b3\u03b9\u03b1 \u03bd\u03b1 \u03c3\u03b5 \u03b5\u03bd\u03b7\u03bc\u03b5\u03c1\u03ce\u03c3\u03bf\u03c5\u03bc\u03b5. \u039c\u03b5 \u03c6\u03b9\u03bb\u03b1\u03bd\u03b8\u03c1\u03c9\u03c0\u03b9\u03ba\u03ae \u03b4\u03c1\u03ac\u03c3\u03b7 One for One, \u03b7 TOMS \u03b3\u03b9\u03b1 \u03ba\u03ac\u03b8\u03b5 \u03b6\u03b5\u03c5\u03b3\u03ac\u03c1\u03b9 \u03c0\u03b1\u03c0\u03bf\u03cd\u03c4\u03c3\u03b9\u03b1 \u03c0\u03bf\u03c5 \u03b1\u03b3\u03bf\u03c1\u03ac\u03b6\u03b5\u03b9\u03c2, \u03b4\u03af\u03bd\u03b5\u03b9 \u03ad\u03bd\u03b1 \u03b6\u03b5\u03c5\u03b3\u03ac\u03c1\u03b9 \u03c0\u03b1\u03c0\u03bf\u03cd\u03c4\u03c3\u03b9\u03b1 \u03c3\u03b5 \u03ad\u03bd\u03b1 \u03c0\u03b1\u03b9\u03b4\u03af \u03c3\u03c4\u03b7\u03bd \u0391\u03c6\u03c1\u03b9\u03ba\u03ae. \u0391\u03c0\u03cc \u03c0\u03ad\u03c1\u03c5\u03c3\u03b9 \u03c4\u03b1 TOMS \u03ad\u03ba\u03b1\u03bd\u03b1\u03bd \u03b8\u03c1\u03b1\u03cd\u03c3\u03b7, \u03ba\u03b1\u03b9 \u03c6\u03ad\u03c4\u03bf\u03c2 \u03b5\u03c0\u03ad\u03c3\u03c4\u03c1\u03b5\u03c8\u03b1\u03bd \u03c3\u03b5 \u03bd\u03ad\u03b1 \u03c3\u03c7\u03ad\u03b4\u03b9\u03b1 \u03ba\u03b1\u03b9 \u03c7\u03c1\u03ce\u03bc\u03b1\u03c4\u03b1 \u03b3\u03b9\u03b1 \u03bd\u03b1 \u03b3\u03af\u03bd\u03bf\u03c5\u03bd \u03c4\u03b1 \u03b1\u03b3\u03b1\u03c0\u03b7\u03bc\u03ad\u03bd\u03b1 \u03c3\u03bf\u03c5 \u03c0\u03b1\u03c0\u03bf\u03cd\u03c4\u03c3\u03b9\u03b1 \u03b3\u03b9\u03b1 \u03c4\u03bf \u03ba\u03b1\u03bb\u03bf\u03ba\u03b1\u03af\u03c1\u03b9. En 1999, \u00e0 P\u00e9rigueux en 2000, \u00e0 Sorges, capitale de la Truffe du Perigord, en 2001, et au Chateau de Brissac, pr\u00e8s dAngers, pour les livres de 2002. Die katalanische Literatur, und zwar sowohl die klassische-egal ob alt oder modern-als auch die zeitgen\u00f6ssische, besitzt eine Qualit\u00e4t, die eine gr\u00f6\u00dfere internationale Bekanntheit verdient, eine Bekanntheit,.. Comit\u00e9 pour le d\u00e9but de lenqu\u00eate contre les d\u00e9put\u00e9s Robert Blum et Johann Georg G\u00fcnther 23012020 au 23012020 1 Rathausplatz, Saarbr\u00fccken, 66111, Deutschland Nous reprenons notre voyage apr\u00e8s avoir remont\u00e9 le chemin de croix heureusement, un ascenseur est pr\u00e9vu pour les moins jeunes. Nous arrivons enfin au lieu de notre vill\u00e9giature, lH\u00f4tel de la petite Reine, o\u00f9 nous attend un accueil tr\u00e8s chaleureux et un d\u00eener fort agr\u00e9able, laissant bien augurer de la suite de notre s\u00e9jour. Green day ce jeudi 27 juin 2019 dans le couloir des salles de sciences et sur la terrasse du Lyc\u00e9e fran\u00e7ais Victor Hugo de Francfort! De petits groupes d\u00e9l\u00e8ves circulent Cr\u00e9ez vos campagnes et contenus marketing plus rapidement et en toute autonomie. Plus besoin de laide de d\u00e9veloppeurs pour mettre en sc\u00e8ne votre cr\u00e9ativit\u00e9!  <img decoding=\"async\" src=\"http:\/\/cache.media.education.gouv.fr\/image\/160314_portes_ouvertes_college_louise_michel\/38\/6\/02_551386.JPG\" alt=\"deutsch franz\u00f6 treffen in frankfurt rencontre franco allemande \u00e0 francfort\" align=\"left\"> Nous organiserons une semaine riche d\u00e9di\u00e9e \u00e0 lamiti\u00e9 franco-allemande afin de sensibiliser les jeunes \u00e0 lapprentissage de la langue, favoriser et renforcer les \u00e9changes entre nos deux pays : divers animations sont pr\u00e9vus.<\/p>\n","protected":false},"excerpt":{"rendered":"<p>deutsch franz\u00f6 treffen in frankfurt rencontre franco allemande \u00e0 francfort<\/p>\n","protected":false},"author":1,"featured_media":0,"comment_status":"closed","ping_status":"closed","sticky":false,"template":"","format":"standard","meta":{"footnotes":""},"categories":[1],"tags":[],"_links":{"self":[{"href":"http:\/\/geodeta.gorzow.pl\/www\/wp-json\/wp\/v2\/posts\/9259"}],"collection":[{"href":"http:\/\/geodeta.gorzow.pl\/www\/wp-json\/wp\/v2\/posts"}],"about":[{"href":"http:\/\/geodeta.gorzow.pl\/www\/wp-json\/wp\/v2\/types\/post"}],"author":[{"embeddable":true,"href":"http:\/\/geodeta.gorzow.pl\/www\/wp-json\/wp\/v2\/users\/1"}],"replies":[{"embeddable":true,"href":"http:\/\/geodeta.gorzow.pl\/www\/wp-json\/wp\/v2\/comments?post=9259"}],"version-history":[{"count":1,"href":"http:\/\/geodeta.gorzow.pl\/www\/wp-json\/wp\/v2\/posts\/9259\/revisions"}],"predecessor-version":[{"id":9260,"href":"http:\/\/geodeta.gorzow.pl\/www\/wp-json\/wp\/v2\/posts\/9259\/revisions\/9260"}],"wp:attachment":[{"href":"http:\/\/geodeta.gorzow.pl\/www\/wp-json\/wp\/v2\/media?parent=9259"}],"wp:term":[{"taxonomy":"category","embeddable":true,"href":"http:\/\/geodeta.gorzow.pl\/www\/wp-json\/wp\/v2\/categories?post=9259"},{"taxonomy":"post_tag","embeddable":true,"href":"http:\/\/geodeta.gorzow.pl\/www\/wp-json\/wp\/v2\/tags?post=9259"}],"curies":[{"name":"wp","href":"https:\/\/api.w.org\/{rel}","templated":true}]}}