{"id":926,"date":"2020-06-21T10:57:15","date_gmt":"2020-06-21T10:57:15","guid":{"rendered":"http:\/\/geodeta.gorzow.pl\/www\/?p=926"},"modified":"2020-06-21T03:55:24","modified_gmt":"2020-06-21T03:55:24","slug":"rencontres-astaffort-2012","status":"publish","type":"post","link":"http:\/\/geodeta.gorzow.pl\/www\/2020\/06\/21\/rencontres-astaffort-2012\/","title":{"rendered":"Rencontres Astaffort 2012"},"content":{"rendered":"<p>Cest la transmission, la bienveillance et lentraide. Francis Cabrel a voulu r\u00e9pondre aux demandes qui lui ont \u00e9t\u00e9 faites et apporter des \u00e9l\u00e9ments de r\u00e9ponses concr\u00e8tes aux jeunes artistes. La mission est daider et accompagner les jeunes artistes dans un univers qui nest pas si simple et qui est m\u00eame de plus en plus dur. On permet aussi de redynamiser et redonner confiance \u00e0 certains artistes. Well stop supporting this browser soon. For the best experience please. Ses ventes de disques sont estim\u00e9es \u00e0 plus de 25 millions dexemplaires. Biographie Enfance, formation et d\u00e9buts Grand Corps Malade sera en concert \u00e0 Monaco le mercredi 29 octobre \u00e0 lOp\u00e9ra Garnier pour pr\u00e9senter son dernier album Funambule. Assembl\u00e9e nationale-126 Rue de lUniversit\u00e9, 75355 Paris 07 SP-Standard 01 40 63 60 00  <img decoding=\"async\" src=\"http:\/\/penopolwy.tk\/wp-content\/uploads\/2017\/06\/tubtour-saint-quay-portrieux-19juin-slide.jpg\" alt=\"rencontres astaffort 2012\" align=\"right\"> <img decoding=\"async\" src=\"http:\/\/static.ladepeche.fr\/content\/media\/image\/zoom\/2011\/10\/13\/201110130990.jpg\" alt=\"rencontres astaffort 2012\" align=\"center\"> Parall\u00e8lement \u00e0 sa carri\u00e8re, Francis Cabrel met toute son exp\u00e9rience \u00e0 profit pour \u00e9pauler les nouvelles g\u00e9n\u00e9rations. Il a bien m\u00e9rit\u00e9 la Grande M\u00e9daille de la chanson fran\u00e7aise qui lui a \u00e9t\u00e9 d\u00e9cern\u00e9e en 2010 par lAcad\u00e9mie fran\u00e7aise! Le vocabulaire chr\u00e9tien minspire. Cest linfluence de l\u00e9ducation. Cest aussi une fa\u00e7on dutiliser des symboles, des images, bien pratiques pour r\u00e9sumer dans une chanson le c\u00f4t\u00e9 sacr\u00e9, la puret\u00e9, l\u00e9ternit\u00e9, m\u00eame si je naccorde pas plus dimportance que \u00e7a \u00e0 la religion. Car je ne suis pas croyant. Je doute beaucoup sur ce quon nous propose dans lau-del\u00e0. Lila Lili Cr\u00e9ez un compte afin dacc\u00e9der \u00e0 la version num\u00e9rique du magazine et \u00e0 lint\u00e9gralit\u00e9 des contenus du Point inclus dans votre offre. Emji : \u00c7a donne des id\u00e9es et de lair. On est trop centr\u00e9s sur nos projets, sur la fa\u00e7on que lon a de faire des chansons. On est venus pour m\u00e9langer les univers, les id\u00e9es. On fait des connaissances, comme avec Sarah. Elle va faire ma premi\u00e8re partie, du coup.  Retour en piste pour Francis Cabrel. Interview\u00e9 par, linterpr\u00e8te de Je laime \u00e0 mourir sest confi\u00e9 sur ses futurs projets, et notamment un nouvel album en pr\u00e9paration. Il sagira de son quatorzi\u00e8me album studio, cinq ans apr\u00e8s la sortie d In Extremis.  Comment na\u00eet une chanson? Souvent dans la solitude, apr\u00e8s une maturation lente et bien des peaufinages. Intense phase cr\u00e9ative, parfois s\u00e8che. Francis Cabrel en sait quelque chose, lui qui, ces derni\u00e8res ann\u00e9es, na pas cach\u00e9 ses pannes dinspiration pour faire na\u00eetre de nouveaux refrains. Cest pourtant \u00e0 Astaffort, son village de Lot-et-Garonne, que se produit deux fois par an depuis 1994 un \u00e9tonnant ph\u00e9nom\u00e8ne : pendant dix jours, \u00e0 linitiative de lassociation quil a cr\u00e9\u00e9e avec dautres passionn\u00e9s, la cour de r\u00e9cr\u00e9ation de lancienne \u00e9cole communale se transforme en cour de cr\u00e9ation, investie par de jeunes auteurs, compositeurs et interpr\u00e8tes. Les salles de classe deviennent studios de r\u00e9p\u00e9tition, o\u00f9 lon apprend aussi \u00e0 d\u00e9cortiquer la structure dune chanson, \u00e0 trouver sa voix, \u00e0 comprendre les d\u00e9fauts dune composition B\u00e9r\u00e9nice : De la rapidit\u00e9, moins dh\u00e9sitation. Je suis s\u00fbre que je ne passerai plus trois mois sur une chanson. \u039f \u03ad\u03bb\u03b5\u03b3\u03c7\u03bf\u03c2 \u03c4\u03bf\u03c5 email \u03b1\u03c0\u03ad\u03c4\u03c5\u03c7\u03b5, \u03c0\u03b1\u03c1\u03b1\u03ba\u03b1\u03bb\u03ce \u03c0\u03c1\u03bf\u03c3\u03c0\u03b1\u03b8\u03ae\u03c3\u03c4\u03b5 \u03be\u03b1\u03bd\u03ac <img decoding=\"async\" src=\"http:\/\/static1.purepeople.com\/articles\/4\/88\/94\/4\/@\/716492-aurelie-cabrel-j-ai-cherche-768x768-1.jpg\" alt=\"rencontres astaffort 2012\" align=\"center\"> 2011 : LEnfant-Porte conte musical jeune public-composition et direction artistique DOCUMENTAIRE Edou Thuthukani un film de Philippe Buston et Florian Gibert Abensour J ustement, n\u00e9tait-ce pas trop dur d\u00eatre face \u00e0 lui en finale?<\/p>\n","protected":false},"excerpt":{"rendered":"<p>rencontres astaffort 2012<\/p>\n","protected":false},"author":1,"featured_media":0,"comment_status":"closed","ping_status":"closed","sticky":false,"template":"","format":"standard","meta":{"footnotes":""},"categories":[1],"tags":[],"_links":{"self":[{"href":"http:\/\/geodeta.gorzow.pl\/www\/wp-json\/wp\/v2\/posts\/926"}],"collection":[{"href":"http:\/\/geodeta.gorzow.pl\/www\/wp-json\/wp\/v2\/posts"}],"about":[{"href":"http:\/\/geodeta.gorzow.pl\/www\/wp-json\/wp\/v2\/types\/post"}],"author":[{"embeddable":true,"href":"http:\/\/geodeta.gorzow.pl\/www\/wp-json\/wp\/v2\/users\/1"}],"replies":[{"embeddable":true,"href":"http:\/\/geodeta.gorzow.pl\/www\/wp-json\/wp\/v2\/comments?post=926"}],"version-history":[{"count":1,"href":"http:\/\/geodeta.gorzow.pl\/www\/wp-json\/wp\/v2\/posts\/926\/revisions"}],"predecessor-version":[{"id":927,"href":"http:\/\/geodeta.gorzow.pl\/www\/wp-json\/wp\/v2\/posts\/926\/revisions\/927"}],"wp:attachment":[{"href":"http:\/\/geodeta.gorzow.pl\/www\/wp-json\/wp\/v2\/media?parent=926"}],"wp:term":[{"taxonomy":"category","embeddable":true,"href":"http:\/\/geodeta.gorzow.pl\/www\/wp-json\/wp\/v2\/categories?post=926"},{"taxonomy":"post_tag","embeddable":true,"href":"http:\/\/geodeta.gorzow.pl\/www\/wp-json\/wp\/v2\/tags?post=926"}],"curies":[{"name":"wp","href":"https:\/\/api.w.org\/{rel}","templated":true}]}}