{"id":9261,"date":"2020-07-05T05:49:58","date_gmt":"2020-07-05T05:49:58","guid":{"rendered":"http:\/\/geodeta.gorzow.pl\/www\/?p=9261"},"modified":"2020-06-27T19:39:58","modified_gmt":"2020-06-27T19:39:58","slug":"rencontre-europe-de-l-est","status":"publish","type":"post","link":"http:\/\/geodeta.gorzow.pl\/www\/2020\/07\/05\/rencontre-europe-de-l-est\/","title":{"rendered":"Rencontre Europe De L Est"},"content":{"rendered":"<p>Je donne ma B\u00e9n\u00e9diction \u00e0 lEv\u00eaque de Rottenburg-Stuttgart, ainsi quaux Ev\u00eaques et aux pr\u00eatres pr\u00e9sents \u00e0 la Rencontre Ensemble pour lEurope de Stuttgart. Dans le m\u00eame temps, je salue tous les participants \u00e0 cette grande rencontre, les mouvements qui lont organis\u00e9e, et tous ceux qui sunissent \u00e0 eux dans le dialogue et la pri\u00e8re. Dans la pri\u00e8re, je madresse \u00e0 Dieu tout-puissant et plein damour, afin quil b\u00e9nisse loeuvre de tous ceux qui diffusent lEvangile en Europe, et afin quil nous accorde \u00e0 tous un temps de paix et de solidarit\u00e9. En gros \u00e7a signifie, quil y a pr\u00eat de 1000 ans, un mec avait mit au point une m\u00e9thode de r\u00e9fl\u00e9xions contre toutes formes de pr\u00e9jug\u00e9s car sa m\u00e9thode ne parle pas que de la science mais aussi elle est applicable pour toute choses. Les pr\u00e9jug\u00e9s, les clich\u00e9s, les id\u00e9es re\u00e7ues et pr\u00e9-con\u00e7ues, les propos des autres ne sont pas une v\u00e9rit\u00e9 et pas forc\u00e9ment une r\u00e9alit\u00e9 tant quon ne la pas v\u00e9cu ou apprise de mani\u00e8re ind\u00e9niable, s\u00fbre et certaine de SOI-M\u00caME. Ce mec \u00e9tait d\u00e9finitvement en avance sur son temps et un g\u00e9nie de surcro\u00eet. La Norv\u00e8ge fait-elle v\u00e9ritablement partie de lEurope occidentale? Les juifs reviennent dans la th\u00e9orie politique classique et on ne lit plus lAncien testament comme avant, avec le regard du Nouveau testament, on le lit politiquement, autrement dit on en fait une lecture juive, riche denseignements, pour comprendre quel serait un mod\u00e8le l\u00e9gitime de la royaut\u00e9. Et cela suppose que le livre des Juifs nest pas juste cette chose quils ont mal comprise, plus uniquement une annonce de la bonne nouvelle, mais devient un outil \u00e0 prendre au s\u00e9rieux pour lui-m\u00eame Moi, jai 29 ans. Je pense que lauteur a raison concernant la femme russe sur les sites de rencontres. Je cherche depuis des ann\u00e9es une femme russe sur les sites de rencontres. Je connais tous les sites de rencontres russes. Le Parlement europ\u00e9en est \u00e0 linitiative dun projet unique organis\u00e9 tous les deux ans : EYE European Youth Event, la Rencontre des jeunes europ\u00e9ens. Vous vous dites heureuse dans votre mariage, mais votre \u00e9poux ne lest peut-\u00eatre pas. Sachez que les fran\u00e7ais restent souvent avec leurs \u00e9pouses pour ne pas rester seuls et quils nexpriment jamais ou rarement leurs sentiments. Il reste peut-\u00eatre avec vous par d\u00e9pit, pour les enfants si vous en avez de 90 des hommes fran\u00e7ais sont comme \u00e7a, dapr\u00e8s les statistiques. Site de rencontre s\u00e9rieux pour trouver lamour Meetic La premi\u00e8re modernit\u00e9, avant la R\u00e9volution, cest la construction de l\u00c9tat rationnel et de la souverainet\u00e9 proprement territoriale du roi. La R\u00e9volution fran\u00e7aise, fait un pas de plus : la deuxi\u00e8me modernit\u00e9 est la souverainet\u00e9 populaire, et cest compl\u00e8tement diff\u00e9rent. La premi\u00e8re modernit\u00e9 ne peut pas perdurer sous la R\u00e9volution, les nations juives comme tout ce qui dit nous et nest pas la nation, doit \u00eatre dissous. La mani\u00e8re dont les Juifs sont internes \u00e0 la France en est rendue tr\u00e8s particuli\u00e8re puisque cest vraiment individuellement que chacun p\u00e9n\u00e8tre dans la nation fran\u00e7aise. Les Juifs en France en tant que collectif ne sont pas \u00e9mancip\u00e9s. Leur \u00e9mancipation passe par la dilution de leur appartenance collective. Pourtant ils vont continuer de porter quelque chose de collectif : la conscience quil y a un autre peuple derri\u00e8re celui \u00e0 qui on fait all\u00e9geance politique. Les Juifs se sont all\u00e9g\u00e9s en se d\u00e9lestant de tout, ils ont \u00e9t\u00e9 les meilleurs citoyens, ont \u00e9pous\u00e9 la R\u00e9publique comme une religion, tout en continuant chacun \u00e0 transporter avec soi la conscience que la chose dont ils se sont \u00e9mancip\u00e9s est un peuple qui na pas \u00e9t\u00e9 \u00e9mancip\u00e9. Je ne pensais pas que mon long constat, raisonnera en vous :. Mme les pires criminelles ont droit \u00e0 la d\u00e9fense Jacky et pourquoi pas les filles ce nest pas le plaidoyer voyons, cest mon constat personnel, une tentative d explication de pourquoi et comment car avoir un avis tranch\u00e9 sur un sujet ou sur qn cest \u00eatre born\u00e9, Jacky. Il ya toujours du pour et du contre. Dans chaque nation existent celles et ceux qui g\u00e2chent limage g\u00e9n\u00e9rale. LEst ce nest pas forc\u00e9ment le c\u00f4t\u00e9 des prostitu\u00e9s, comme lOuest nest forc\u00e9ment l\u00e0 o\u00f9 naissent des grandes dames :. Cest cela lid\u00e9e en fait, voyez vous? Alors les Fran\u00e7aises, les Fran\u00e7aises, mais regardez vos femmes pour lamour de Dieu, regardez les :, vous savez \u00e0 force de sint\u00e9resser aux \u00e9trang\u00e8res, elles se sentent d\u00e9laiss\u00e9s vos femmes si sinc\u00e8res et si pures :. St\u00e9phane a bien dit dans un de ces r\u00e9cits telles des hy\u00e8nes! non, je ne d\u00e9nigre pas les Fran\u00e7aises, car parmi les hy\u00e8nes, il y a ceux que jai eu loccasion de connaitre : belle, branch\u00e9es, simples, \u00e9l\u00e9gantes et lisent bop :, super rigolotes, et parfois profondes, tout comme mes compatriotes russes :.  on trouve de tout partout : Schindler \u00e9tait bien au parti nazi. Apr\u00e8s dix ans dactivit\u00e9, les r\u00e9dacteurs tournent la page de cette belle aventure. Cher auteur, le jour o\u00f9 tu te rendra \u00e0 lest du Rhin, tu constatera quon y parle Allemand. Effectivement, si tu confond lAllemand et le Russe, on part d\u00e9j\u00e0 mal. Tu d\u00e9couvrira \u00e9galement une multitude de culture parmi les Slaves, aussi diff\u00e9rent les unes que les autres : Russes, Ukrainiennes, Bi\u00e9lorusse, Roumaine, Tch\u00e8que, Serbes, Slovaque, Polonaises, etc etc etc Encore que, Polonais, Roumain, Tch\u00e8que et Slovaque ne sont pas des Slaves, mais ne compliquons pas trop les choses. Pendant ces deux journ\u00e9es, elle sera une occasion unique pour nous, les jeunes europ\u00e9ens de faire entendre notre voix et de partager nos id\u00e9es dans des groupes dau moins 10 personnes. <img decoding=\"async\" src=\"http:\/\/windermeremanor.com\/wp-content\/uploads\/campagne-ebranler.jpg\" alt=\"rencontre europe de l est\" align=\"center\"> Publi\u00e9 le 09062020-Mis \u00e0 jour 10062020 \u00e0 08:04 Rejoignez la communaut\u00e9 de passionn\u00e9s des sujets num\u00e9riques et scientifiques Traverses franchit la Seine et se pose \u00e0 lAuditorium du Louvre. Poursuite du partenariat entre le mus\u00e9e du Louvre et le Th\u00e9\u00e2tre de lOd\u00e9on : deux metteurs en sc\u00e8ne de la saison th\u00e9\u00e2trale de lOd\u00e9on sont invit\u00e9s \u00e0 lAuditorium du Louvre pour \u00e9voquer leurs mises en sc\u00e8ne avec un conservateur, en se confrontant avec des \u0153uvres du mus\u00e9e. <img decoding=\"async\" src=\"http:\/\/www.theame.eu\/wp-content\/uploads\/2014\/10\/P1060257.jpg\" alt=\"rencontre europe de l est\" align=\"right\"> Martin Sellner la d\u00e9velopp\u00e9e dans une vid\u00e9o post\u00e9e sur. Il y d\u00e9crit leur mission comme le pire cauchemar de tous les gauchistes du monde, de Soros, des ONG et du lobby immigrationniste.  <img decoding=\"async\" src=\"http:\/\/img.over-blog-kiwi.com\/1\/99\/15\/35\/20161122\/ob_387060_logo-coordination-3-1.jpg\" alt=\"rencontre europe de l est\" align=\"left\">  Paris plaide d\u00e9sormais pour limiter le d\u00e9tachement \u00e0 un an et souhaite voir clairement affirmer que les nouvelles r\u00e8gles sappliqueront au transport, routier notamment. La France soutient aussi les propositions de Malte qui assurait la pr\u00e9sidence de lUE jusqu\u00e0 fin juin de ne pas inclure les frais de logement, nourriture et transport dans la r\u00e9mun\u00e9ration, afin d\u00e9viter la pratique abusive de certains patrons de d\u00e9duire ces d\u00e9penses de la paye de leurs salari\u00e9s. MARCEL GRIGNARD Pr\u00e9sident de Confrontations Europe depuis juin 2014, apr\u00e8s avoir \u00e9t\u00e9 vice-Pr\u00e9sident du think tank pendant 10 ans Il est \u00e9vident que les filles de lest ob\u00e9issent comme tout le monde \u00e0 une sorte de courbe de gauss. Il y aura toujours des exceptions aux marges mais il y a aussi une grosse tendance g\u00e9n\u00e9rale au milieux.<\/p>\n","protected":false},"excerpt":{"rendered":"<p>rencontre europe de l est<\/p>\n","protected":false},"author":1,"featured_media":0,"comment_status":"closed","ping_status":"closed","sticky":false,"template":"","format":"standard","meta":{"footnotes":""},"categories":[1],"tags":[],"_links":{"self":[{"href":"http:\/\/geodeta.gorzow.pl\/www\/wp-json\/wp\/v2\/posts\/9261"}],"collection":[{"href":"http:\/\/geodeta.gorzow.pl\/www\/wp-json\/wp\/v2\/posts"}],"about":[{"href":"http:\/\/geodeta.gorzow.pl\/www\/wp-json\/wp\/v2\/types\/post"}],"author":[{"embeddable":true,"href":"http:\/\/geodeta.gorzow.pl\/www\/wp-json\/wp\/v2\/users\/1"}],"replies":[{"embeddable":true,"href":"http:\/\/geodeta.gorzow.pl\/www\/wp-json\/wp\/v2\/comments?post=9261"}],"version-history":[{"count":1,"href":"http:\/\/geodeta.gorzow.pl\/www\/wp-json\/wp\/v2\/posts\/9261\/revisions"}],"predecessor-version":[{"id":9262,"href":"http:\/\/geodeta.gorzow.pl\/www\/wp-json\/wp\/v2\/posts\/9261\/revisions\/9262"}],"wp:attachment":[{"href":"http:\/\/geodeta.gorzow.pl\/www\/wp-json\/wp\/v2\/media?parent=9261"}],"wp:term":[{"taxonomy":"category","embeddable":true,"href":"http:\/\/geodeta.gorzow.pl\/www\/wp-json\/wp\/v2\/categories?post=9261"},{"taxonomy":"post_tag","embeddable":true,"href":"http:\/\/geodeta.gorzow.pl\/www\/wp-json\/wp\/v2\/tags?post=9261"}],"curies":[{"name":"wp","href":"https:\/\/api.w.org\/{rel}","templated":true}]}}