{"id":9367,"date":"2020-07-05T11:19:17","date_gmt":"2020-07-05T11:19:17","guid":{"rendered":"http:\/\/geodeta.gorzow.pl\/www\/?p=9367"},"modified":"2020-06-28T02:58:49","modified_gmt":"2020-06-28T02:58:49","slug":"les-rencontres-de-valnay","status":"publish","type":"post","link":"http:\/\/geodeta.gorzow.pl\/www\/2020\/07\/05\/les-rencontres-de-valnay\/","title":{"rendered":"Les Rencontres De Valnay"},"content":{"rendered":"<p>Maraug ALEMANY-LAUBIGNAT, Pastel : Je suis attir\u00e9e par le pastel car sa palette menchante, je vis la couleur, je sculpte la mati\u00e8re, elle mappartient, je danse, je chante, je vis un moment unique \u00e0 chaque geste. Chaque jour, une id\u00e9e nouvelle qui prend vie. Cest un mat\u00e9riau difficile \u00e0 travailler, son papier \u00e9meri est rude, mais la douceur des craies est magique. En, accorda une franchise aux marchands qui sinstallaient dans le secteur inhabit\u00e9 qui s\u00e9parait alors le quartier Notre-Dame du quartier Saint-Martin. Ce fut lorigine du peuplement du quartier Saint-Gilles. Cliquez sur une vignette pour lagrandir. M\u00e9dias Ant\u00e9rieurement \u00e0 la loi du 10 juillet 1964, la commune faisait partie du d\u00e9partement de. Elle \u00e9tait depuis 1793 le du. En 1926, elle a perdu son statut de, \u00e9tant rattach\u00e9e \u00e0 Rambouillet loi du 3 ao\u00fbt 1926 et d\u00e9cret-loi du 10 septembre, mais cela na pas entrav\u00e9 son d\u00e9veloppement, la population ayant plus que doubl\u00e9 depuis lors. Jeudi 28 mai de 18h30 \u00e0 20h Kinshasa Chroniques-ANNUL\u00c9E <img decoding=\"async\" src=\"http:\/\/www.kjutlu.ga\/media\/catalog\/product\/cache\/31\/small_image\/930x\/a18d63d58ef90179f78dc3d9257006f0\/4\/0\/4008210-010-01_6.jpg\" alt=\"les rencontres de valnay\" align=\"left\">, pr\u00e9tendant malheureux au tr\u00f4ne de, en fut comte et y est mort. Le, \u00c9tampes a \u00e9t\u00e9 la derni\u00e8re du avant. Elle a aussi \u00e9t\u00e9 la premi\u00e8re ville-\u00e9tape du.  Rabbi Nathan ben Meshullam est un \u00e9tampois du dont le nom a \u00e9t\u00e9 donn\u00e9 \u00e0 la salle de r\u00e9union de la communaut\u00e9 juive actuelle.  Cochez la programmation de lauditorium du Grand Palais sur. Nous vous prions de bien vouloir nous excuser pour lannulation des manifestations \u00e0 venir. <img decoding=\"async\" src=\"http:\/\/www.dominiquearella.com\/img\/typo-savoye-fpm-big.jpg\" alt=\"les rencontres de valnay\" align=\"left\"> Cependant, le quartier Saint-Martin sest aussi appel\u00e9 au \u00c9tampes les Vieilles, do\u00f9 la tradition qui en a fait le berceau de la ville : Bernard Gineste y a relev\u00e9 une confusion, la d\u00e9nomination originelle \u00e9tant \u00c9tampes les Veys, soit en les gu\u00e9s d\u00c9tampes, l\u00e0 o\u00f9 lon franchissait la et la sur la route de \u00e0.  <img decoding=\"async\" src=\"http:\/\/www.more.wfcrimewatch.com\/public\/upload\/news\/first\/5a58ab50417e46.02146530.jpg\" alt=\"les rencontres de valnay\" align=\"right\"> Pour une meilleure exp\u00e9rience du web, prenez le temps de mettre votre navigateur \u00e0 jour en cliquant sur un des liens En, le roi convoqua dans la ville les de, et ainsi que des et parmi lesquels, afin de juger qui des deux pr\u00e9tendants dalors \u00e9tait le pape l\u00e9gitime sur le plan canonique. Leur assembl\u00e9e, rest\u00e9e le plus notable des conciles d\u00c9tampes, se pronon\u00e7a en faveur d et refusa de consid\u00e9rer le dossier de son adversaire. Trente-cinq se sont succ\u00e9d\u00e9 \u00e0 la t\u00eate de ladministration municipale d\u00c9tampes depuis l\u00e9lection du premier en 1790. La d\u00c9tampes est rattach\u00e9e au et au. Elle dispose de divers lieux de cultes dont les et, les et et les de Guinette, G\u00e9rofosse Notre-Dame-de-la-et du. La f\u00eate patronale se tient le jour de la et dure du dernier samedi de au deuxi\u00e8me dimanche d. Mercredi 15 janvier de 14h30 \u00e0 16h30 Construire au Moyen \u00c2ge : \u00e9glises, cath\u00e9drales, ch\u00e2teaux forts. COMPLET Les jurys, les spectateurs, La Carte, les \u00e9tudiants, les militants Maif et les jeunes volontaires Unis-Cit\u00e9s pourront une fois encore attribuer leur Coup de C\u0153ur \u00e0 lun des six longs m\u00e9trages de la s\u00e9lection Rep\u00e9rages. Les Coup de C\u0153ur seront programm\u00e9s dans les cin\u00e9mas du r\u00e9seau Cinessonne lors de leurs sorties-, docteur en, savant,, et un des fondateurs de la, y est n\u00e9. Il fut notamment le premier \u00e0 comprendre que les monts dAuvergne sont danciens volcans. 2020 Rencontres photographiques du 10e Tous droits r\u00e9serv\u00e9s D\u00e9velopp\u00e9 par En ouvrit la du. Le, trois malfaiteurs attaqu\u00e8rent apr\u00e8s la gare d\u00c9tampes lexpress n o 16 en provenance de, d\u00e9robant dix mille francs-or. Pendant la, le pensionnat Jeanne-dArc accueillit un h\u00f4pital de 40 lits, lH\u00f4pital auxiliaire de la soci\u00e9t\u00e9 de secours aux bless\u00e9s militaires HASSBM n15, tandis que le coll\u00e8ge Geoffroy-Saint-Hilaire devint lH\u00f4pital auxiliaire de lassociation des Dames de France HAADF n217.En Henry installa une usine dans la commune et y fabriqua des jusquen. Une mosqu\u00e9e appel\u00e9e mosqu\u00e9e du Centre est aussi install\u00e9e sur la commune. \u00c9tampes est dot\u00e9e dun service municipal consacr\u00e9 \u00e0 la, qui g\u00e8re notamment la, l, l, le qui favorise les cr\u00e9ations contemporaines et le. Deux sont pr\u00e9sents sur la commune, le complexe de La Rotonde et Cin\u00c9tampes, class\u00e9.<\/p>\n","protected":false},"excerpt":{"rendered":"<p>les rencontres de valnay<\/p>\n","protected":false},"author":1,"featured_media":0,"comment_status":"closed","ping_status":"closed","sticky":false,"template":"","format":"standard","meta":{"footnotes":""},"categories":[1],"tags":[],"_links":{"self":[{"href":"http:\/\/geodeta.gorzow.pl\/www\/wp-json\/wp\/v2\/posts\/9367"}],"collection":[{"href":"http:\/\/geodeta.gorzow.pl\/www\/wp-json\/wp\/v2\/posts"}],"about":[{"href":"http:\/\/geodeta.gorzow.pl\/www\/wp-json\/wp\/v2\/types\/post"}],"author":[{"embeddable":true,"href":"http:\/\/geodeta.gorzow.pl\/www\/wp-json\/wp\/v2\/users\/1"}],"replies":[{"embeddable":true,"href":"http:\/\/geodeta.gorzow.pl\/www\/wp-json\/wp\/v2\/comments?post=9367"}],"version-history":[{"count":1,"href":"http:\/\/geodeta.gorzow.pl\/www\/wp-json\/wp\/v2\/posts\/9367\/revisions"}],"predecessor-version":[{"id":9368,"href":"http:\/\/geodeta.gorzow.pl\/www\/wp-json\/wp\/v2\/posts\/9367\/revisions\/9368"}],"wp:attachment":[{"href":"http:\/\/geodeta.gorzow.pl\/www\/wp-json\/wp\/v2\/media?parent=9367"}],"wp:term":[{"taxonomy":"category","embeddable":true,"href":"http:\/\/geodeta.gorzow.pl\/www\/wp-json\/wp\/v2\/categories?post=9367"},{"taxonomy":"post_tag","embeddable":true,"href":"http:\/\/geodeta.gorzow.pl\/www\/wp-json\/wp\/v2\/tags?post=9367"}],"curies":[{"name":"wp","href":"https:\/\/api.w.org\/{rel}","templated":true}]}}