{"id":9379,"date":"2020-07-05T20:33:12","date_gmt":"2020-07-05T20:33:12","guid":{"rendered":"http:\/\/geodeta.gorzow.pl\/www\/?p=9379"},"modified":"2020-06-28T03:53:41","modified_gmt":"2020-06-28T03:53:41","slug":"rencontre-autiste","status":"publish","type":"post","link":"http:\/\/geodeta.gorzow.pl\/www\/2020\/07\/05\/rencontre-autiste\/","title":{"rendered":"Rencontre Autiste"},"content":{"rendered":"<p>Laction de b\u00e9n\u00e9volat aupr\u00e8s des personnes avec autisme requiert des qualit\u00e9s dempathie, de patience, de sollicitude et de respect. Elle repr\u00e9sente un r\u00e9el engagement au fil du temps. Elle n\u00e9cessite disponibilit\u00e9 et ouverture desprit ainsi quune bonne sant\u00e9 physique et psychique. Langues Etrang\u00e8res : 3 rue Mirepoix, T\u00e9l. 05 34 45 55 32 Lartiste canadienne Amy Shackleton, bas\u00e9e \u00e0 Toronto, peint SANS PINCEAU! Vous avez bien lu. \u00c0 laide de bouteilles remplies de peinture, elle applique sa mati\u00e8re puis tourne Sara Mortensen :..Voil\u00e0 cest \u00e7a, on \u00e9tait un m\u00eame personnage, mais un peu dos \u00e0 dos. Donc je nai d\u00e9couvert quapr\u00e8s-coup le jeu de Lola et tout ce quelle avait fait, et je lai trouv\u00e9e hyper mignonne et inventive. Moi je d\u00e9cortiquais plus tous les petits d\u00e9tails de la personne en face de moi, les asp\u00e9rit\u00e9s sur un v\u00eatement.. <img decoding=\"async\" src=\"http:\/\/img.over-blog-kiwi.com\/1\/42\/68\/22\/20171014\/ob_c75fb5_autisme-adolescence-et-scolarite-cral.png\" alt=\"rencontre autiste\" align=\"center\">  Rencontre avec lassociation Autistes sans fronti\u00e8res 85 Seuls Margot, Roman, J, Ml, M, A. Leurs parents, leur entourage pouvaient convaincre, plus que tous les discours : \u00c9coutez les! Quelques liens sur ce travail : Le Salon du Chocolat 2017 a vu son lot de sculptures cacaot\u00e9es en tous genre. Cet ensemble retient sp\u00e9cialement notre attention puisquil est compos\u00e9 de personnages qui ont berc\u00e9 Sp\u00e9cificit\u00e9s des fonctionnements de la personne avec autisme Cest un sujet effectivement tr\u00e8s humain, sur lequel on pourrait passer du temps, \u00e9videmment. Cest une bonne chose que les \u00e9lus soient concern\u00e9s. Si vous \u00eates \u00e9lu, jesp\u00e8re que vous engagerez une vraie concertation sur cette question, qui puisse r\u00e9ellement faire avancer la prise en charge, en compte, des personnes avec autisme en \u00e9vitant les oppositions id\u00e9ologiques. Ce serait un grand pas que ferait notre soci\u00e9t\u00e9.  Isaac Salazar aime les livres mais il aime aussi les origamis-ces pliages ultra-pr\u00e9cis sculptant le papier pour en faire des animaux ou autres petites statues adorables. Il a donc On dit quil ne faut pas laisser les enfants tr\u00e8s jeunes trop longtemps devant les \u00e9crans. John Wilhelm alias photoholic a bien compris le message et a lentoure. La reine, sa m\u00e8re magicienne et sa soeur Ma\u00e9lys vont Vous pouvez collaborer au d\u00e9veloppement et \u00e0 la mise \u00e0 jour de cette section en nous faisant parvenir les coordonn\u00e9es de forums ou en nous signalant des erreurs \u00e0 Merci de votre collaboration. Forums de discussion background-image: urleducateur-specialisemediaimagette640x480ChapitreEducateur05; Le Service dAdaptation et dInt\u00e9gration de Montr\u00e9al SAIM Sara Mortensen : Ce qui compte le plus pour moi ce serait que tous les gens quon a rencontr\u00e9s ne se sentent pas trahis. Si \u00e7a pouvait changer le regard des Fran\u00e7ais sur lautisme, de comprendre quil sagit dune diff\u00e9rence et des connexions diff\u00e9rentes dans le cerveau, la partie sociale va \u00eatre plus restreinte alors que toute la partie intellectuelle et purement analytique va \u00eatre beaucoup plus d\u00e9velopp\u00e9e, si les gens pouvaient juste comprendre \u00e7a, ce serait incroyable. Jai parl\u00e9 avec beaucoup de parents, et ce qui ma frapp\u00e9e cest \u00e0 quel point ils sont seuls. En France, quand on a un enfant autiste, cest comme si on avait une tare chez soi. Alors que cest juste une diff\u00e9rence! Certains autistes sont non-verbaux en effet et cest plus compliqu\u00e9, mais il y a tellement de solutions pour les int\u00e9grer. Or une prise en charge en trois et six ans, \u00e7a co\u00fbte une blinde, tout le monde ne peut pas se le permettre, alors que si c\u00e9tait rembours\u00e9 par la s\u00e9curit\u00e9 sociale, les enfants qui sont pris en charge tr\u00e8s t\u00f4t ont 70 de chances de se retrouver avec un vrai m\u00e9tier plus tard. Sauf quen France, on les met en h\u00f4pital de jour, on incite les parents \u00e0 limiter les interactions.. On est un peu moyen\u00e2geux l\u00e0-dessus. Beaucoup de parents sont contraints daller en Belgique pour recevoir un meilleur accompagnement. <img decoding=\"async\" src=\"http:\/\/s1.lprs1.fr\/images\/2018\/04\/01\/7640760_ef370bc0-3430-11e8-8a50-c29bc43a2769-1_1000x625.jpg\" alt=\"rencontre autiste\" align=\"left\"> Une rencontre annuelle intense, originale et festive autour de lArt Contemporain autisme.info31 Blog Archive Une \u00e9p\u00e9e dans la brume, syndrome dAsperger et espoir rencontre de Nicole Damaggio, Anneclaire et Ardisson dans l\u00e9mission salut les terriens Vid\u00e9o  Comment se trouver une petiteamie quand on est autiste Aux \u00c9tats-Unis, il est encore parfois appel\u00e9. Le syndrome dAsperger transformerait les personnes qui en sont atteintes en petits g\u00e9nies de la Silicon Valley, ayant h\u00e9rit\u00e9 du g\u00e8ne de la technologie et dun QI exceptionnel, \u00e0 d\u00e9faut de savoir se faire des amis. Genevieve, la r\u00e9gion de Montr\u00e9al est aussi desservie par Rencontre adapt\u00e9e! Contactez-nous pour avoir plus dinformations, ou visitez notre site web : On parlait auparavant de troubles envahissants du d\u00e9veloppement TED, expression g\u00e9n\u00e9rique r\u00e9f\u00e9renc\u00e9e dans le DSM-IV, qui englobait les troubles suivants : le trouble autistique ou autisme de haut niveau, le syndrome dAsperger, le trouble envahissant du d\u00e9veloppement non sp\u00e9cifi\u00e9 TED-ns, le syndrome de Rett SR et le trouble d\u00e9sint\u00e9gratif de lenfance TDE. Avec la publication du DSM-5 en mai 2013, le syndrome de Rett et le trouble d\u00e9sint\u00e9gratif de lenfance ne font plus partie de la cat\u00e9gorie des troubles du spectre de lautisme alors que le trouble autistique, le syndrome dAsperger et le TED-ns sont regroup\u00e9s sous le terme trouble du spectre de lautisme TSA. Sant\u00e9 Mentale-Hier, jai rencontr\u00e9 Martin-Lautisme dHector au quotidien Naiz es un proyecto impulsado por EKHE SA. Entidades participantes en la plataforma NAIZ: <img decoding=\"async\" src=\"http:\/\/api.ning.com\/files\/eHhH0wF8G5CrHeISnl*uc7M8W1wRMzlvMPRs6jDRqlz0UqvaWm8GYjA95GLeT2w98bH55SJFasNGlNsUZAoqkheQsrsN2VUp\/chienetautiste.jpg\" alt=\"rencontre autiste\" align=\"right\"> Elle a r\u00e9ussi \u00e0 transformer ce frein en force. Dans une interview accord\u00e9e \u00e0 la t\u00e9l\u00e9vision suisse mercredi 7 ao\u00fbt, Greta Thunberg, jeune activiste \u00e9colo su\u00e9doise, est revenue sur et sur comment elle a r\u00e9ussi \u00e0 en faire un atout.<\/p>\n","protected":false},"excerpt":{"rendered":"<p>rencontre autiste<\/p>\n","protected":false},"author":1,"featured_media":0,"comment_status":"closed","ping_status":"closed","sticky":false,"template":"","format":"standard","meta":{"footnotes":""},"categories":[1],"tags":[],"_links":{"self":[{"href":"http:\/\/geodeta.gorzow.pl\/www\/wp-json\/wp\/v2\/posts\/9379"}],"collection":[{"href":"http:\/\/geodeta.gorzow.pl\/www\/wp-json\/wp\/v2\/posts"}],"about":[{"href":"http:\/\/geodeta.gorzow.pl\/www\/wp-json\/wp\/v2\/types\/post"}],"author":[{"embeddable":true,"href":"http:\/\/geodeta.gorzow.pl\/www\/wp-json\/wp\/v2\/users\/1"}],"replies":[{"embeddable":true,"href":"http:\/\/geodeta.gorzow.pl\/www\/wp-json\/wp\/v2\/comments?post=9379"}],"version-history":[{"count":1,"href":"http:\/\/geodeta.gorzow.pl\/www\/wp-json\/wp\/v2\/posts\/9379\/revisions"}],"predecessor-version":[{"id":9380,"href":"http:\/\/geodeta.gorzow.pl\/www\/wp-json\/wp\/v2\/posts\/9379\/revisions\/9380"}],"wp:attachment":[{"href":"http:\/\/geodeta.gorzow.pl\/www\/wp-json\/wp\/v2\/media?parent=9379"}],"wp:term":[{"taxonomy":"category","embeddable":true,"href":"http:\/\/geodeta.gorzow.pl\/www\/wp-json\/wp\/v2\/categories?post=9379"},{"taxonomy":"post_tag","embeddable":true,"href":"http:\/\/geodeta.gorzow.pl\/www\/wp-json\/wp\/v2\/tags?post=9379"}],"curies":[{"name":"wp","href":"https:\/\/api.w.org\/{rel}","templated":true}]}}