{"id":938,"date":"2020-06-21T18:50:17","date_gmt":"2020-06-21T18:50:17","guid":{"rendered":"http:\/\/geodeta.gorzow.pl\/www\/?p=938"},"modified":"2020-06-21T04:02:06","modified_gmt":"2020-06-21T04:02:06","slug":"rencontre-scout","status":"publish","type":"post","link":"http:\/\/geodeta.gorzow.pl\/www\/2020\/06\/21\/rencontre-scout\/","title":{"rendered":"Rencontre Scout"},"content":{"rendered":"<p>Apprendre aux jeunes \u00e0 vivre ensemble de fa\u00e7on d\u00e9mocratique ; Droits de reproduction et de diffusion r\u00e9serv\u00e9s LaProvence En nous pr\u00e9sentant ce texte, J\u00e9sus nous invite \u00e0 une juste mesure. Il est tr\u00e8s important de nous retrouver r\u00e9guli\u00e8rement ensemble pour mieux conna\u00eetre J\u00e9sus, pour prier, parce que cela nous donne de la force. Il nest pas possible d\u00eatre chr\u00e9tien tout seul. Dailleurs J\u00e9sus nous a dit : quand deux ou trois sont r\u00e9unis en mon nom, je suis au milieu deux. J\u00e9sus est heureux de nous voir rassembl\u00e9s dans cette \u00e9glise. Il est au milieu de nous. Cest lui qui nous la dit. Mais J\u00e9sus sait aussi que nous ne sommes pas toujours ensemble et que nous sommes dispers\u00e9s au milieu de personnes qui ne connaissent pas J\u00e9sus. Cest l\u00e0 o\u00f9 nous sommes que nous sommes invit\u00e9s \u00e0 \u00eatre sel de la terre et lumi\u00e8re du monde. Emplacement de 4 m\u00e8tres de long sur 3 m\u00e8tres de large. Ch\u00e8re famille, nous sommes en pens\u00e9es avec vous en ces moments p\u00e9nibles et nous vous pr\u00e9sentons nos sinc\u00e8res condol\u00e9ances. AmieZ est enti\u00e8rement gratuit et sans publicit\u00e9,  Broadcast Lite WordPress Theme lovingly built by.  NHESITEZ PAS A PARTAGER L EVENEMENT ET INVITER VOS AMIES A SE JOINDRE A NOUS!!  Cadre avec le refrain du chant de promesse scoute brod\u00e9e Broderie rouge sur.. Pouvez vous d\u00e9sinscrire \u00e0 tout moment \u00e0 laide des liens de <img decoding=\"async\" src=\"http:\/\/www.saint-quentin-en-yvelines.fr\/fileadmin\/portail\/MEDIA\/Les-publications\/Guides-pratiques\/Logement-sante-emploi\/FORUM_ALTERNANCE_A5_v2_Page_1.jpg\" alt=\"rencontre scout\" align=\"left\"> Le camp d\u00e9t\u00e9 comporte donc une grande partie de navigation, mais tout ce qui touche au monde de la mer peut y \u00eatre d\u00e9couvert. Ainsi, les marins pourront partager lexp\u00e9rience des, rencontrer un gardien de, ou partir quelques heures sur un bateau de. Les confessions reprennent sous certaines conditions. La quatri\u00e8me \u00e9tape est le bapt\u00eame lui-m\u00eame. Trois signes accompagnent cette d\u00e9marche : lonction du Saint Chr\u00e8me, la remise du v\u00eatement blanc et la remise de la lumi\u00e8re. Cette lumi\u00e8re allum\u00e9e au cierge pascal nous signifie que cette lumi\u00e8re nous vient de J\u00e9sus mort et ressuscit\u00e9 et que cette lumi\u00e8re qui nous illumine brille par nous autour de nous. Vide-grenier organis\u00e9 le dimanche 22 mai 2016 au centre paroissial de Vertou, 44120 place Saint Martin de 9h00 \u00e0 18h00. Pour venir en tramway ligne 1 arr\u00eat Mendes France Bellevue Votre journal num\u00e9rique disponible sur tous vos supports. Pierre Reposes en paix Marinette pr\u00e8s de tes petits f\u00e9lins que tu aimais tant. <img decoding=\"async\" src=\"http:\/\/upload.wikimedia.org\/wikipedia\/fr\/thumb\/0\/0e\/%C3%89tendard_Scouts_de_France.svg\/220px-%C3%89tendard_Scouts_de_France.svg.png\" alt=\"rencontre scout\" align=\"right\"> Vous pouvez \u00e0 tout moment utiliser le lien de d\u00e9sabonnement int\u00e9gr\u00e9 dans la newsletter. <img decoding=\"async\" src=\"http:\/\/s-www.dna.fr\/images\/CCFD9C62-6017-48E3-88D6-F5BF9398B391\/DNA_03\/photo-dna.jpg\" alt=\"rencontre scout\" align=\"left\"> La communaut\u00e9 a connu d\u00e8s ses d\u00e9buts de lamiti\u00e9 et de la sympathie pour les groupes scout et la recherche commune de lessentiel a aliment\u00e9 cette rencontre au cours des ann\u00e9es. Dimanche 5 avril 2020 : distribution des rameaux aux messes paroissiales Entre 8 et 11 ans, les enfants sont tr\u00e8s sensibles \u00e0 la justice et la paix. Ils ont envie de savoir comment on vit sur la plan\u00e8te, quels sont les jeux, les r\u00eaves et le quotidien des copains dailleurs.. La r\u00e9daction du journal Bugey C\u00f4ti\u00e8re est compos\u00e9e de x journalistes Le mauvais : Il fait partie de ces films qui nauraient jamais d\u00fb voir le jour, et dont lid\u00e9e naurait m\u00eame jamais d\u00fb germer. Mix\u00e9 dans une post-cuite sous ecstasy et dun mauvais trip sous acide, est sans nul doute le pire opus de la trilogie. Assassin\u00e9 par la critique et par le public avec n\u00e9anmoins un joli box-office de plus de 562 millions de dollars dans le monde, le deuxi\u00e8me \u00e9pisode est le plus boud\u00e9 de tous les Pixar, et pour cause, il na aucune raison d\u00eatre bon. Un t\u00eate-\u00e0-queue monumental pour ici r\u00e9alisateur qui doit encore se remettre du crash de son film. Le mauvais : Si John Lasseter promet s\u00eatre inspir\u00e9 des insectes pour son dessin anim\u00e9, on aura surtout limpression quil les aura fait bouger et penser comme des \u00eatres humains. Finalement en se penchant sur le fond du film, on retrouvera bien des th\u00e8mes chers au cin\u00e9ma am\u00e9ricain comme le pouvoir de la communaut\u00e9 contre une tyrannie oppressante. La prise de conscience dun individu \u00e0 cultiver sa diff\u00e9rence, \u00e0 condition que celui-ci lutilise \u00e0 bon escient au profit de la communaut\u00e9, tout comme l\u00e9loge de la libert\u00e9, qui sont des bonnes choses en soi, mais deviennent redondantes et napportent rien de neuf au dessin anim\u00e9. On peut aussi reprocher une utilisation trop r\u00e9currente de lhumour dans des situations un peu dramatiques, faisant plus d\u00e9crocher une grimace quun sourire.<\/p>\n","protected":false},"excerpt":{"rendered":"<p>rencontre scout<\/p>\n","protected":false},"author":1,"featured_media":0,"comment_status":"closed","ping_status":"closed","sticky":false,"template":"","format":"standard","meta":{"footnotes":""},"categories":[1],"tags":[],"_links":{"self":[{"href":"http:\/\/geodeta.gorzow.pl\/www\/wp-json\/wp\/v2\/posts\/938"}],"collection":[{"href":"http:\/\/geodeta.gorzow.pl\/www\/wp-json\/wp\/v2\/posts"}],"about":[{"href":"http:\/\/geodeta.gorzow.pl\/www\/wp-json\/wp\/v2\/types\/post"}],"author":[{"embeddable":true,"href":"http:\/\/geodeta.gorzow.pl\/www\/wp-json\/wp\/v2\/users\/1"}],"replies":[{"embeddable":true,"href":"http:\/\/geodeta.gorzow.pl\/www\/wp-json\/wp\/v2\/comments?post=938"}],"version-history":[{"count":1,"href":"http:\/\/geodeta.gorzow.pl\/www\/wp-json\/wp\/v2\/posts\/938\/revisions"}],"predecessor-version":[{"id":939,"href":"http:\/\/geodeta.gorzow.pl\/www\/wp-json\/wp\/v2\/posts\/938\/revisions\/939"}],"wp:attachment":[{"href":"http:\/\/geodeta.gorzow.pl\/www\/wp-json\/wp\/v2\/media?parent=938"}],"wp:term":[{"taxonomy":"category","embeddable":true,"href":"http:\/\/geodeta.gorzow.pl\/www\/wp-json\/wp\/v2\/categories?post=938"},{"taxonomy":"post_tag","embeddable":true,"href":"http:\/\/geodeta.gorzow.pl\/www\/wp-json\/wp\/v2\/tags?post=938"}],"curies":[{"name":"wp","href":"https:\/\/api.w.org\/{rel}","templated":true}]}}