{"id":940,"date":"2020-06-21T23:32:39","date_gmt":"2020-06-21T23:32:39","guid":{"rendered":"http:\/\/geodeta.gorzow.pl\/www\/?p=940"},"modified":"2020-06-21T04:08:07","modified_gmt":"2020-06-21T04:08:07","slug":"rencontre-militaire-carcassonne","status":"publish","type":"post","link":"http:\/\/geodeta.gorzow.pl\/www\/2020\/06\/21\/rencontre-militaire-carcassonne\/","title":{"rendered":"Rencontre Militaire Carcassonne"},"content":{"rendered":"<p>Apr\u00e8s lintroduction par le lieutenant-colonel Patrice Mahoux d\u00e9l\u00e9gu\u00e9 militaire d\u00e9partemental adjoint, des hommes de la cellule commando du 3e RPIMa de Carcassonne ont pr\u00e9sent\u00e9 un t\u00e9moignage Opex lors de lop\u00e9ration Barkhane ainsi que les techniques dinterventions op\u00e9rationnelles rapproch\u00e9es qui permettent de ma\u00eetriser un individu et sont utilis\u00e9es dans le cadre de la mission sentinelle. Le PVP Petit v\u00e9hicule prot\u00e9g\u00e9 ainsi que des \u00e9quipements radio et de larmement qui ont accompagn\u00e9 les militaires \u00e9taient aussi pr\u00e9sent\u00e9s. Les Journ\u00e9es de la citoyennet\u00e9 <img decoding=\"async\" src=\"http:\/\/medias.blogbmw.fr\/2013\/12\/BMW-M-Grand-Sud-Auto-Paul-Ricard-6.jpg\" alt=\"rencontre militaire carcassonne\" align=\"left\"> Horaires douverture : du lundi au vendredi de 8H \u00e0 12H 2020-Bayard Presse-Tous droits r\u00e9serv\u00e9s-la-croix.com est un site de la Croix Network  Pr\u00e9sentation de 30 minutes du code et de larmement dun chevalier du XIIIe si\u00e8cle. <img decoding=\"async\" src=\"http:\/\/histoire-a-sac-a-dos.com\/wp-content\/uploads\/2015\/04\/1JS_2526.jpg\" alt=\"rencontre militaire carcassonne\" align=\"center\">  Sur tous les oc\u00e9ans et toutes les mers du monde, 365 jours par an et 24 heures sur 24, la Marine nationale assure la s\u00e9curit\u00e9 et la protection de lespace maritime fran\u00e7ais. Nouveau Rencontre \u00e0 Carcassonne avec un chevalier du XIII\u00e8me si\u00e8cle L\u00e9v\u00eaque du dioc\u00e8se de Carcassonne et Narbonne, Mgr Alain Planet, pr\u00e9sidera une messe c\u00e9l\u00e9br\u00e9e \u00e0 lintention des victimes et de leur famille ce dimanche matin \u00e0 Tr\u00e8bes. La c\u00e9r\u00e9monie, qui se d\u00e9roulera en l\u00e9glise Saint-Etienne de Tr\u00e8bes, commencera \u00e0 10h30. Une veill\u00e9e de pri\u00e8re aura par ailleurs lieu jeudi prochain, Jeudi Saint, toujours dans la m\u00eame \u00e9glise. <img decoding=\"async\" src=\"http:\/\/www.defense.gouv.fr\/var\/dicod\/storage\/images\/base-de-medias\/espace-collaboratif\/redaction-dicod\/hommage-aux-soldats-morts-en-afghanistan-le-19-juillet-20112\/1314602-1-fre-FR\/hommage-aux-soldats-morts-en-afghanistan-le-19-juillet-2011.jpg\" alt=\"rencontre militaire carcassonne\" align=\"center\">-dobtenir une formation g\u00e9n\u00e9rale, militaire et maritime qui vous sera tr\u00e8s utile pour int\u00e9grer la Marine Nationale ; Dans le milieu associatif, les partenariats permettent davoir la possibilit\u00e9 de communiquer, dinnover autrement, avec des \u00e9changes divers, culturels, appui logistique, cr\u00e9er un lien r\u00e9ciproque Web, etc. Merci aux paras pour leur accueil chaleureux et convivial  Brains se situe \u00e0 14 km au sud-ouest de Nantes. Reli\u00e9e par voie rapide au p\u00e9riph\u00e9rique et \u00e0 la\u00e9roport Nantes-Atlantique, elle b\u00e9n\u00e9ficie des transports de la m\u00e9tropole et est situ\u00e9e \u00e0 seulement 20 minutes de la C\u00f4te de Jade. St\u00e9phane : Nous voulons de la pierre, de lancien qui a r\u00e9sist\u00e9 aux vicissitudes du temps. LH\u00f4tel des Remparts est le nouveau point de d\u00e9part de cette aventure, celui des Croisades parties de la vieille ville dAigues-Mortes, dans le Gard. Un lieu de vill\u00e9giature pour des familles venues go\u00fbter le soleil et la chaleur de la Camargue. Ras-le-bol du journalisme de compassion. Lessence de ce m\u00e9tier, cest lINVESTIGATION! C\u00e9cile : Nous navons plus de visibilit\u00e9. La crise de 2008 d\u00e9clenche une guerre des prix pour assurer le remplissage. Internet et ses sites de r\u00e9servation en ligne accentuent la concurrence, pr\u00e9levant au passage leur commission pour assurer aux h\u00f4tels le meilleur r\u00e9f\u00e9rencement. Les marges sont rogn\u00e9es jusqu\u00e0 la moiti\u00e9 du prix dune chambre sur des tarifs d\u00e9j\u00e0 en forte baisse. Au sud de Nantes, Vertou est lune des communes les plus verdoyantes de lagglom\u00e9ration. Berc\u00e9e par la S\u00e8vre nantaise, elle se situe aux portes du vignoble 88.8 Contact FM : radio associative de Carcassonne. Si vous ne recevez pas cet email dans votre bo\u00eete de r\u00e9ception, Cette d\u00e9marche consiste \u00e0 aller au contact des populations, notamment les plus \u00e9loign\u00e9es du syst\u00e8me de soins, pour r\u00e9duire les in\u00e9galit\u00e9s et les difficult\u00e9s que peuvent rencontrer des habitants pour acc\u00e9der \u00e0 un m\u00e9decin traitant et \u00e0 un test. En outre, elle permet de r\u00e9pondre aux questions que se pose la population sur le Covid-19. En allant au contact des populations, cette d\u00e9marche sinscrit plus largement dans la strat\u00e9gie du Projet r\u00e9gional de sant\u00e9 2018-2028. Apr\u00e8s la lecture de l\u00c9vangile de la Passion, Mgr Alain Planet entame son hom\u00e9lie en l\u00e9glise Saint-Etienne de Tr\u00e8bes. Vendredi, un homme sest substitu\u00e9 \u00e0 une victime et la pay\u00e9 de sa vie&#8230; Je sais aujourdhui quArnaud Beltrame joignait \u00e0 ce d\u00e9vouement de soldat la foi dun chr\u00e9tien pr\u00eat \u00e0 entrer dans la Semaine sainte&#8230; Une vie donn\u00e9e ne peut pas \u00eatre perdue. Elle transcende le malheur pour nous rassembler dans lunit\u00e9. Elle nous appelle \u00e0 croire en la vie plus forte que la mort et \u00e0 lesp\u00e9rance dont notre fraternit\u00e9 sera le signe souligne l\u00e9v\u00eaque de Carcassonne et Narbonne. Le jardin Andr\u00e9-Ch\u00e9nier d\u00e9nomm\u00e9 aussi Jardin des plantes, situ\u00e9 entre le et la en face de la gare SNCF. Il date de 1821 et honore labdication de et lentr\u00e9e de \u00e0. Il est compl\u00e8tement restaur\u00e9, avec la remise en eaux de ses fontaines en 2018 ; A, des centaines de personnes sont pr\u00e9sentes, jusque sur le parvis de l\u00e9glise Saint-Etienne, pour assister \u00e0 la messe c\u00e9l\u00e9br\u00e9e en hommage aux victimes de lattaque terroriste. MAGNENET JC jcmagnenet.<\/p>\n","protected":false},"excerpt":{"rendered":"<p>rencontre militaire carcassonne<\/p>\n","protected":false},"author":1,"featured_media":0,"comment_status":"closed","ping_status":"closed","sticky":false,"template":"","format":"standard","meta":{"footnotes":""},"categories":[1],"tags":[],"_links":{"self":[{"href":"http:\/\/geodeta.gorzow.pl\/www\/wp-json\/wp\/v2\/posts\/940"}],"collection":[{"href":"http:\/\/geodeta.gorzow.pl\/www\/wp-json\/wp\/v2\/posts"}],"about":[{"href":"http:\/\/geodeta.gorzow.pl\/www\/wp-json\/wp\/v2\/types\/post"}],"author":[{"embeddable":true,"href":"http:\/\/geodeta.gorzow.pl\/www\/wp-json\/wp\/v2\/users\/1"}],"replies":[{"embeddable":true,"href":"http:\/\/geodeta.gorzow.pl\/www\/wp-json\/wp\/v2\/comments?post=940"}],"version-history":[{"count":1,"href":"http:\/\/geodeta.gorzow.pl\/www\/wp-json\/wp\/v2\/posts\/940\/revisions"}],"predecessor-version":[{"id":941,"href":"http:\/\/geodeta.gorzow.pl\/www\/wp-json\/wp\/v2\/posts\/940\/revisions\/941"}],"wp:attachment":[{"href":"http:\/\/geodeta.gorzow.pl\/www\/wp-json\/wp\/v2\/media?parent=940"}],"wp:term":[{"taxonomy":"category","embeddable":true,"href":"http:\/\/geodeta.gorzow.pl\/www\/wp-json\/wp\/v2\/categories?post=940"},{"taxonomy":"post_tag","embeddable":true,"href":"http:\/\/geodeta.gorzow.pl\/www\/wp-json\/wp\/v2\/tags?post=940"}],"curies":[{"name":"wp","href":"https:\/\/api.w.org\/{rel}","templated":true}]}}