{"id":9403,"date":"2020-07-05T21:56:57","date_gmt":"2020-07-05T21:56:57","guid":{"rendered":"http:\/\/geodeta.gorzow.pl\/www\/?p=9403"},"modified":"2020-06-28T05:21:05","modified_gmt":"2020-06-28T05:21:05","slug":"rencontres-internationales-de-la-culture-scientifique-et-technique-2012","status":"publish","type":"post","link":"http:\/\/geodeta.gorzow.pl\/www\/2020\/07\/05\/rencontres-internationales-de-la-culture-scientifique-et-technique-2012\/","title":{"rendered":"Rencontres Internationales De La Culture Scientifique Et Technique 2012"},"content":{"rendered":"<p>Les Journ\u00e9es Hubert Curien 2012 Rencontres Internationales de la Culture Scientifique, Technique et Industrielle vous donnent rendez-vous \u00e0 Nancy du 3 au 7 septembre 2012. Vous \u00eates professionnel de la culture et de la communication scientifique, charg\u00e9 de m\u00e9diation, chercheur, doctorants? Journ\u00e9e internationale des droits de lHomme, 10 d\u00e9cembre-\u00e9coles, coll\u00e8ges, lyc\u00e9es En 2010, le Breton Laurent Baltazar, aujourdhui \u00e0 la t\u00eate de Moteur BZH, a con\u00e7u lEco Leau, une technique dinjection deau destin\u00e9e \u00e0 diminuer.. Et bien dautres th\u00e9matiques seront d\u00e9velopp\u00e9es durant la conf\u00e9rence! 8es Rencontres internationales de laudiovisuel scientifique Images et sciences 1991 dans les centres culturels Jaimais un homme \u00e0 t\u00eate de squelette : performance dapr\u00e8s Le bain de Jean-Luc Lagarce par la compagnie Groenland Paradise. Dans lespace r\u00e9invent\u00e9 dune chambre, un homme raconte une histoire damour explosive. Le 16 mars \u00e0 21h \u00e0 lespace Bonnefoy www.toulouse.fr Approche syst\u00e9mique des interactions soci\u00e9t\u00e9s-milieux \u00e0 l\u00e9chelle dun petit bassin versant : le cas du bassin de Sarli\u00e8ve au pied de loppidum de Gergovie 1996-2004. S\u00e9minaire Mod\u00e9lisation spatiale des donn\u00e9es pal\u00e9oenvironnementales, MSH Ledoux Chrono-\u00c9cologie, UMR 6565 Thema, UMR 6049 organis\u00e9 par F. Favory et L. Nuninger, Besan\u00e7on 16 f\u00e9vrier 2004. Tr\u00e9ment F. 2004 Un plan deau disparu. Dans Leau et les hommes en Auvergne. Lieux et usages. Clermont-Ferrand, Chamina, D\u00e9couverte du Patrimoine, Auvergne, 2004 : 26. Espace Khiasma. Self Fiction. Les Lilas France. Ce groupe sant\u00e9 environnement GSE r\u00e9unit des repr\u00e9sentants des 5 coll\u00e8ges du Grenelle, auxquelles sajoutent des personnalit\u00e9s qualifi\u00e9es et des professionnels du syst\u00e8me de sant\u00e9. Il est charg\u00e9 de suivre et dorienter les actions du PNSE 2 tant au niveau national que r\u00e9gional. Il \u00e9labore un bilan annuel de lavanc\u00e9e du plan et surtout va \u00e9mettre des recommandations au Gouvernement destin\u00e9es \u00e0 am\u00e9liorer la mise en \u0153uvre du plan, voire \u00e0 le compl\u00e9ter, en fonction notamment des nouvelles connaissances sur les risques sanitaires environnementaux. Annie Chevrefils Desbiolles est inspectrice de la cr\u00e9ation, des enseignements artistiques et de laction culturellesp\u00e9cialit\u00e9 arts plastiques\u00e0 la Direction g\u00e9n\u00e9rale de la cr\u00e9ation artistique apr\u00e8s avoir occup\u00e9 divers postes au Minist\u00e8re de la culture et de la communication dont celui de conseill\u00e8re pour les arts plastiques. Auparavant elle a cr\u00e9\u00e9 et anim\u00e9 pour la ville de Marseille un programme original de soutien aux artistes et au milieu associatif intitul\u00e9 ACT Artiste, Critiques, Th\u00e9oriciens, lesperluette signifiant la liaison avec la ville. Agriculteurs et coop\u00e9ratives structurent de plus en plus leurs offres en fonction des exigences de laval des fili\u00e8res. Le secteur de la distribution, en mettant les industriels en concurrence, incite ces acteurs \u00e0 minimiser les co\u00fbts dachat de mati\u00e8res premi\u00e8res et \u00e0 standardiser leurs processus de transformation. Parmi les douze cultures \u00e9tudi\u00e9es, la moiti\u00e9 sont ou peuvent \u00eatre utilis\u00e9es pour la fabrication daliments du b\u00e9tail, qui constituera le support principal de lanalyse dans cette section. Mon oc\u00e9an moi souhaite faire partager les recherches actuelles en oc\u00e9anographie avec tous ceux qui sy int\u00e9ressent. Un des principaux objectifs est de d\u00e9velopper une meilleure compr\u00e9hension de loc\u00e9an et des enjeux associ\u00e9s dans un contexte de changement environnemental. Salon Cette ann\u00e9e, lAnses met en avant l\u00e9quilibre alimentaire et lhygi\u00e8ne \u00e0 la maison au Salon International de lAgriculture. Du 5 au 7 octobre 2011 \u00e0 21h Odyssud-Blagnac www.odyssud.com Rencontres Internationales de la Culture Scientifique et Technique. Pixees <img decoding=\"async\" src=\"http:\/\/static.webshopapp.com\/shops\/039401\/files\/161233286\/300x250x2\/leo-vince-silencieux-inox-pour-triumph-street-twin.jpg\" alt=\"rencontres internationales de la culture scientifique et technique 2012\" align=\"left\"> Dans le cadre de lexposition Un fleuve, des hommes, 15 000 ans de cohabitation, organis\u00e9e en juillet 2008 \u00e0 Sully-sur-Loire, pr\u00e9sentation de posters et de diaporamas sur les recherches conduites en Auvergne. Coordinateur scientifique : F Tr\u00e9ment. <img decoding=\"async\" src=\"http:\/\/feedproxy.google.com\/~r\/agoravox\/gEOF\/~5\/KJBMJ2w9QiU\/Capture_d_ecran_2018-09-14_a_19-41-53.png\" alt=\"rencontres internationales de la culture scientifique et technique 2012\" align=\"left\"> Du jeudi 04 d\u00e9cembre 2014 au vendredi 05 d\u00e9cembre 2014 <img decoding=\"async\" src=\"http:\/\/www.club-innovation-culture.fr\/wp-content\/uploads\/salon-international-du-patrimoine-culturel.jpg\" alt=\"rencontres internationales de la culture scientifique et technique 2012\" align=\"left\">   .<\/p>\n","protected":false},"excerpt":{"rendered":"<p>rencontres internationales de la culture scientifique et technique 2012<\/p>\n","protected":false},"author":1,"featured_media":0,"comment_status":"closed","ping_status":"closed","sticky":false,"template":"","format":"standard","meta":{"footnotes":""},"categories":[1],"tags":[],"_links":{"self":[{"href":"http:\/\/geodeta.gorzow.pl\/www\/wp-json\/wp\/v2\/posts\/9403"}],"collection":[{"href":"http:\/\/geodeta.gorzow.pl\/www\/wp-json\/wp\/v2\/posts"}],"about":[{"href":"http:\/\/geodeta.gorzow.pl\/www\/wp-json\/wp\/v2\/types\/post"}],"author":[{"embeddable":true,"href":"http:\/\/geodeta.gorzow.pl\/www\/wp-json\/wp\/v2\/users\/1"}],"replies":[{"embeddable":true,"href":"http:\/\/geodeta.gorzow.pl\/www\/wp-json\/wp\/v2\/comments?post=9403"}],"version-history":[{"count":1,"href":"http:\/\/geodeta.gorzow.pl\/www\/wp-json\/wp\/v2\/posts\/9403\/revisions"}],"predecessor-version":[{"id":9404,"href":"http:\/\/geodeta.gorzow.pl\/www\/wp-json\/wp\/v2\/posts\/9403\/revisions\/9404"}],"wp:attachment":[{"href":"http:\/\/geodeta.gorzow.pl\/www\/wp-json\/wp\/v2\/media?parent=9403"}],"wp:term":[{"taxonomy":"category","embeddable":true,"href":"http:\/\/geodeta.gorzow.pl\/www\/wp-json\/wp\/v2\/categories?post=9403"},{"taxonomy":"post_tag","embeddable":true,"href":"http:\/\/geodeta.gorzow.pl\/www\/wp-json\/wp\/v2\/tags?post=9403"}],"curies":[{"name":"wp","href":"https:\/\/api.w.org\/{rel}","templated":true}]}}