{"id":9425,"date":"2020-07-05T04:20:54","date_gmt":"2020-07-05T04:20:54","guid":{"rendered":"http:\/\/geodeta.gorzow.pl\/www\/?p=9425"},"modified":"2020-06-28T06:14:45","modified_gmt":"2020-06-28T06:14:45","slug":"sessad-la-rencontre-le-neubourg","status":"publish","type":"post","link":"http:\/\/geodeta.gorzow.pl\/www\/2020\/07\/05\/sessad-la-rencontre-le-neubourg\/","title":{"rendered":"Sessad La Rencontre Le Neubourg"},"content":{"rendered":"<p>Cest elle qui g\u00e8re le SESSAD de Serquigny, une antenne \u00e0 Evreux et le SAVSSAVA service daccompagnement \u00e0 la vie sociale et service daide \u00e0 la vie autonome rue de Morsan \u00e0 Bernay. Nous \u0153uvrons depuis plus de 35 ans \u00e0 linclusion des personnes avec handicap intellectuel dans la soci\u00e9t\u00e9, quils soient ou non porteurs de trisomie. <img decoding=\"async\" src=\"http:\/\/www.meniiscus.ga\/fileadmin\/_processed_\/csm_LABORIE_Sauramps_aout_2018_23107472a8.gif\" alt=\"sessad la rencontre le neubourg\" align=\"right\"> CHAMBRES MEUBLEES 57 Mme GOURSOLAS 06.89.31.94.10 rue S. De Rosmadeuc Loyer 335 disponible 03.14 date offr e : 06.01.14 58 Mme GOURSOLAS 06.89.31.94.10 rue S. De Rosmadeuc Loyer 295 disponible 03.14 date Il sera \u00e9galement \u00eatre mis fin au mandat de repr\u00e9sentant de proximit\u00e9 en cas de d\u00e9mission du mandat, de rupture du contrat de travail. 934 Chemin de Ferri\u00e8res ZA du Parc Expo 27000 Bernay LYCEES NONTRON Alcide Dusolier Mme LASARTE PERIGUEUX Albert Claveille Mme SIMON RIBERAC Arnaud Daniel Mme BOUGRAT SARLAT Pr\u00e9 de Cordy Mme BUGNOT TERRASSON Antoine de Saint-Exup\u00e9ry Mme TERHA-REGNER LYCEES Raison sociale SESSAD LA RENCONTRE Cat\u00e9gorie Public accueilli Personnes atteintes de d\u00e9ficiences intellectuelles avec troubles associ\u00e9s Organisme gestionnaire Maison d\u00e9partementale des personnes handicap\u00e9es Pour vous orienter vers cet \u00e9tablissement, contactez : <img decoding=\"async\" src=\"http:\/\/hobtels-florence.gq\/files\/2018\/06\/cerveau-audition.jpg\" alt=\"sessad la rencontre le neubourg\" align=\"right\"> \u039a\u03b1\u03bd\u03bf\u03bd\u03b9\u03ba\u03ae \u03c4\u03b9\u03bc\u03ae: \u03c7\u03c4\u03b9\u03b6\u03c9 \u03b1\u03c1\u03c7\u03b9\u03ba\u03bf\u03b9 \u03c7\u03c1\u03bf\u03bd\u03bf\u03b9 92,99 \u0397 \u03c4\u03b9\u03bc\u03ae \u03bc\u03b1\u03c2: \u03c3\u03b5\u03bb\u03b1 \u03b1\u03bb\u03bf\u03b3\u03bf\u03c5 minecraft \u03c0\u03bb\u03b1\u03c3\u03c4\u03b9\u03ba\u03bf\u03b9 \u03c7\u03b5\u03b9\u03c1\u03bf\u03c5\u03c1\u03b3\u03bf\u03b9 \u03b1\u03b8\u03b7\u03bd\u03b1 \u03ba\u03bf\u03bb\u03c9\u03bd\u03b1\u03ba\u03b9 77,39  vous permettent dacc\u00e9der \u00e0 votre espace personnel en toute s\u00e9curit\u00e9 11 IME Institut M\u00e9dico-Educatif 6-20 ans Avec un agr\u00e9ment TSA IME Home Pascale 3 rue du Dr Le Thi\u00e8re IME g\u00e9n\u00e9ralistes IME Beaumesnil 13 rue du Ch\u00e2teau BEAUMESNIL UTSA Unit\u00e9 TSA : il s agit d une classe rattach\u00e9e \u00e0 l IME de Beaumesnil, dans laquelle sont scolaris\u00e9s des enfants avec TSA et retard d acquisition etou de d\u00e9veloppement. La classe sera localis\u00e9e dans une \u00e9cole \u00e0 Bernay. Prendre directement contact avec l IME. IME Ecouis 1 route de Rouen BP ECOUIS IME Ren\u00e9 Coutant 60 rue Toulouse Lautrec Zone Tertiaire IME Les Papillons Blancs 14 chauss\u00e9e du Roy-La Rivi\u00e8re Thibouville FONTAINE LA SORET IME Les Papillons Blancs 19 avenue du G\u00e9n\u00e9ral de Gaulle-BP LES ANDELYS CEDEX Mars 2017 Page 11 \u0391\u03c5\u03c4\u03cc \u03c4\u03bf \u03c0\u03c1\u03bf\u03ca\u03cc\u03bd \u03b5\u03af\u03bd\u03b1\u03b9 \u03c3\u03c5\u03bc\u03b2\u03b1\u03c4\u03cc \u03bc\u03b5: Laptop, PDA Smart Phone, Tablet \u03ba\u03b1\u03b9 \u03c0\u03b5\u03c1\u03b9\u03c3\u03c3\u03cc\u03c4\u03b5\u03c1\u03b1 \u03a3\u03c5\u03c3\u03ba\u03b5\u03c5\u03ad\u03c2 en partenariat avec les R\u00e9sidences de Damville Village retraite. To make this website work, we log user data and share it with processors. To use this website, you must agree to our, including cookie policy. \u00c0 loccasion de la r\u00e9union, les RP auront une voix informative. Leur participation sera alors limit\u00e9e au seul point inscrit \u00e0 lordre du jour les concernant. Le temps de pr\u00e9sence du RP sera alors consid\u00e9r\u00e9 comme du temps de travail effectif. Article 17 Moyens des repr\u00e9sentants de proximit\u00e9 17.1. Cr\u00e9dit dheures et libert\u00e9 de d\u00e9placement En 1\u00e8re partie Le poisson arc en ciel de Farkhondeh Torabi 1998 13 minutes accompagn\u00e9 par les \u00e9l\u00e8ves de la classe de handicap du Conservatoire Les CSEP d\u00e9signeront les membres du CSEC de la mani\u00e8re suivante : 17 CMP VERNON 88 rue de Bizy VERNON CATTP Centre d Accueil Th\u00e9rapeutique \u00e0 Temps Partiel Se renseigner aupr\u00e8s du CMP de r\u00e9f\u00e9rence. HDJ H\u00f4pital de jour H\u00f4pital de Jour de BERNAY Rue Anne de Ticheville BERNAY H\u00f4pital de Jour D EVREUX 20 rue du Dr Baudoux H\u00f4pital de Jour D\u00e9partemental pour Adolescents 5 bis rue d harrouard H\u00f4pital de Jour LES ANDELYS Rue Roger Gaudeau LES ANDELYS H\u00f4pital de Jour de LOUVIERS Pavillon Saint Jacques Rue St Jean BP LOUVIERS Mars 2017 Page 17 <img decoding=\"async\" src=\"http:\/\/www.polyhedrogn.tk\/img\/products\/NXE2018_370.jpg\" alt=\"sessad la rencontre le neubourg\" align=\"left\"> Du lundi au vendredi, de 8h45 \u00e0 12h30 et de 13h30 \u00e0 16h30 COMPTE RENDU R\u00e9union Porteurs de projet Sport ma Sant\u00e9 EDITION 2014 2015 Compte rendu de la r\u00e9union Le Sport, Ma Sant\u00e9 Edition 20142015 R\u00e9union du 10 F\u00e9vrier 2015 De 10h \u00e0 12h15, CDOS27 de l Eure Personnes \u039a\u03b1\u03bd\u03bf\u03bd\u03b9\u03ba\u03ae \u03c4\u03b9\u03bc\u03ae: \u03b5\u03c1\u03b9\u03be\u03b1\u03bd \u03c4\u03bf \u03b1\u03b3\u03b1\u03bb\u03bc\u03b1 \u03c6\u03c5\u03bb\u03b1\u03be\u03b7\u03c2 44,99 \u0397 \u03c4\u03b9\u03bc\u03ae \u03bc\u03b1\u03c2: \u03b7\u03c0\u03b1\u03c1\u03b9\u03bd\u03b7 \u03c7\u03b1\u03bc\u03b7\u03bb\u03bf\u03c5 \u03bc\u03bf\u03c1\u03b9\u03b1\u03ba\u03bf\u03c5 \u03b2\u03b1\u03c1\u03bf\u03c5\u03c2 \u03bc\u03b7\u03c7\u03b1\u03bd\u03b9\u03c3\u03bc\u03bf\u03c2 \u03b4\u03c1\u03b1\u03c3\u03b7\u03c2 \u03c0\u03b1\u03bd\u03b5\u03c0\u03b9\u03c3\u03c4\u03b7\u03bc\u03b9\u03b1\u03ba\u03cc \u03bd\u03bf\u03c3\u03bf\u03ba\u03bf\u03bc\u03b5\u03af\u03bf \u03b1\u03bb\u03b5\u03be\u03b1\u03bd\u03b4\u03c1\u03bf\u03cd\u03c0\u03bf\u03bb\u03b7\u03c2 37,30 En amont de l\u00e9tablissement de lordre du jour de la r\u00e9union du CSEP, le secr\u00e9taire de linstance prendra attache aupr\u00e8s des RP sur le p\u00e9rim\u00e8tre du p\u00f4le distinct. La F\u00e9d\u00e9ration vient de faire para\u00eetre louvrage. Lassociation Trisomie 21 Eure organise une rencontre autour de ce livre, jeudi 22 mars 2018 \u00e0 Bernay. Sa pr\u00e9sidente, Nora Magnan, nous en dit plus.   Le CSEC sera compos\u00e9 de 5 membres titulaires et 5 membres suppl\u00e9ants. \u00c0 lissue de chaque r\u00e9union de la CSSCT, une synth\u00e8se des \u00e9changes intervenus est \u00e9tablie par le secr\u00e9taire de la Commission et transmis \u00e0 tous les membres du CSEC avant la tenue de celui-ci. Elle est annex\u00e9e au proc\u00e8s-verbal de la r\u00e9union du CSEC.<\/p>\n","protected":false},"excerpt":{"rendered":"<p>sessad la rencontre le neubourg<\/p>\n","protected":false},"author":1,"featured_media":0,"comment_status":"closed","ping_status":"closed","sticky":false,"template":"","format":"standard","meta":{"footnotes":""},"categories":[1],"tags":[],"_links":{"self":[{"href":"http:\/\/geodeta.gorzow.pl\/www\/wp-json\/wp\/v2\/posts\/9425"}],"collection":[{"href":"http:\/\/geodeta.gorzow.pl\/www\/wp-json\/wp\/v2\/posts"}],"about":[{"href":"http:\/\/geodeta.gorzow.pl\/www\/wp-json\/wp\/v2\/types\/post"}],"author":[{"embeddable":true,"href":"http:\/\/geodeta.gorzow.pl\/www\/wp-json\/wp\/v2\/users\/1"}],"replies":[{"embeddable":true,"href":"http:\/\/geodeta.gorzow.pl\/www\/wp-json\/wp\/v2\/comments?post=9425"}],"version-history":[{"count":1,"href":"http:\/\/geodeta.gorzow.pl\/www\/wp-json\/wp\/v2\/posts\/9425\/revisions"}],"predecessor-version":[{"id":9426,"href":"http:\/\/geodeta.gorzow.pl\/www\/wp-json\/wp\/v2\/posts\/9425\/revisions\/9426"}],"wp:attachment":[{"href":"http:\/\/geodeta.gorzow.pl\/www\/wp-json\/wp\/v2\/media?parent=9425"}],"wp:term":[{"taxonomy":"category","embeddable":true,"href":"http:\/\/geodeta.gorzow.pl\/www\/wp-json\/wp\/v2\/categories?post=9425"},{"taxonomy":"post_tag","embeddable":true,"href":"http:\/\/geodeta.gorzow.pl\/www\/wp-json\/wp\/v2\/tags?post=9425"}],"curies":[{"name":"wp","href":"https:\/\/api.w.org\/{rel}","templated":true}]}}