{"id":9471,"date":"2020-07-05T16:06:24","date_gmt":"2020-07-05T16:06:24","guid":{"rendered":"http:\/\/geodeta.gorzow.pl\/www\/?p=9471"},"modified":"2020-06-28T07:51:48","modified_gmt":"2020-06-28T07:51:48","slug":"rencontres-internet-autrans-2013","status":"publish","type":"post","link":"http:\/\/geodeta.gorzow.pl\/www\/2020\/07\/05\/rencontres-internet-autrans-2013\/","title":{"rendered":"Rencontres Internet Autrans 2013"},"content":{"rendered":"<p><img decoding=\"async\" src=\"http:\/\/www.more.wfcrimewatch.com\/public\/upload\/news\/first\/58d93269563d23.08240960.jpg\" alt=\"rencontres internet autrans 2013\" align=\"right\"> Retrouvez dans lespace r\u00e9serv\u00e9 aux membres, les r\u00e9cits, photos, documents et vid\u00e9o dans notre espace membre Le bois est largement utilis\u00e9 dans ce b\u00e2timent : charpente, murs \u00e0 ossature bois, bardage, toiture bois, platelage, menuiseries int\u00e9rieures \u0391\u03c5\u03b8\u03b5\u03bd\u03c4\u03b9\u03ba\u03cc \u03b9\u03c4\u03b1\u03bb\u03b9\u03ba\u03cc \u03bc\u03c0\u03b9\u03c6\u03c4\u03ad\u03ba\u03b9 \u03bc\u03b5 \u03c8\u03b9\u03bb\u03bf\u03ba\u03bf\u03bc\u03bc\u03ad\u03bd\u03b7 \u03c6\u03c1\u03ad\u03c3\u03ba\u03b9\u03b1 \u03c4\u03bf\u03bc\u03ac\u03c4\u03b1. \u03a3\u03c5\u03bd\u03bf\u03b4\u03b5\u03cd\u03b5\u03c4\u03b1\u03b9 \u03b1\u03c0\u03cc \u03c0\u03ad\u03bd\u03bd\u03b5\u03c2 LISOC France organise les premiers Etats G\u00e9n\u00e9raux Europ\u00e9ens des Noms de Domaine, en partenariat avec la CCIP, le MEDEF et le CIGREF. C\u00e9tait une question r\u00e9currente: ou trouver les produits du Vercors, dont le bleu du Vercors Sassenage, dans lagglom\u00e9ration grenobloise?  www.prevenons-nous.fr En Savoie, des institutions publiques et associatives dont Les \u00e9tudiants du Master de Marne La Vall\u00e9e seront pr\u00e9sents pour suivre les d\u00e9bats et interviewer les acteurs de lInternet du plateau et les jeunes de la g\u00e9n\u00e9ration Y. Thierry, le responsable du magasin et son \u00e9quipe ont cr\u00e9\u00e9 une ambiance familiale, conviviale et sont pr\u00eats \u00e0 vous aider dans vos achats, vous prodiguer des conseils de cuisine \u00e0 vous distribuer des recettes originales, du Vercors bien s\u00fbr! De tr\u00e8s nombreuses Autranaises et Autranais ont \u00e9t\u00e9 membres des diff\u00e9rentes \u00e9quipes de France de ski et ont remport\u00e9 nombre de titres nationaux, comme m\u00e9daill\u00e9 au JO de Sotchi ou Dominique Locatelli. <img decoding=\"async\" src=\"http:\/\/www.mahshables.tk\/barques-et-bateaux-coques-v-alu-console-mirrocraft-1661-agressor-pro-x-console-lateral,1512989224,1512989281,copyrighted.jpg\" alt=\"rencontres internet autrans 2013\" align=\"center\"> De quoi avez vos besoins? Quels sont vos passions? Quels sont les r\u00e9seaux qui pourraient vous int\u00e9resser? Michel GIRARD, Conseil G\u00e9n\u00e9ral de lIs\u00e8re, Direction des transports <img decoding=\"async\" src=\"http:\/\/media.blustone.fr\/uploads\/fcd28675-9fe2-4760-9da1-ded319f05f93.jpg\" alt=\"rencontres internet autrans 2013\" align=\"left\"> formations autour des organisations et enjeux de soci\u00e9t\u00e9, des individus et intelligence relationnelle, des dynamiques de groupe. Une bo\u00eete \u00e0 outils est annonc\u00e9e pour octobre 2O13; pr\u00e9sentation de http:cpcoop.frcafes-intelligents? caf\u00e9 intelligents. Cette ann\u00e9e ne sera comme aucune autre. Cest d\u00e9sormais au grand air que sorganisent les r\u00e9unions du FIFMA qui reprennent petit \u00e0 petit.. Merci \u00e0 tous pour votre \u00e9nergie partag\u00e9e, les id\u00e9es et les envies qui nont pas faibli!  Ne sont pas repris ici les multiples plate-forme qui proposent des solutions priv\u00e9es despaces collaboratifs Jouons avec un dr\u00f4le de robot le mirobot le fablab de Bron vous propose de d\u00e9couvrir comment manoeuvrer ce petit robot de mani\u00e8re simple : jeudi 16 f\u00e9vrier de 14h \u00e0 16h LISOC France co-accueille lICANN \u00e0 PARIS conf\u00e9rence mondiale. En mai 2014, lalpiniste, guide de haute montagne et r\u00e9alisateur Fran\u00e7ois Damilano est parti en Himalaya pour gravir le plus haut sommet du monde dans les pas de Sophie Lavaud, une alpiniste amatrice suisse, rencontr\u00e9e deux ans plus t\u00f4t sur les flancs du Shishapangma 8027 m, Tibet.  quon ne trouve que dans les couloirs de ce festival, avec des invit\u00e9s et un festivaliers exceptionnels. Votre participation aux frais du Week-end Tarifs participation Un dialogue anim\u00e9 par Philippe Descamps, de la fondation Petzl, entre J\u00e9r\u00f4me Nanchen, psychologue du sport, et Fran\u00e7ois Gouy, alpiniste et paralpiniste, auteur en juillet 2013 du premier saut en combinaison ail\u00e9e depuis le Doigt de Dieu, \u00e0 la Meije. Rendez-vous culturel majeur dans le milieu de la montagne, du cin\u00e9ma et pour tous les passionn\u00e9s de grands espaces, cet \u00e9v\u00e8nement continue d\u00e9crire sa belle histoire et vous invite chaque ann\u00e9e \u00e0 Autrans pour y d\u00e9couvrir une programmation unique, faire le plein de rencontres et d\u00e9motions cin\u00e9matographiques!<\/p>\n","protected":false},"excerpt":{"rendered":"<p>rencontres internet autrans 2013<\/p>\n","protected":false},"author":1,"featured_media":0,"comment_status":"closed","ping_status":"closed","sticky":false,"template":"","format":"standard","meta":{"footnotes":""},"categories":[1],"tags":[],"_links":{"self":[{"href":"http:\/\/geodeta.gorzow.pl\/www\/wp-json\/wp\/v2\/posts\/9471"}],"collection":[{"href":"http:\/\/geodeta.gorzow.pl\/www\/wp-json\/wp\/v2\/posts"}],"about":[{"href":"http:\/\/geodeta.gorzow.pl\/www\/wp-json\/wp\/v2\/types\/post"}],"author":[{"embeddable":true,"href":"http:\/\/geodeta.gorzow.pl\/www\/wp-json\/wp\/v2\/users\/1"}],"replies":[{"embeddable":true,"href":"http:\/\/geodeta.gorzow.pl\/www\/wp-json\/wp\/v2\/comments?post=9471"}],"version-history":[{"count":1,"href":"http:\/\/geodeta.gorzow.pl\/www\/wp-json\/wp\/v2\/posts\/9471\/revisions"}],"predecessor-version":[{"id":9472,"href":"http:\/\/geodeta.gorzow.pl\/www\/wp-json\/wp\/v2\/posts\/9471\/revisions\/9472"}],"wp:attachment":[{"href":"http:\/\/geodeta.gorzow.pl\/www\/wp-json\/wp\/v2\/media?parent=9471"}],"wp:term":[{"taxonomy":"category","embeddable":true,"href":"http:\/\/geodeta.gorzow.pl\/www\/wp-json\/wp\/v2\/categories?post=9471"},{"taxonomy":"post_tag","embeddable":true,"href":"http:\/\/geodeta.gorzow.pl\/www\/wp-json\/wp\/v2\/tags?post=9471"}],"curies":[{"name":"wp","href":"https:\/\/api.w.org\/{rel}","templated":true}]}}