{"id":9499,"date":"2020-07-05T16:56:35","date_gmt":"2020-07-05T16:56:35","guid":{"rendered":"http:\/\/geodeta.gorzow.pl\/www\/?p=9499"},"modified":"2020-06-28T09:20:01","modified_gmt":"2020-06-28T09:20:01","slug":"rencontres-chorales-saint-amand-les-eaux-2012","status":"publish","type":"post","link":"http:\/\/geodeta.gorzow.pl\/www\/2020\/07\/05\/rencontres-chorales-saint-amand-les-eaux-2012\/","title":{"rendered":"Rencontres Chorales Saint Amand Les Eaux 2012"},"content":{"rendered":"<p>Agr\u00e9ment : 07052013 au 07052018-Domaine : Social La rose des vents Cet \u00e9v\u00e8nement qui n\u00e9tait plus arriv\u00e9 depuis longtemps vient de se Y a pas de papier mes \u00e9l\u00e8ves passent les rallyes en ligne. Aussi rationnel que dr\u00f4le, Fabien Olicard vous bluffe gr\u00e2ce \u00e0 votre potentiel! 21 juin : f\u00eate de la Musique, concert pour le S\u00e9nat, jardin du Luxembourg, Paris. Maison des Saveurs-2 rue de Dormagen-59350 Saint Andr\u00e9 r\u00e9pertoire des Beatles avec Yesterday, Michelle ou encore I want <img decoding=\"async\" src=\"http:\/\/happiness.fordstorecredit.com\/uploads\/articles\/recadrage\/hauteur_graph.png\" alt=\"rencontres chorales saint amand les eaux 2012\" align=\"right\">  Mercredi 29 mars 2017 : les plus anciens choristes qui <img decoding=\"async\" src=\"http:\/\/instead.monijmindbodyspirit.com\/wp-content\/uploads\/2017\/12\/abdallah-hassan-et-camera-e1514653849978.png\" alt=\"rencontres chorales saint amand les eaux 2012\" align=\"left\"> Les Choeurs du C\u0153ur aident, b\u00e9n\u00e9volement, gr\u00e2ce \u00e0 la g\u00e9n\u00e9rosit\u00e9 du public lors de concerts, \u00e0 participer encore plus aux actions des Compagnons pour aider les plus souffrants, victimes de la mis\u00e8re. Attribu\u00e9es par le gouvernement de la f\u00e9d\u00e9ration Wallonie-Bruxelles Communaut\u00e9 francophone de Belgique Jusquau 20 mai, au mus\u00e9e des Dentelles et Broderies, rue de la R\u00e9publique \u00e0 Caudry. La Mission Locale et la Maison de lEmploi de Lille-Lomme-Hellemmes ont accueilli un Spectacle en Balade dans le cadre du partenariat entre le Th\u00e9\u00e2tre du Nord et le Cr\u00e9dit-Loisirs.CR\u00c9DIT-LOISIRS, LACC\u00c8S \u00c0 LA CULTURE POUR.. Dimanche 26 mars 2017 : date funeste pour La Clef des Chants qui perd le m\u00eame jour 2 \u00e9l\u00e9ments:  Des usagers du CSC de Fourmies ayant particip\u00e9 aux ateliers de cr\u00e9ation de la sc\u00e9nographie des F\u00e9ronArts pr\u00e9sent\u00e9 dans la rubrique projets partagent leurs ressentis sur le projet.POURQUOI AVEZ-VOUS EU ENVIE DE.. Domaine : Citoyennet\u00e9 Association de lEcole Sup\u00e9rieure de journalisme de Lille pour les m\u00e9dias, la communication et la citoyennet\u00e9  15 juillet : salle des f\u00eates de Saint-Gildas-de-Rhuys Morbihan. Conseil dadministration de la chorale; dans la foul\u00e9e, ce dernier Dans le cadre de la r\u00e9sidence-mission de la journaliste Sheerazad Chekaik-Chaila sur l\u00e9ducation aux m\u00e9dias en collaboration avec Valenciennes M\u00e9tropole, le Minist\u00e8re de la Culture DRAC Hauts-de-France et l\u00c9ducation nationale.. Dimanche 3 mars 2013 : visite de lexposition Roulez carrosses. Le reportage en cliquant <img decoding=\"async\" src=\"http:\/\/www.counsel.louddata.com\/sites\/default\/files\/imagecache\/938x240\/tessa_worley_0.jpg\" alt=\"rencontres chorales saint amand les eaux 2012\" align=\"left\"> Vendredi 11 d\u00e9cembre 2015 : qui est qui? encore de nouveaux visages chez les altos et les sopranos.. Passage dans le Nord pour venir saluer la chorale et en faire la photo :.<\/p>\n","protected":false},"excerpt":{"rendered":"<p>rencontres chorales saint amand les eaux 2012<\/p>\n","protected":false},"author":1,"featured_media":0,"comment_status":"closed","ping_status":"closed","sticky":false,"template":"","format":"standard","meta":{"footnotes":""},"categories":[1],"tags":[],"_links":{"self":[{"href":"http:\/\/geodeta.gorzow.pl\/www\/wp-json\/wp\/v2\/posts\/9499"}],"collection":[{"href":"http:\/\/geodeta.gorzow.pl\/www\/wp-json\/wp\/v2\/posts"}],"about":[{"href":"http:\/\/geodeta.gorzow.pl\/www\/wp-json\/wp\/v2\/types\/post"}],"author":[{"embeddable":true,"href":"http:\/\/geodeta.gorzow.pl\/www\/wp-json\/wp\/v2\/users\/1"}],"replies":[{"embeddable":true,"href":"http:\/\/geodeta.gorzow.pl\/www\/wp-json\/wp\/v2\/comments?post=9499"}],"version-history":[{"count":1,"href":"http:\/\/geodeta.gorzow.pl\/www\/wp-json\/wp\/v2\/posts\/9499\/revisions"}],"predecessor-version":[{"id":9500,"href":"http:\/\/geodeta.gorzow.pl\/www\/wp-json\/wp\/v2\/posts\/9499\/revisions\/9500"}],"wp:attachment":[{"href":"http:\/\/geodeta.gorzow.pl\/www\/wp-json\/wp\/v2\/media?parent=9499"}],"wp:term":[{"taxonomy":"category","embeddable":true,"href":"http:\/\/geodeta.gorzow.pl\/www\/wp-json\/wp\/v2\/categories?post=9499"},{"taxonomy":"post_tag","embeddable":true,"href":"http:\/\/geodeta.gorzow.pl\/www\/wp-json\/wp\/v2\/tags?post=9499"}],"curies":[{"name":"wp","href":"https:\/\/api.w.org\/{rel}","templated":true}]}}