{"id":9521,"date":"2020-07-05T07:06:33","date_gmt":"2020-07-05T07:06:33","guid":{"rendered":"http:\/\/geodeta.gorzow.pl\/www\/?p=9521"},"modified":"2020-06-28T10:27:04","modified_gmt":"2020-06-28T10:27:04","slug":"rencontres-urbaines-caen","status":"publish","type":"post","link":"http:\/\/geodeta.gorzow.pl\/www\/2020\/07\/05\/rencontres-urbaines-caen\/","title":{"rendered":"Rencontres Urbaines Caen"},"content":{"rendered":"<p>2004 : pour Deux moins un \u00e9gal z\u00e9ro \u00e9d. Du Petit V\u00e9hicule 25 septembre : inauguration des travaux de mise en s\u00e9curit\u00e9 du stade nautique Caen.  <img decoding=\"async\" src=\"http:\/\/www.inessahansch.com\/picture\/748\/ftw_1536\/inessa-hansch-architecte-vue-generale.jpg\" alt=\"rencontres urbaines caen\" align=\"center\"> Zaynab TERA est la directrice du r\u00e9seau r\u00e9gional normand dappui \u00e0 la coop\u00e9ration et \u00e0 la solidarit\u00e9 internationales depuis 2012, Horizons Solidaires. Les rencontres tourneront essentiellement autour de ses deux livres: Je nai pas eu le temps de bavarder avec toi et Ma m\u00e8re et moi, publi\u00e9s chez Mauconduit. Son dernier livre: Lombre des chats \u00e9ditions M\u00e9taili\u00e9   Centre Fran\u00e7ois-Baclesse,, sur baclesse.fr consult\u00e9 le 30 ao\u00fbt 2008 A commencer par des travaux de r\u00e9novation qui vous offriront fin f\u00e9vrier un Brouillon tout nouveau tout beau. 28 novembre : Inauguration et fin des travaux de r\u00e9novation de la piscine Montmorency. En 1973, ils entreprennent dam\u00e9nager une friche \u00e0 Manhattan, ils y cr\u00e9ent le premier community garden jardin communautaire qui porte aujourdhui le nom de sa fondatrice : Liz Chistie. En 1974, ils fondent le mouvement Green Guerillas pour aider dautres habitants \u00e0 cr\u00e9er des community gardens. Rapidement le mouvement s\u00e9tend et les community gardens deviennent des lieux de convivialit\u00e9. Il en existe aujourdhui plus de 600 \u00e0 New York et plusieurs milliers dans toute lAm\u00e9rique du Nord. En savoir plus <img decoding=\"async\" src=\"http:\/\/pro.bpi.fr\/files\/live\/sites\/Professionnels\/files\/Images\/M%C3%A9tier\/bibliotheques\/caen\/Caen-bib-alexis-de-toqueville1.jpg\" alt=\"rencontres urbaines caen\" align=\"center\"> Du 14 au 24 septembre : Pendant la foire de Caen, Caen la mer et la Ville de Caen lancent un nouveau quotidien, Jours de Foire, \u00e9dit\u00e9 \u00e0 3 000 exemplaires en semaine et 5 000 exemplaires les week-ends. <img decoding=\"async\" src=\"http:\/\/caen-presquile.com\/wp-content\/uploads\/2017\/12\/presquile-caen-par-pom-sept16-3-1030x687.jpg\" alt=\"rencontres urbaines caen\" align=\"center\"> Au d\u00e9part les habitants ne connaissaient pas grand-chose au jardinage, mais ils ont eu la chance de pouvoir b\u00e9n\u00e9ficier de laide dun mara\u00eecher qui les a initi\u00e9 \u00e0 lagriculture biologique. Journ\u00e9es professionnelles du Club PRISME-11 12 octobre \u00e0 Caen Sites Cit\u00e9s Mise en place du service public de lassainissement non collectif SPANC. 1998 : La maquette du site du plateau est pr\u00e9sent\u00e9e \u00e0 New-York, au mus\u00e9e Guggenheim. Vous pouvez vous inscrire sur le site de la Pr\u00e9fecture du Calvados et recevoir une invitation pour les assises de la s\u00e9curit\u00e9 \u00e0 Caen le lieu et lheure vous seront pr\u00e9cis\u00e9s, ou formuler des propositions en ligne.<\/p>\n","protected":false},"excerpt":{"rendered":"<p>rencontres urbaines caen<\/p>\n","protected":false},"author":1,"featured_media":0,"comment_status":"closed","ping_status":"closed","sticky":false,"template":"","format":"standard","meta":{"footnotes":""},"categories":[1],"tags":[],"_links":{"self":[{"href":"http:\/\/geodeta.gorzow.pl\/www\/wp-json\/wp\/v2\/posts\/9521"}],"collection":[{"href":"http:\/\/geodeta.gorzow.pl\/www\/wp-json\/wp\/v2\/posts"}],"about":[{"href":"http:\/\/geodeta.gorzow.pl\/www\/wp-json\/wp\/v2\/types\/post"}],"author":[{"embeddable":true,"href":"http:\/\/geodeta.gorzow.pl\/www\/wp-json\/wp\/v2\/users\/1"}],"replies":[{"embeddable":true,"href":"http:\/\/geodeta.gorzow.pl\/www\/wp-json\/wp\/v2\/comments?post=9521"}],"version-history":[{"count":1,"href":"http:\/\/geodeta.gorzow.pl\/www\/wp-json\/wp\/v2\/posts\/9521\/revisions"}],"predecessor-version":[{"id":9522,"href":"http:\/\/geodeta.gorzow.pl\/www\/wp-json\/wp\/v2\/posts\/9521\/revisions\/9522"}],"wp:attachment":[{"href":"http:\/\/geodeta.gorzow.pl\/www\/wp-json\/wp\/v2\/media?parent=9521"}],"wp:term":[{"taxonomy":"category","embeddable":true,"href":"http:\/\/geodeta.gorzow.pl\/www\/wp-json\/wp\/v2\/categories?post=9521"},{"taxonomy":"post_tag","embeddable":true,"href":"http:\/\/geodeta.gorzow.pl\/www\/wp-json\/wp\/v2\/tags?post=9521"}],"curies":[{"name":"wp","href":"https:\/\/api.w.org\/{rel}","templated":true}]}}