{"id":9537,"date":"2020-07-05T14:01:45","date_gmt":"2020-07-05T14:01:45","guid":{"rendered":"http:\/\/geodeta.gorzow.pl\/www\/?p=9537"},"modified":"2020-06-28T11:19:54","modified_gmt":"2020-06-28T11:19:54","slug":"rencontre-cinematographique-du-sud","status":"publish","type":"post","link":"http:\/\/geodeta.gorzow.pl\/www\/2020\/07\/05\/rencontre-cinematographique-du-sud\/","title":{"rendered":"Rencontre Cinematographique Du Sud"},"content":{"rendered":"<p>Maintien du march\u00e9 du DVD, lutte contre le piratage : des le\u00e7ons \u00e0 retenir de lindustrie cin\u00e9matographique allemande Nous avons donc d\u00e9cid\u00e9 de reporter ce rendez-vous important et singulier au d\u00e9but de lann\u00e9e 2020, du mercredi 26 au vendredi 28 f\u00e9vrier 2020, toujours \u00e0 Prats-de-Mollo-La-Preste, commune hautement symbolique pour la mise en uvre de coop\u00e9rations transfrontali\u00e8res. Festival international du film nature et environnement, organis\u00e9 par lassociation Frapna Is\u00e8re Les racines desquelles sont n\u00e9s Gelsomina et Zampano, avec leur histoire, plongent dans une zone profonde et obscure, constell\u00e9e de sentiments coupables, dappr\u00e9hensions, de nostalgies d\u00e9chirantes dune moralit\u00e9 plus achev\u00e9e, de regrets pour une innocence trahie. Je crois me rappeler confus\u00e9ment que, circulant en auto dans la campagne autour de Rome, cette mani\u00e8re de vagabonder paresseuse et \u00e9lastique ma peut-\u00eatre port\u00e9 \u00e0 entrevoir pour la premi\u00e8re fois les personnages, le sentiment, latmosph\u00e8re du film. Federico Fellini A Las Vegas, Sean Riley vient en aide au Cirque du Soleil, confront\u00e9 \u00e0 un probl\u00e8me denvergure puisque celui-ci affecte la sc\u00e8ne du num\u00e9ro le plus important du spectacle. Avec son \u00e9quipe, il doit abaisser.. Les \u00e9quipages du Steve Irwin et du Bob Parker d\u00e9veloppent de nouvelles tactiques pour harceler les baleiniers lors de la premi\u00e8re offensive multi-navires. Tarifs : Plein 20 Adh\u00e9rent 18-18 ans 15 0,50 de frais de r\u00e9servation Pour beaucoup de scientifiques, la s\u00e9cheresse risque de devenir un fl\u00e9au mondial dans les prochaines d\u00e9cennies, mena\u00e7ant les populations et lagriculture dans de nombreux pays. Confront\u00e9e \u00e0 une s\u00e9cheresse.. Comment les artistes racontent-ils le monde? Rencontre avec des cin\u00e9astes, des \u00e9crivains, des photographes ou encore des musiciens qui font lactualit\u00e9 en France et \u00e0 l\u00e9tranger. Hi\u00e9rarchie perplexe et \u00e0 une foule de plus en plus  Lh\u00e9bergement durgence et les aides au logement : au coeur des missions des Restos La communaut\u00e9 italienne est nombreuse \u00e0 Toulouse pr\u00e9sence dun Consulat et dans la R\u00e9gion et tous les amoureux de lItalie pr\u00e9sents et dynamiques. En devenant partenaires du festival et en le soutenant financi\u00e8rement, entreprises et particuliers contribueront : Dans les immenses plaines africaines du Serengeti, un million de gnous marquent une rare pause au milieu de leur odyss\u00e9e circulaire et presque continue, de la Tanzanie au Kenya. Les m\u00e8res mettent alors.. 23 Andr\u00e9 Mondoux, Jean-Guy Lacroix, Fausse et vraie diversit\u00e9 culturelle dans le syst\u00e8me-monde, da <img decoding=\"async\" src=\"http:\/\/www.saintjosephrodez.org\/wp-content\/uploads\/2015\/11\/20151014_124252.jpg\" alt=\"rencontre cinematographique du sud\" align=\"right\"> <img decoding=\"async\" src=\"http:\/\/www.lautrescene.com\/sites\/lautrescene\/files\/immigrant.jpg\" alt=\"rencontre cinematographique du sud\" align=\"right\"> Le mag de lactu cin\u00e9 et DVD destin\u00e9 aux enfants et \u00e0 toute la famille.  Nous vous proposons de venir regarder la C\u00e9r\u00e9monie douverture du Festival de Cannes retransmise en direct au Cigalon et de prolonger la soir\u00e9e avec le documentaire Le Go\u00fbt du tapis rouge 30 rencontres collectives avec des acteurs cl\u00e9 de lindustrie cin\u00e9matographique Cette ann\u00e9e, Le Cigalon souhaite proposer \u00e0 ses spectateurs la diffusion en direct dop\u00e9ras de la saison Op\u00e9ras de Paris.  Bastia. A partir du 4 juillet, les vols au d\u00e9part de Limoges d\u00e9colleront tous les samedis pour la Corse. Si les sc\u00e8nes dactions sur les toits des trains sont un classique du cin\u00e9ma, voici probablement lunique sc\u00e8ne se d\u00e9roulant sur un train miniature! Capitale des Pays de la Loire, Nantes se situe au centre dune m\u00e9tropole de plus de 600 000 habitants qui constitue avec Saint-Nazaire, la m\u00e9tropole du grand Ouest de la France. <img decoding=\"async\" src=\"http:\/\/www.capitolestudios.com\/evenement\/800x600\/CARTON_RDS_TOUT_POUR_ETRE_HEUREUX.jpg\" alt=\"rencontre cinematographique du sud\" align=\"right\"> Le Cigalon accueille le Festival des Cin\u00e9mas dAfrique dApt lors dune soir\u00e9e avec le r\u00e9alisateur C\u00e9dric Ido qui pr\u00e9sentera son court-m\u00e9trage TWAAGA et son film LA VIE DE CHATEAU. Repas entre les 2 films. Chaque mercredi de juin \u00e0 septembre la s\u00e9ance de 19h00 sera pr\u00e9c\u00e9d\u00e9e dun ap\u00e9ritif offert. Ce mercredi 21 juin, projection du film La Cigale, Le Corbeau et les Poulets Film de Olivier Azam-France-2017-1h35-Documentaire Com\u00e9die.<\/p>\n","protected":false},"excerpt":{"rendered":"<p>rencontre cinematographique du sud<\/p>\n","protected":false},"author":1,"featured_media":0,"comment_status":"closed","ping_status":"closed","sticky":false,"template":"","format":"standard","meta":{"footnotes":""},"categories":[1],"tags":[],"_links":{"self":[{"href":"http:\/\/geodeta.gorzow.pl\/www\/wp-json\/wp\/v2\/posts\/9537"}],"collection":[{"href":"http:\/\/geodeta.gorzow.pl\/www\/wp-json\/wp\/v2\/posts"}],"about":[{"href":"http:\/\/geodeta.gorzow.pl\/www\/wp-json\/wp\/v2\/types\/post"}],"author":[{"embeddable":true,"href":"http:\/\/geodeta.gorzow.pl\/www\/wp-json\/wp\/v2\/users\/1"}],"replies":[{"embeddable":true,"href":"http:\/\/geodeta.gorzow.pl\/www\/wp-json\/wp\/v2\/comments?post=9537"}],"version-history":[{"count":1,"href":"http:\/\/geodeta.gorzow.pl\/www\/wp-json\/wp\/v2\/posts\/9537\/revisions"}],"predecessor-version":[{"id":9538,"href":"http:\/\/geodeta.gorzow.pl\/www\/wp-json\/wp\/v2\/posts\/9537\/revisions\/9538"}],"wp:attachment":[{"href":"http:\/\/geodeta.gorzow.pl\/www\/wp-json\/wp\/v2\/media?parent=9537"}],"wp:term":[{"taxonomy":"category","embeddable":true,"href":"http:\/\/geodeta.gorzow.pl\/www\/wp-json\/wp\/v2\/categories?post=9537"},{"taxonomy":"post_tag","embeddable":true,"href":"http:\/\/geodeta.gorzow.pl\/www\/wp-json\/wp\/v2\/tags?post=9537"}],"curies":[{"name":"wp","href":"https:\/\/api.w.org\/{rel}","templated":true}]}}