{"id":9577,"date":"2020-07-05T10:36:13","date_gmt":"2020-07-05T10:36:13","guid":{"rendered":"http:\/\/geodeta.gorzow.pl\/www\/?p=9577"},"modified":"2020-06-28T12:51:24","modified_gmt":"2020-06-28T12:51:24","slug":"rencontre-houdemont","status":"publish","type":"post","link":"http:\/\/geodeta.gorzow.pl\/www\/2020\/07\/05\/rencontre-houdemont\/","title":{"rendered":"Rencontre Houdemont"},"content":{"rendered":"<p>Mise en voix propos\u00e9e par les \u00e9tudiants de latelier de Mise en sc\u00e8ne du Th\u00e9\u00e2tre Universitaire de Nancy.  Jeudi 4 f\u00e9vrier 2016, \u00e0 lamphith\u00e9\u00e2tre D\u00e9l\u00e9age du Campus Lettres de Nancy Le merveilleux voyage de Nour Holgersson de Capucine BERTHON est une fable dans laquelle Nour nous guide dans un voyage sem\u00e9 dembuches, celui doies sauvages-repr\u00e9sentation que la jeune fille invoque pour nous parler dautres migrants. \u0417\u0432\u0435\u0440\u043d\u0456\u0442\u044c \u0443\u0432\u0430\u0433\u0443 \u043d\u0430 \u0437\u0430\u0431\u043e\u0440\u0433\u043e\u0432\u0430\u043d\u0456\u0441\u0442\u044c, \u0449\u043e \u0432\u0438\u043d\u0438\u043a\u043b\u0430 \u0443 \u0412\u0430\u0441 \u0432 \u0440\u043e\u0437\u043c\u0456\u0440\u0456-112.83 \u0433\u0440\u043d. Les rendez-vous du d\u00e9veloppement durable Citoyens Territoires Grand Est Laminate \u03be\u03ad\u03bd\u03bf\u03c2 \u03c4\u03cd\u03c0\u03bf\u03c2 \u03b8\u03b5\u03c3\u03c3\u03b1\u03bb\u03bf\u03bd\u03af\u03ba\u03b7 \u03b8\u03b1\u03bb\u03b1\u03c3\u03c3\u03b5\u03c2 \u03c4\u03bf\u03c5 \u03ba\u03bf\u03c3\u03bc\u03bf\u03c5 Laminate \u03b1\u03b3\u03b1\u03c0\u03b7\u03c4\u03b7 \u03c3\u03c4\u03b1 \u03b3\u03b1\u03bb\u03bb\u03b9\u03ba\u03b1 \u03a3\u03b5\u03bb\u03af\u03b4\u03b1 5 \u03ba\u03b1\u03c4\u03b1\u03c3\u03ba\u03b5\u03c5\u03b5\u03c2 \u03bc\u03b5 \u03c0\u03b7\u03bb\u03bf \u03b3\u03b9\u03b1 \u03c4\u03bf \u03c0\u03b1\u03c3\u03c7\u03b1 \u039c\u03b5 \u03ad\u03bd\u03b1 statement \u03ba\u03bf\u03bc\u03bc\u03ac\u03c4\u03b9, \u03cc,\u03c4\u03b9 \u03ba\u03b9 \u03b1\u03bd \u03b5\u03af\u03bd\u03b1\u03b9 \u03b1\u03c5\u03c4\u03cc, \u03b5\u03af\u03c3\u03b1\u03b9 \u03c0\u03ac\u03bd\u03c4\u03b1 \u03c3\u03c4\u03c5\u03bb\u03ac\u03c4\u03b7. \u03a3\u03c5\u03bd\u03b4\u03cd\u03b1\u03c3\u03ad \u03c4\u03bf \u03bc\u03b5 \u03ba\u03ac\u03c4\u03b9 \u03b1\u03c0\u03bb\u03cc \u03b3\u03b9\u03b1 \u03ad\u03bd\u03b1 \u03b1\u03c3\u03c6\u03b1\u03bb\u03ad\u03c2 look. \u0393\u03b9\u03b1 \u03c4\u03b9\u03c2 \u03ad\u03bc\u03c0\u03b5\u03b9\u03c1\u03b5\u03c2 fashionistas \u03c4\u03bf mix n match \u03b5\u03af\u03bd\u03b1\u03b9 must. \u0394\u03b9\u03b1\u03bb\u03ad\u03be\u03c4\u03b5: Wikipedia is hosted by the, a non-profit organization that also hosts a range of other projects. \u0427\u0435\u0440\u0435\u0437 \u0441\u0438\u0441\u0442\u0435\u043c\u0443 \u0435\u043b\u0435\u043a\u0442\u0440\u043e\u043d\u043d\u0438\u0445 \u043f\u043b\u0430\u0442\u0435\u0436\u0456\u0432 \u0443 \u0440\u043e\u0437\u0434\u0456\u043b\u0456 \u041e\u043f\u043b\u0430\u0442\u0430 \u043f\u043e\u0441\u043b\u0443\u0433 \u043d\u0430 \u0441\u0430\u0439\u0442\u0456. \u041d\u0430\u0434\u0445\u043e\u0434\u0436\u0435\u043d\u043d\u044f \u043a\u043e\u0448\u0442\u0456\u0432 \u043d\u0430 \u043e\u0441\u043e\u0431\u043e\u0432\u0438\u0439 \u0440\u0430\u0445\u0443\u043d\u043e\u043a \u0432\u0456\u0434\u0431\u0443\u0432\u0430\u0454\u0442\u044c\u0441\u044f \u043f\u0440\u043e\u0442\u044f\u0433\u043e\u043c 30 \u0445\u0432\u0438\u043b\u0438\u043d.  Mercredi 3 f\u00e9vrier 2016, \u00e0 lamphith\u00e9\u00e2tre D\u00e9l\u00e9age du Campus Lettres de Nancy Cette lecture est propos\u00e9 par les \u00e9tudiantes de latelier de Mise en voix du Th\u00e9\u00e2tre Universitaire de Nancy dirig\u00e9 par Caroline Bornemann. <img decoding=\"async\" src=\"http:\/\/www.excellent.dressyourboyfriend.com\/sites\/default\/files\/titre\/03-lepoeteaveugle.png\" alt=\"rencontre houdemont\" align=\"right\"> <img decoding=\"async\" src=\"http:\/\/www.houdemont.fr\/globalflexit\/images\/UserFiles\/Image\/300_183_1_pierremuniercercleetudeslocales.jpg\" alt=\"rencontre houdemont\" align=\"right\"> \u0414\u043b\u044f \u0437\u0430\u0431\u0435\u0437\u043f\u0435\u0447\u0435\u043d\u043d\u044f \u0431\u0435\u0437\u043f\u0435\u0440\u0435\u0431\u0456\u0439\u043d\u043e\u0433\u043e \u0434\u043e\u0441\u0442\u0443\u043f\u0443 \u0434\u043e \u043f\u043e\u0441\u043b\u0443\u0433 \u043f\u043e\u043f\u043e\u0432\u043d\u0456\u0442\u044c, \u0431\u0443\u0434\u044c \u043b\u0430\u0441\u043a\u0430, \u0441\u0432\u0456\u0439 \u043e\u0441\u043e\u0431\u043e\u0432\u0438\u0439 \u0440\u0430\u0445\u0443\u043d\u043e\u043a 596448 \u03c4\u03b9 \u03bc\u03c0\u03b1\u03c7\u03b1\u03c1\u03b9\u03ba\u03b1 \u03b2\u03b1\u03b6\u03bf\u03c5\u03bc\u03b5 \u03c3\u03c4\u03bf \u03ba\u03b9\u03bc\u03b1 \u0391\u03bd\u03b1\u03bc\u03c6\u03b9\u03c3\u03b2\u03ae\u03c4\u03b7\u03c4\u03b1 \u03ad\u03bd\u03b1 \u03b1\u03c0\u03cc \u03c4\u03b1 \u03bc\u03b5\u03b3\u03ac\u03bb\u03b1 trends \u03c4\u03bf\u03c5 \u03c6\u03b5\u03c4\u03b9\u03bd\u03bf\u03cd \u03ba\u03b1\u03bb\u03bf\u03ba\u03b1\u03b9\u03c1\u03b9\u03bf\u03cd! \u03a4\u03b1 \u03b3\u03c5\u03b1\u03bb\u03b9\u03ac \u03bc\u03b5 \u03ba\u03b1\u03b8\u03c1\u03ad\u03c6\u03c4\u03b7 \u03c3\u03b5 \u03cc\u03bb\u03b1 \u03c4\u03b1 \u03c3\u03c7\u03ae\u03bc\u03b1\u03c4\u03b1 \u03ba\u03b1\u03b9 \u03c7\u03c1\u03ce\u03bc\u03b1\u03c4\u03b1, \u03bc\u03bf\u03bd\u03bf\u03c0\u03c9\u03bb\u03bf\u03cd\u03bd \u03c4\u03bf \u03b5\u03bd\u03b4\u03b9\u03b1\u03c6\u03ad\u03c1\u03bf\u03bd \u03cc\u03bb\u03c9\u03bd \u03c4\u03c9\u03bd fashionistas \u03ba\u03b1\u03b9 \u03c6\u03c5\u03c3\u03b9\u03ba\u03ac \u03c0\u03c1\u03bf\u03c3\u03b8\u03ad\u03c4\u03bf\u03c5\u03bd \u03bc\u03b9\u03b1 \u03b9\u03b4\u03b9\u03b1\u03af\u03c4\u03b5\u03c1\u03b7 \u03c0\u03b9\u03bd\u03b5\u03bb\u03b9\u03ac \u03c3\u03c4\u03b7\u03bd \u03b5\u03bc\u03c6\u03ac\u03bd\u03b9\u03c3\u03ae \u03c3\u03bf\u03c5. 2016 Nitro. Made with by WooRockets team using WordPress WooCommerce. Z\u00e9phira, les pieds dans la poussi\u00e8re de Virginie Thirion est un texte \u00e9crit pour trois com\u00e9diennes qui nous racontent lhistoire de Z\u00e9phira, une jeune femme africaine qui quitte son pays pour aller vivre dans une ville dEurope. Dans une langue vein\u00e9e de po\u00e9sie, les trois com\u00e9diennes restituent le parcours de cette jeune femme sans papiers et nous entra\u00eenent sur le fil de sa vie. Cest une histoire damour, dabandon et de d\u00e9sespoir. Une trag\u00e9die moderne. Virginie Thirion a \u00e9crit ce texte en 2002, apr\u00e8s avoir lu dans la rubrique des faits divers quune jeune \u00e9migr\u00e9e sans papiers avait tu\u00e9 ses enfants. Z\u00e9phira lafricaine est une M\u00e9d\u00e9e daujourdhui. La ville dHoudemont informe et \u00e9change avec ses habitants sur les enjeux du d\u00e9veloppement durable. Rencontres \u00c9galit\u00e9, Fraternit\u00e9, Agissez! : retour en images sur l\u00e9dition 2018 Conseil d\u00e9partemental de Meurthe-et-Moselle \u041d\u0430\u0442\u0438\u0441\u043d\u0456\u0442\u044c \u041f\u0440\u043e\u0434\u043e\u0432\u0436\u0438\u0442\u0438 \u0440\u043e\u0431\u043e\u0442\u0443 \u0432 \u0406\u043d\u0442\u0435\u0440\u043d\u0435\u0442\u0456, \u0449\u043e\u0431 \u043e\u043d\u043e\u0432\u0438\u0442\u0438 \u0441\u0442\u043e\u0440\u0456\u043d\u043a\u0443 \u0434\u043b\u044f \u0432\u0456\u0434\u043d\u043e\u0432\u043b\u0435\u043d\u043d\u044f \u0434\u043e\u0441\u0442\u0443\u043f\u0443. Powered by Hostzone CMS-Created by \u03a7\u03c1\u03c5\u03c3\u03ac\u03bd\u03b8\u03b7 \u0393\u03bb\u03c5\u03ba\u03cd-\u03a3\u03c9\u03c4\u03b7\u03c1\u03b9\u03ac\u03b4\u03b7 2013 Wikipedia is hosted by the, a non-profit organization that also hosts a range of other projects. <img decoding=\"async\" src=\"http:\/\/www.houdemont.fr\/globalflexit\/images\/img_base\/gallery_v2\/950_250_7_egrez-1.png\" alt=\"rencontre houdemont\" align=\"center\">  Cette lecture est propos\u00e9e et dirig\u00e9e par les com\u00e9diens du Th\u00e9\u00e2tre des Sources de Houdemont.<\/p>\n","protected":false},"excerpt":{"rendered":"<p>rencontre houdemont<\/p>\n","protected":false},"author":1,"featured_media":0,"comment_status":"closed","ping_status":"closed","sticky":false,"template":"","format":"standard","meta":{"footnotes":""},"categories":[1],"tags":[],"_links":{"self":[{"href":"http:\/\/geodeta.gorzow.pl\/www\/wp-json\/wp\/v2\/posts\/9577"}],"collection":[{"href":"http:\/\/geodeta.gorzow.pl\/www\/wp-json\/wp\/v2\/posts"}],"about":[{"href":"http:\/\/geodeta.gorzow.pl\/www\/wp-json\/wp\/v2\/types\/post"}],"author":[{"embeddable":true,"href":"http:\/\/geodeta.gorzow.pl\/www\/wp-json\/wp\/v2\/users\/1"}],"replies":[{"embeddable":true,"href":"http:\/\/geodeta.gorzow.pl\/www\/wp-json\/wp\/v2\/comments?post=9577"}],"version-history":[{"count":1,"href":"http:\/\/geodeta.gorzow.pl\/www\/wp-json\/wp\/v2\/posts\/9577\/revisions"}],"predecessor-version":[{"id":9578,"href":"http:\/\/geodeta.gorzow.pl\/www\/wp-json\/wp\/v2\/posts\/9577\/revisions\/9578"}],"wp:attachment":[{"href":"http:\/\/geodeta.gorzow.pl\/www\/wp-json\/wp\/v2\/media?parent=9577"}],"wp:term":[{"taxonomy":"category","embeddable":true,"href":"http:\/\/geodeta.gorzow.pl\/www\/wp-json\/wp\/v2\/categories?post=9577"},{"taxonomy":"post_tag","embeddable":true,"href":"http:\/\/geodeta.gorzow.pl\/www\/wp-json\/wp\/v2\/tags?post=9577"}],"curies":[{"name":"wp","href":"https:\/\/api.w.org\/{rel}","templated":true}]}}