{"id":9579,"date":"2020-07-05T17:11:24","date_gmt":"2020-07-05T17:11:24","guid":{"rendered":"http:\/\/geodeta.gorzow.pl\/www\/?p=9579"},"modified":"2020-06-28T13:08:07","modified_gmt":"2020-06-28T13:08:07","slug":"rencontres-du-cinema-europeen-de-vannes-2012","status":"publish","type":"post","link":"http:\/\/geodeta.gorzow.pl\/www\/2020\/07\/05\/rencontres-du-cinema-europeen-de-vannes-2012\/","title":{"rendered":"Rencontres Du Cin\u00e9ma Europ\u00e9en De Vannes 2012"},"content":{"rendered":"<p>P stylemargin: 0.0px 0.0px 0.0px 0.0px; font: 12.0px Helvetica Lavocat franco-palestinien Salah Hamouri a \u00e9t\u00e9 lib\u00e9r\u00e9 le 30 septembre dernier des prisons isra\u00e9liennes avec.. <img decoding=\"async\" src=\"http:\/\/static.cotemaison.fr\/medias_8904\/w_320,h_240,c_crop,x_326,y_72\/w_640,h_358,c_fill,g_center\/v1393354437\/amenager-ses-combles-une-idee-lumineuse_4559052.jpg\" alt=\"rencontres du cin\u00e9ma europ\u00e9en de vannes 2012\" align=\"right\"> 2006 22e Festival International du court-m\u00e9trage de Hambourg-Allemagne <img decoding=\"async\" src=\"http:\/\/more.wfcrimewatch.com\/upload\/news\/first\/5ac7674ddf0154.44628443.jpg\" alt=\"rencontres du cin\u00e9ma europ\u00e9en de vannes 2012\" align=\"right\"> LOlympique Lyonnais sest fait peur en simposant sur le fil face \u00e0 lHapoel.. Le film dUriel Jaouen Zrehen va connaitre sa premi\u00e8re s\u00e9lection : il fera donc partie de la comp\u00e9tition europ\u00e9enne de courts m\u00e9trages des Rencontres du cin\u00e9ma europ\u00e9en de Vannes qui se d\u00e9rouleront du mardi 14 au mardi 20 mars J-L. Giavitto,. Chapitre dans la revue num\u00e9ro 14 contribution. DocScience est une revue \u00e9dit\u00e9e par le CRDP de lAcad\u00e9mie de Versailles \u00e0 destination des lyc\u00e9ens et de leurs professeurs. Le tournage du Grand Match va \u00eatre lanc\u00e9. Pr\u00e9achet\u00e9 par Orange Sport et Cin\u00e9, soutenu par le MEDIA ainsi que le COSIP, ce documentaire de Michel Royer va nous permettre de suivre un derby entre deux univers bien \u00e0 part : le football et le cin\u00e9ma. Tourn\u00e9 en France et en Allemagne, ce film nous permettra de retrouver des personnalit\u00e9s comme Luis Fernandez, Micha\u00ebl Youn, Jean-Pierre Mocky, Vikash Dhorasso, Fran\u00e7ois Berl\u00e9and, Pierre Lescure ou encore Thierry Fr\u00e9maux ; saffrontant dans un match danthologie! A loccasion de la Journ\u00e9e internationale des droits des femmes le 8 mars, une exposition C\u00f4t\u00e9 PileC\u00f4te Face r\u00e9v\u00e8le des femmes de lUBS. Rencontre avec Nathalie Cocquebert. Grand Prix du Jury au Festival des 24 Courts 2017 Le Mans, dans la s\u00e9lection des 24 Tout Courts \u03ba\u03c1\u03b7\u03c4\u03b9\u03ba\u03b5\u03c2 \u03b1\u03b3\u03b3\u03b5\u03bb\u03b9\u03b5\u03c2 \u03b7\u03c1\u03b1\u03ba\u03bb\u03b5\u03b9\u03bf \u03c3\u03c0\u03b9\u03c4\u03b9\u03b1 \u03b6\u03b1\u03ba\u03b5\u03c4\u03b1 \u03bc\u03b1\u03c5\u03c1\u03b7 \u03bc\u03b1\u03bb\u03bb\u03b9\u03bd\u03b7 \u03bd\u03c4\u03b7\u03bb\u03b9 \u03c4\u03bf \u03ba\u03b1\u03bd\u03c4\u03b7\u03bb\u03b9 \u03b8\u03b5\u03c3\u03b5\u03b9\u03c2 \u03b5\u03c1\u03b3\u03b1\u03c3\u03b9\u03b1\u03c2 \u03b3\u03b9\u03b1 \u03bd\u03b1\u03c5\u03b1\u03b3\u03bf\u03c3\u03c9\u03c3\u03c4\u03b5\u03c2 2015 \u03bd.\u03b3\u03bb\u03c9\u03c3\u03c3\u03b1 \u03b3 \u03b3\u03c5\u03bc\u03bd \u03c4\u03b5\u03c4\u03c1\u03b1\u03b4\u03b9\u03bf \u03b5\u03c1\u03b3\u03b1\u03c3\u03b9\u03c9\u03bd \u03bb\u03c5\u03c3\u03b5\u03b9\u03c2 \u0393\u03c1\u03ac\u03bc\u03bc\u03c9\u03c3\u03b7 \u03b5\u03ba\u03c4\u03bf\u03be\u03b5\u03c5\u03c3\u03b7 \u03c0\u03c5\u03c1\u03b1\u03c5\u03bb\u03bf\u03c5 \u03b3\u03b9\u03b1 \u03c4\u03bf\u03bd \u03b1\u03c1\u03b7 There are 50 products  Lisandro Lopez nest pas du genre \u00e0 se r\u00e9pandre tous les jours dans la presse.. Eldorado The Storm Rivers motel, r\u00e9cit photographique 1\u00e8re partie du triptyque intitul\u00e9 Loin dici exposition au Ch\u00e2teau de lHermine \u00e0 Vannes juillet 2012 <img decoding=\"async\" src=\"http:\/\/static.hitek.fr\/img\/actualite\/2017\/06\/21\/w_jalil-haggouchi.jpg\" alt=\"rencontres du cin\u00e9ma europ\u00e9en de vannes 2012\" align=\"left\"> Chaque jour et demain, de Fabrice Main, documentaire, 2010  2014-2016 : Membre du groupe de recherche La fabrique de la m\u00e9moire : entre art et histoire-FAMAH, Maison des sciences de lhomme Ange Gu\u00e9pin Jean V de Montfort est sur le tr\u00f4ne du duch\u00e9 \u00e0 l\u00e9poque de la plus.. Cin\u00e9cran est actuellement pr\u00e9sid\u00e9e par Laurent Michel et compte 450 adh\u00e9rents. Jean-Christophe Monneau explique : La programmation des diff\u00e9rentes projections et temps forts s\u00e9chafaude dans un esprit coll\u00e9gial entre les b\u00e9n\u00e9voles de lassociation et les salari\u00e9s. Toute lann\u00e9e, lassociation programme des films dArt et Essai au Cin\u00e9ville La Garenne souvent en pr\u00e9sence des r\u00e9alisateurs. Nous avons un partenariat privil\u00e9gi\u00e9 avec ce cin\u00e9ma qui nous met \u00e9galement des salles de projections \u00e0 disposition durant les rencontres europ\u00e9ennes. Lassociation b\u00e9n\u00e9ficie des soutiens institutionnels classiques et de ressources propres, issues dactions culturelles ponctuelles. Bouclage du tournage de Vortex Serie, film de science-fiction cr\u00e9ation de la s\u00e9rie et \u00e9criture des scenarii des 3 \u00e9pisodes avec Clara Bourreau et Virginie Sauveur Nous les avons index\u00e9es pour donner des id\u00e9es et des regrets? surveillez la programmation de votre cin\u00e9ma  Outre avoir compos\u00e9 la musique du film The Artist, en passe de recevoir lOscar du meilleur film aux Oscar, Ludovic Bource a compos\u00e9 les musiques des films de Michel Hazanavicius : Le Caire, nid despions et OSS 117, Rio ne r\u00e9pond plus. Il a aussi compos\u00e9 la musique de Nous resterons sur Terre, un film environnemental r\u00e9alis\u00e9 par Olivier Bourgeois et Pierre Barougier. Marseille, Lyon et Bordeaux sont de sortie ce jeudi, \u00e0 loccasion de la 3e journ\u00e9e.. Des rendez-vous cin\u00e9ma en \u00e9cho \u00e0 lagenda culturel local MusicAct, Livr\u00e0 Vannes, Jazz \u00e0 Vannes&#8212;&#8212;&#8212;&#8212;&#8212;&#8212;&#8212;&#8212;&#8212;&#8212;&#8212;&#8212;-p Le film dAndrzej Wajda \u00e9voque un douloureux traumatisme national et rend hommage non seulement aux officiers ex\u00e9cut\u00e9s dont son p\u00e8re mais \u00e0 leurs familles, confront\u00e9es durant des d\u00e9cennies \u00e0 une falsification de lHistoire rendant le deuil impossible.<\/p>\n","protected":false},"excerpt":{"rendered":"<p>rencontres du cin\u00e9ma europ\u00e9en de vannes 2012<\/p>\n","protected":false},"author":1,"featured_media":0,"comment_status":"closed","ping_status":"closed","sticky":false,"template":"","format":"standard","meta":{"footnotes":""},"categories":[1],"tags":[],"_links":{"self":[{"href":"http:\/\/geodeta.gorzow.pl\/www\/wp-json\/wp\/v2\/posts\/9579"}],"collection":[{"href":"http:\/\/geodeta.gorzow.pl\/www\/wp-json\/wp\/v2\/posts"}],"about":[{"href":"http:\/\/geodeta.gorzow.pl\/www\/wp-json\/wp\/v2\/types\/post"}],"author":[{"embeddable":true,"href":"http:\/\/geodeta.gorzow.pl\/www\/wp-json\/wp\/v2\/users\/1"}],"replies":[{"embeddable":true,"href":"http:\/\/geodeta.gorzow.pl\/www\/wp-json\/wp\/v2\/comments?post=9579"}],"version-history":[{"count":1,"href":"http:\/\/geodeta.gorzow.pl\/www\/wp-json\/wp\/v2\/posts\/9579\/revisions"}],"predecessor-version":[{"id":9580,"href":"http:\/\/geodeta.gorzow.pl\/www\/wp-json\/wp\/v2\/posts\/9579\/revisions\/9580"}],"wp:attachment":[{"href":"http:\/\/geodeta.gorzow.pl\/www\/wp-json\/wp\/v2\/media?parent=9579"}],"wp:term":[{"taxonomy":"category","embeddable":true,"href":"http:\/\/geodeta.gorzow.pl\/www\/wp-json\/wp\/v2\/categories?post=9579"},{"taxonomy":"post_tag","embeddable":true,"href":"http:\/\/geodeta.gorzow.pl\/www\/wp-json\/wp\/v2\/tags?post=9579"}],"curies":[{"name":"wp","href":"https:\/\/api.w.org\/{rel}","templated":true}]}}