{"id":9605,"date":"2020-07-05T17:57:36","date_gmt":"2020-07-05T17:57:36","guid":{"rendered":"http:\/\/geodeta.gorzow.pl\/www\/?p=9605"},"modified":"2020-06-28T14:58:38","modified_gmt":"2020-06-28T14:58:38","slug":"rencontre-policiere","status":"publish","type":"post","link":"http:\/\/geodeta.gorzow.pl\/www\/2020\/07\/05\/rencontre-policiere\/","title":{"rendered":"Rencontre Policiere"},"content":{"rendered":"<p>Christophe Molmy a lui aussi son lectorat depuis quelques ann\u00e9es. Lactuel chef de la Brigade de recherche et dintervention de Paris sest rendu au Bataclan en novembre 2015 o\u00f9 il a dirig\u00e9 lassaut pour lib\u00e9rer les derniers otages des terroristes de Daesh. Le commissaire Molmy dirige les forces sp\u00e9ciales de la police judiciaire parisienne dont les troupes sont rest\u00e9es dans les anciens locaux du 36 quai des orf\u00e8vres, dans le centre de la capitale, alors que les autres grands services de la PJ sont aujourdhui au 36 rue du Bastion, aux Batignolles, dans le 17e arrondissement. Une unit\u00e9 qui ne sait pas si elle sera maintenue en l\u00e9tat. Le pr\u00e9fet de police de Paris, Didier Lallement, a propos\u00e9 dans un rapport un rattachement au moins en partie au RAID, ce qui a provoqu\u00e9 certains remous en interne ces derniers mois. Mais pour ses intrigues, le commissaire n\u00e9voque ni le terrorisme ni lactualit\u00e9 de son service. Il puise toutefois dans une partie de son quotidien et de celui des agents sur le terrain : le milieu du grand banditisme de la capitale et de sa proche banlieue, les tueurs en s\u00e9rie. Caen Pont-Audemer Elbeuf Lillebonne Neufch\u00e2tel-en-Bray Les articles et les vid\u00e9os que vous consultez sur notre site web peuvent \u00eatre partag\u00e9s via les m\u00e9dias sociaux au moyen de certains boutons. Le fonctionnement de ces boutons s\u00e9taye sur des cookies de m\u00e9dias sociaux provenant des r\u00e9seaux sociaux, afin quils vous reconnaissent lorsque vous souhaitez partager un article ou une vid\u00e9o. Ce message saffichera sur lautre appareil. Pourquoi voyez-vous ce message? floraisons Podcast 1-19 : La Police tue avec Assa Traor\u00e9  Parce que cela vous arrive \u00e9videmment de devoir arr\u00eater \u00e0 cause du boulot? Absolument. Mais par contre, il ne faut jamais l\u00e2cher le roman, en tout cas le chapitre en cours, y penser d\u00e8s que lon peut. Dans les embouteillages, sous la douche, une phrase sur laquelle on a but\u00e9.. J\u00e9cris beaucoup sur une premi\u00e8re version et apr\u00e8s je retaille. Pour mes personnages, je nincarne personne \u00e0 quelques exceptions pr\u00e8s, encore moins les voyous. Violence polici\u00e8re : rencontre avec la pr\u00e9sidente de lACAT Depuis le 17 octobre, le mouvement, anim\u00e9 par des collectifs sur les r\u00e9seaux sociaux ou par SMS, sest surtout manifest\u00e9 lors de rassemblements nocturnes quasi quotidiens. Il est consid\u00e9r\u00e9 justifi\u00e9 par 91 des Fran\u00e7ais, selon un sondage Ifop pour Atlantico. <img decoding=\"async\" src=\"http:\/\/i.f1g.fr\/media\/figaro\/orig\/2015\/04\/29\/XVMcecc568a-ee7c-11e4-bf2f-155698404512.jpg\" alt=\"rencontre policiere\" align=\"center\"> Fondation catholique reconnue dutilit\u00e9 publique, Apprentis dAuteuil sengage et agit aupr\u00e8s des jeunes et des familles les plus fragiles. Rouen : le policier organise un rendez-vous coquin au commissariat et se trompe de personne <img decoding=\"async\" src=\"http:\/\/www.blog.click-dive.com\/wp-content\/uploads\/2017\/12\/Eponge_Loupe_LOUISY_Patrick.jpg\" alt=\"rencontre policiere\" align=\"center\"> Publi\u00e9 le par Rencontre avec les policiers de Pontarlier Vous ne pouvez plus r\u00e9agir aux articles suite \u00e0 la soumission de contributions ne r\u00e9pondant pas \u00e0 la charte de mod\u00e9ration du Point. Apprendre \u00e0 entretenir sa sant\u00e9 par une activit\u00e9 physique r\u00e9guli\u00e8re  Pour un m\u00e9decin qui n\u00e9tait pas bon selon certains avis sur.. Lors de la Conf\u00e9rence nationale de ladministration territoriale de l\u00c9tat CNATE qui sest tenue le mercredi 25 juillet 2018, le Premier ministre a pr\u00e9sent\u00e9 les grands axes de la transformation de lorganisation territoriale des services publics..  2020, Lyonmag. Droits de reproduction r\u00e9serv\u00e9s&#8212; Une r\u00e9alisation Intervention des militaires de la brigade territoriale autonome BTA de gendarmerie de Cysoing devant les classes de seconde. Jeudi 13 octobre Genech De leurs c\u00f4t\u00e9s, de nombreux gilets jaunes d\u00e9noncent ces d\u00e9bordements, appelant \u00e0 \u00e9viter lamalgame avec leur mouvement contre la hausse des taxes et la baisse du pouvoir dachat. Emilie arrive au commissariat un peu avant minuit, mais les policiers tardent \u00e0 prendre sa plainte. Lass\u00e9e apr\u00e8s trois heures dattente, elle d\u00e9cide de partir mais la situation d\u00e9g\u00e9n\u00e8re inexplicablement. Les policiers lemp\u00eachent de sortir et la ma\u00eetrisent violemment. <img decoding=\"async\" src=\"http:\/\/urbannista.com\/wp-content\/uploads\/voir-mouvements.jpg\" alt=\"rencontre policiere\" align=\"left\">.<\/p>\n","protected":false},"excerpt":{"rendered":"<p>rencontre policiere<\/p>\n","protected":false},"author":1,"featured_media":0,"comment_status":"closed","ping_status":"closed","sticky":false,"template":"","format":"standard","meta":{"footnotes":""},"categories":[1],"tags":[],"_links":{"self":[{"href":"http:\/\/geodeta.gorzow.pl\/www\/wp-json\/wp\/v2\/posts\/9605"}],"collection":[{"href":"http:\/\/geodeta.gorzow.pl\/www\/wp-json\/wp\/v2\/posts"}],"about":[{"href":"http:\/\/geodeta.gorzow.pl\/www\/wp-json\/wp\/v2\/types\/post"}],"author":[{"embeddable":true,"href":"http:\/\/geodeta.gorzow.pl\/www\/wp-json\/wp\/v2\/users\/1"}],"replies":[{"embeddable":true,"href":"http:\/\/geodeta.gorzow.pl\/www\/wp-json\/wp\/v2\/comments?post=9605"}],"version-history":[{"count":1,"href":"http:\/\/geodeta.gorzow.pl\/www\/wp-json\/wp\/v2\/posts\/9605\/revisions"}],"predecessor-version":[{"id":9606,"href":"http:\/\/geodeta.gorzow.pl\/www\/wp-json\/wp\/v2\/posts\/9605\/revisions\/9606"}],"wp:attachment":[{"href":"http:\/\/geodeta.gorzow.pl\/www\/wp-json\/wp\/v2\/media?parent=9605"}],"wp:term":[{"taxonomy":"category","embeddable":true,"href":"http:\/\/geodeta.gorzow.pl\/www\/wp-json\/wp\/v2\/categories?post=9605"},{"taxonomy":"post_tag","embeddable":true,"href":"http:\/\/geodeta.gorzow.pl\/www\/wp-json\/wp\/v2\/tags?post=9605"}],"curies":[{"name":"wp","href":"https:\/\/api.w.org\/{rel}","templated":true}]}}