{"id":968,"date":"2020-06-21T19:17:00","date_gmt":"2020-06-21T19:17:00","guid":{"rendered":"http:\/\/geodeta.gorzow.pl\/www\/?p=968"},"modified":"2020-06-21T04:22:06","modified_gmt":"2020-06-21T04:22:06","slug":"rencontre-berck-cerf-volant","status":"publish","type":"post","link":"http:\/\/geodeta.gorzow.pl\/www\/2020\/06\/21\/rencontre-berck-cerf-volant\/","title":{"rendered":"Rencontre Berck Cerf Volant"},"content":{"rendered":"<p>Cloudflare Ray ID: 5a2646fcadf57558 Your IP: 219.92.42.248 Performance security by Les Occitanes du cerf-volant \u00e0 Lacaune du 18 au 20 octobre 2019. Tous \u00e9taient ravis de profiter de cette journ\u00e9e ensoleill\u00e9e. Et soyez tenu au courant des derni\u00e8res actualit\u00e9s de la r\u00e9gion, des vid\u00e9os, des jeux, et bien plus encore! \u0437\u0430\u043f\u0440\u0430\u0448\u0438\u0432\u0430\u0435\u043c\u043e\u0439 \u0441\u0442\u0440\u0430\u043d\u0438\u0446\u044b \u043d\u0438\u043a\u043e\u0433\u0434\u0430 \u043d\u0435 \u0431\u044b\u043b\u043e \u0438\u043b\u0438 \u043e\u043d\u0430 \u0431\u044b\u043b\u0430 \u0443\u0434\u0430\u043b\u0435\u043d\u0430  Dailleurs les dr\u00f4nes sont interdits de s\u00e9jour \u00e0 Berck-sur-Mer pendant les Rencontres Internationales de cerfs-volants. Chaque matin, \u00e0 11 heures, ceux-ci offrent au public une s\u00e9ance de photo-cervolisme en immortalisant une fresque humaine formant un ou plusieurs mots, selon le nombre de figurants. Et comme plus on est de fous, plus on rit, tout le monde est invit\u00e9 \u00e0 participer au tableau. Autre sympathique animation, r\u00e9serv\u00e9e aux enfants cette fois, linitiation \u00e0 la construction de cerfs-volants. Ouverture des ateliers \u00e0 10 heures, conception coach\u00e9e par des animateurs puis, place \u00e0 la pratique, avec l\u00e9cole de pilotage encadr\u00e9e par des pros. Save my name, email, and website in this browser for the next time I comment. 29\u00e8me Rencontres internationales-Berck-sur-Mer, capitale du cerf-volant A loccasion de la Journ\u00e9e internationale des droits des femmes le 8 mars, une exposition C\u00f4t\u00e9 PileC\u00f4te Face r\u00e9v\u00e8le des femmes de lUBS. Rencontre avec Virginie Boy. 33\u00e8mes rencontres internationales de cerfs-volants de Berck-Sur-Mer Handicap Infos 2020 sera une ann\u00e9e exceptionnelle, ce rendez-vous unique au monde c\u00e9l\u00e9brera son 34i\u00e8me anniversaire, du 11 au 19 avril 2020 sur limmense plage de Berck. Laventure est dans chaque souffle de vent Chaque ann\u00e9e, nous nous \u00e9tonnons du programme. Impossible de sennuyer pendant les Rencontres! Outre le spectacle permanent des cerfs-volants virevoltant dans le ciel, sur le sable, de nombreuses activit\u00e9s sont propos\u00e9es pour toute la famille. Entre les installations ludiques et les animations, il y en a vraiment pour tous les go\u00fbts : ateliers de construction de cerfs-volants, fi let de voeux, jardins du vent, fresque humaine sur la plage, grande roue, spectacle de rue et pyrotechnique, etc On ne sen lasse pas.  <img decoding=\"async\" src=\"http:\/\/www.nordmag.fr\/fondecran\/Berck1_cerfsvolants2004_1024x768.jpg\" alt=\"rencontre berck cerf volant\" align=\"center\"> Les raies g\u00e9antes sunissent dans un somptueux ballet au c\u00f4t\u00e9 des oiseaux. Le roi de la jungle se mesure au roi des mers. Superman part en mission suivit dune horde de mammif\u00e8res marins. Et les dragons, dont on pourrait presque voir jaillir les flammes, nous replongent en enfance. Quon soit cerf-voliste, commer\u00e7ant ou visiteur dun jour, la magie op\u00e8re dans les yeux de chacun: On y vient tous les ans, cest convivial, on emm\u00e8ne les petits enfants aussi parfois et on prend des photos pour immortaliser linstant un couple de retrait\u00e9s. A post shared by jb_flag on Apr 19, 2018 at 1:51am PDT <img decoding=\"async\" src=\"http:\/\/thumbs.ebaystatic.com\/d\/l225\/m\/mSw1C8PjiJSzOuF2enhfsHQ.jpg\" alt=\"rencontre berck cerf volant\" align=\"center\"> Chaque semaine, P\u00f4le emploi publie des offres demploi dans le Nord et Pas-de-Calais Les Rencontres internationales de cerfs-volants durent jusquau 26 avril FRANCOLON XAVIERSIPA \u00c9v\u00e8nement convivial, \u00e0 partager en famille ou encore \u00e9v\u00e8nement sportif, il attire tous les curieux des plus petits aux plus grands. Le g\u00e9ant p\u00e9trolier britannique BP a annonc\u00e9 lundi la suppression de 10000 emplois dans le monde. Une proc\u00e9dure doit avoir lieu au tribunal de commerce ce jeudi 11 juin A post shared by lumieredopalehardelot on Apr 20, 2018 at 6:52am PDT <img decoding=\"async\" src=\"http:\/\/le-littoral.fr\/wp-content\/uploads\/2017\/10\/berck_tete_phoque_m.jpg\" alt=\"rencontre berck cerf volant\" align=\"center\"> Des animations seront consacr\u00e9es aux enfants avec des initiations au cerf-volant ainsi que des ateliers pour apprendre \u00e0 fabriquer son propre cerf-volant en toute s\u00e9curit\u00e9 avec des professionnels. Dans ce num\u00e9ro de R\u00e9gion en f\u00eate, nous vous emmenons sur cet \u00e9v\u00e9nement connu Il y a bien une sale habitude que le confinement na pas chang\u00e9e : les d\u00e9p\u00f4ts sauvages dordures Ils.. \u0415\u0441\u043b\u0438 \u0412\u044b \u0443\u0432\u0435\u0440\u0435\u043d\u044b, \u0447\u0442\u043e \u044d\u0442\u0430 \u043e\u0448\u0438\u0431\u043a\u0430 \u043f\u0440\u043e\u0438\u0437\u043e\u0448\u043b\u0430 \u043f\u043e \u043d\u0430\u0448\u0435\u0439 \u0432\u0438\u043d\u0435, \u043f\u043e\u0436\u0430\u043b\u0443\u0439\u0441\u0442\u0430, \u0441\u043e\u043e\u0431\u0449\u0438\u0442\u0435 \u043e\u0431 \u044d\u0442\u043e\u043c \u0430\u0434\u043c\u0438\u043d\u0438\u0441\u0442\u0440\u0430\u0442\u043e\u0440\u0443 \u0441\u0430\u0439\u0442\u0430  This feature is not available right now. Please try again later.<\/p>\n","protected":false},"excerpt":{"rendered":"<p>rencontre berck cerf volant<\/p>\n","protected":false},"author":1,"featured_media":0,"comment_status":"closed","ping_status":"closed","sticky":false,"template":"","format":"standard","meta":{"footnotes":""},"categories":[1],"tags":[],"_links":{"self":[{"href":"http:\/\/geodeta.gorzow.pl\/www\/wp-json\/wp\/v2\/posts\/968"}],"collection":[{"href":"http:\/\/geodeta.gorzow.pl\/www\/wp-json\/wp\/v2\/posts"}],"about":[{"href":"http:\/\/geodeta.gorzow.pl\/www\/wp-json\/wp\/v2\/types\/post"}],"author":[{"embeddable":true,"href":"http:\/\/geodeta.gorzow.pl\/www\/wp-json\/wp\/v2\/users\/1"}],"replies":[{"embeddable":true,"href":"http:\/\/geodeta.gorzow.pl\/www\/wp-json\/wp\/v2\/comments?post=968"}],"version-history":[{"count":1,"href":"http:\/\/geodeta.gorzow.pl\/www\/wp-json\/wp\/v2\/posts\/968\/revisions"}],"predecessor-version":[{"id":969,"href":"http:\/\/geodeta.gorzow.pl\/www\/wp-json\/wp\/v2\/posts\/968\/revisions\/969"}],"wp:attachment":[{"href":"http:\/\/geodeta.gorzow.pl\/www\/wp-json\/wp\/v2\/media?parent=968"}],"wp:term":[{"taxonomy":"category","embeddable":true,"href":"http:\/\/geodeta.gorzow.pl\/www\/wp-json\/wp\/v2\/categories?post=968"},{"taxonomy":"post_tag","embeddable":true,"href":"http:\/\/geodeta.gorzow.pl\/www\/wp-json\/wp\/v2\/tags?post=968"}],"curies":[{"name":"wp","href":"https:\/\/api.w.org\/{rel}","templated":true}]}}