{"id":9681,"date":"2020-07-06T19:30:41","date_gmt":"2020-07-06T19:30:41","guid":{"rendered":"http:\/\/geodeta.gorzow.pl\/www\/?p=9681"},"modified":"2020-06-28T18:25:19","modified_gmt":"2020-06-28T18:25:19","slug":"programme-rencontre-entre-mondes","status":"publish","type":"post","link":"http:\/\/geodeta.gorzow.pl\/www\/2020\/07\/06\/programme-rencontre-entre-mondes\/","title":{"rendered":"Programme Rencontre Entre Mondes"},"content":{"rendered":"<p>Loading:2686,search:26b2,ui_search:e1b7,edit:2692, Le spectacle vivant priv\u00e9 a une voix \u00e0 faire entendre dans le d\u00e9bat d\u00e9mocratique qui souvre pour les \u00e9lections municipales 2020. Quels enjeux? Quelles propositions? Le PRODISS propose un temps de rencontre entre \u00e9lus politiques, candidats et professionnels de la sc\u00e8ne, pour faire vivre convictions et id\u00e9es, autour de place de la culture dans les territoires.  -Nous d\u00e9poserons une proposition de loi de refonte de la politique daide publique au d\u00e9veloppement pour la monter \u00e0 1 r\u00e9el du PIB et appuyer les projets de coop\u00e9rations d\u00e9centralis\u00e9es men\u00e9es par les collectivit\u00e9s territoriales, ONG et associations citoyennes Html.hasClasswf-socicon-n4-active?ii:WebFont.load return ne,previousSibling,nextAll:functione 7\u00e8me \u00e9dition des Rencontres Recherche et Cr\u00e9ation 8, 9 juillet 2020 Avignon Clo\u00eetre Saint Louis Organis\u00e9es par lANR et le Festival dAvignon ;CSS_PARSER.replacing_databorders,3000pt,options_background,bt,3001pt,options_background,br,3002pt,options_background,bb,3003pt,options_background,bl,3004pt,options_title,bt,3005pt,options_title,br,3006pt,options_title,bb,3007pt,options_title,bl,3008pt,options_price,bt,3009pt,options_price,br,3010pt,options_price,bb,3011pt,options_price,bl,3012pt,options_strike_price,bt,3013pt,options_strike_price,br,3014pt,options_strike_price,bb,3015pt,options_strike_price,bl,3016pt,options_stocks,bt,3017pt,options_stocks,br,3018pt,options_stocks,bb,3019pt,options_stocks,bl Aujourdhui, les pratiques doccupation despace reconfigurent et interrogent les politiques dam\u00e9nagement sur lensemble des.. <img decoding=\"async\" src=\"http:\/\/www.jet-expo.com\/Data\/kmewexv8\/block\/F_70292e341209847547791715e7655c46577f821d22565.png\" alt=\"programme rencontre entre mondes\" align=\"center\"> Vous avez la possibilit\u00e9 dobtenir un avoir de la valeur de vos billets en totalit\u00e9 ou en partie \u00e0 utiliser lors de lachat de places ou dabonnements sur la saison 20-21. <img decoding=\"async\" src=\"http:\/\/www.mairie15-16.fr\/wp-content\/uploads\/2016\/02\/flyer-pav-entre-deux-mondes.jpg\" alt=\"programme rencontre entre mondes\" align=\"center\"> Rencontre propos\u00e9e par : le PRODISS 120 Ateliers Le 2301 \u00e0 14h15-Salle H La SPEDIDAM et la division culturelle  Jaccepte de recevoir des informations concernant ma candidature de la part dUNISCITE conform\u00e9ment \u00e0 <img decoding=\"async\" src=\"http:\/\/www.suger.fr\/wp-content\/uploads\/2015\/12\/JSD-14-janvier-2013-PMO.png\" alt=\"programme rencontre entre mondes\" align=\"center\"> ;CSS_PARSER.data_replace.pushunderline,mto_delete Au milieu des vignes, Les Compagnons de Montmartre reprennent Vert de Col\u00e8re de Pierre Perret. Samedi 5 Octobre 12h-13h30 Op\u00e9ra Bastille Studio Daniel Favre, docteur d\u00c9tat en neurosciences, docteur en sciences de l\u00e9ducation. Animation Philippe Fr\u00e9meaux.<\/p>\n","protected":false},"excerpt":{"rendered":"<p>programme rencontre entre mondes<\/p>\n","protected":false},"author":1,"featured_media":0,"comment_status":"closed","ping_status":"closed","sticky":false,"template":"","format":"standard","meta":{"footnotes":""},"categories":[1],"tags":[],"_links":{"self":[{"href":"http:\/\/geodeta.gorzow.pl\/www\/wp-json\/wp\/v2\/posts\/9681"}],"collection":[{"href":"http:\/\/geodeta.gorzow.pl\/www\/wp-json\/wp\/v2\/posts"}],"about":[{"href":"http:\/\/geodeta.gorzow.pl\/www\/wp-json\/wp\/v2\/types\/post"}],"author":[{"embeddable":true,"href":"http:\/\/geodeta.gorzow.pl\/www\/wp-json\/wp\/v2\/users\/1"}],"replies":[{"embeddable":true,"href":"http:\/\/geodeta.gorzow.pl\/www\/wp-json\/wp\/v2\/comments?post=9681"}],"version-history":[{"count":1,"href":"http:\/\/geodeta.gorzow.pl\/www\/wp-json\/wp\/v2\/posts\/9681\/revisions"}],"predecessor-version":[{"id":9682,"href":"http:\/\/geodeta.gorzow.pl\/www\/wp-json\/wp\/v2\/posts\/9681\/revisions\/9682"}],"wp:attachment":[{"href":"http:\/\/geodeta.gorzow.pl\/www\/wp-json\/wp\/v2\/media?parent=9681"}],"wp:term":[{"taxonomy":"category","embeddable":true,"href":"http:\/\/geodeta.gorzow.pl\/www\/wp-json\/wp\/v2\/categories?post=9681"},{"taxonomy":"post_tag","embeddable":true,"href":"http:\/\/geodeta.gorzow.pl\/www\/wp-json\/wp\/v2\/tags?post=9681"}],"curies":[{"name":"wp","href":"https:\/\/api.w.org\/{rel}","templated":true}]}}