{"id":9691,"date":"2020-07-06T09:25:01","date_gmt":"2020-07-06T09:25:01","guid":{"rendered":"http:\/\/geodeta.gorzow.pl\/www\/?p=9691"},"modified":"2020-06-29T05:39:20","modified_gmt":"2020-06-29T05:39:20","slug":"rencontres-radio-2-0","status":"publish","type":"post","link":"http:\/\/geodeta.gorzow.pl\/www\/2020\/07\/06\/rencontres-radio-2-0\/","title":{"rendered":"Rencontres Radio 2.0"},"content":{"rendered":"<p><img decoding=\"async\" src=\"http:\/\/farm4.static.flickr.com\/3007\/3059813762_f7361d97e5.jpg\" alt=\"rencontres radio 2.0\" align=\"center\"> \u00c0 partir du 17 septembre 2012, il pr\u00e9sente le jeu Volte-face en semaine \u00e0 19 h sur France 2 mais l\u00e9mission est d\u00e9programm\u00e9e faute daudience \u00e0 partir du 5 novembre 2012. Noubliez pas les paroles! est de nouveau programm\u00e9. \u00c0 la suite encore une fois daudiences insuffisantes, la grille de l access est remani\u00e9e en janvier : anime Mot de passe de 18 h 55 \u00e0 19 h 25, et Nagui une nouvelle formule de Noubliez pas les paroles! \u00e0 19 h 25. L\u00e9mission est alors pass\u00e9e de 10 \u00e0 13 de part daudience \u00e0 la suite de cette refonte. Jo\u00ebl Ronez : Oui, bien s\u00fbr. Il ne sagit pas dun retard \u00e0 proprement parler, mais dun impact de la r\u00e9volution num\u00e9rique qui est plus tardif. Nous sommes aujourdhui dans le grand mouvement de num\u00e9risation des m\u00e9dias broadcast, de la musique, et de lav\u00e8nement de lInternet mobile et des smartphones. Cest pour l\u00e9cosyst\u00e8me de la radio un vrai d\u00e9fi, mais cela repr\u00e9sente aussi de nombreuses opportunit\u00e9s. Social livestream, simple outil marketing ou futur media Grand rendez-vous classique d\u00e9but juillet, les Rencontres musicales d\u00c9vian proposeront du 4 au 9 six concerts sans public mais diffus\u00e9s en direct sur Radio Classique et Medici.tv. La mythique Grange au Lac accueillera Marie-Agn\u00e8s Gillot, les quatuors Modigliani et Eb\u00e8ne, Gautier Capu\u00e7on  Les Rencontres Radio 2.0 6\u00e8me \u00e9dition qui se d\u00e9roulaient dordinaire au mois doctobre \u00e0 Paris, rejoignent le Salon de la Radio, le lundi 30 janvier pour une journ\u00e9e compl\u00e8te d\u00e9di\u00e9e \u00e0 lavenir du m\u00e9dia radio dans la dimension num\u00e9rique. La formation technique et artistique li\u00e9e \u00e0 ces nouveaux m\u00e9dias pour la radio La radio 2.0 : un livre blanc co\u00e9dit\u00e9 par lIAB France et le GESTE <img decoding=\"async\" src=\"http:\/\/agenceprp.com\/wp-content\/uploads\/2016\/11\/PHOTO-PANORMAMA-SALON-DE-LA-RADIO-2016-808x400.jpg\" alt=\"rencontres radio 2.0\" align=\"center\"> Ce samedi 24 f\u00e9vrier, rencontre avec Yannick et Nicolas pour.. Dijoncter est un site membre du bas\u00e9 \u00e0.. Dijon ;. En ce moment Envoyer par mail un article Les Rencontres de la radio 2.0 r\u00e9compensent l\u00e9mission LAtelier des m\u00e9dias de RFI <img decoding=\"async\" src=\"http:\/\/www.sufag.com\/wp-content\/uploads\/2015\/07\/slide_accueil_sufag-4.jpg\" alt=\"rencontres radio 2.0\" align=\"right\"> Toutes les bouffes d\u00e9tudiants. Spaghettis bolognaise, carbonara, poisson pan\u00e9. Si cette technologie appara\u00eet \u00e0 premi\u00e8re vue tr\u00e8s attractive tant au niveau de lenrichissement de lexp\u00e9rience utilisateur qu\u00e0 sa disponibilit\u00e9 elle peut sadapter aux casques audio, elle n\u00e9cessite n\u00e9anmoins une approche design thinking : elle doit \u00eatre pens\u00e9e d\u00e8s la production des \u00e9missions, et int\u00e9grer un mat\u00e9riel denregistrement ad\u00e9quat, rendant son instauration autrement plus compliqu\u00e9e pour lensemble des chaines de radio. La lettre de motivation est obligatoire pour postuler \u00e0 cette offre. Quatre entreprises r\u00e9compens\u00e9es au Salon de la Radio . Par Charles-Eric Lepez M\u00e9diam\u00e9trie-eStat et Julie Terrade M\u00e9diam\u00e9trie La m\u00e9tropole lyonnaise est, la ville des amoureux par excellence., Les Animatueurs, collection Coup de gueule,,. Pour ne pas manquer les prochains, inscrivez-vous \u00e0 notre newsletter! Infos du Vatican-Toutes les infos sur l\u00c9glise-Vatican News Xavier Filliol et Nicolas Moulard, organisateurs de la 4\u00e8me rencontre Radio 2.0 Au programme, une semaine compl\u00e8te d\u00e9changes et de visites. Nous navons bien s\u00fbr pas r\u00e9sist\u00e9 \u00e0 lenvie de les inviter au studio de RTI.  _sur le site de Radio Grenouille 88.8 MHz \u00e0 Marseille.<\/p>\n","protected":false},"excerpt":{"rendered":"<p>rencontres radio 2.0<\/p>\n","protected":false},"author":1,"featured_media":0,"comment_status":"closed","ping_status":"closed","sticky":false,"template":"","format":"standard","meta":{"footnotes":""},"categories":[1],"tags":[],"_links":{"self":[{"href":"http:\/\/geodeta.gorzow.pl\/www\/wp-json\/wp\/v2\/posts\/9691"}],"collection":[{"href":"http:\/\/geodeta.gorzow.pl\/www\/wp-json\/wp\/v2\/posts"}],"about":[{"href":"http:\/\/geodeta.gorzow.pl\/www\/wp-json\/wp\/v2\/types\/post"}],"author":[{"embeddable":true,"href":"http:\/\/geodeta.gorzow.pl\/www\/wp-json\/wp\/v2\/users\/1"}],"replies":[{"embeddable":true,"href":"http:\/\/geodeta.gorzow.pl\/www\/wp-json\/wp\/v2\/comments?post=9691"}],"version-history":[{"count":1,"href":"http:\/\/geodeta.gorzow.pl\/www\/wp-json\/wp\/v2\/posts\/9691\/revisions"}],"predecessor-version":[{"id":9692,"href":"http:\/\/geodeta.gorzow.pl\/www\/wp-json\/wp\/v2\/posts\/9691\/revisions\/9692"}],"wp:attachment":[{"href":"http:\/\/geodeta.gorzow.pl\/www\/wp-json\/wp\/v2\/media?parent=9691"}],"wp:term":[{"taxonomy":"category","embeddable":true,"href":"http:\/\/geodeta.gorzow.pl\/www\/wp-json\/wp\/v2\/categories?post=9691"},{"taxonomy":"post_tag","embeddable":true,"href":"http:\/\/geodeta.gorzow.pl\/www\/wp-json\/wp\/v2\/tags?post=9691"}],"curies":[{"name":"wp","href":"https:\/\/api.w.org\/{rel}","templated":true}]}}