{"id":9707,"date":"2020-07-06T05:02:19","date_gmt":"2020-07-06T05:02:19","guid":{"rendered":"http:\/\/geodeta.gorzow.pl\/www\/?p=9707"},"modified":"2020-06-29T08:29:47","modified_gmt":"2020-06-29T08:29:47","slug":"rencontre-erdre","status":"publish","type":"post","link":"http:\/\/geodeta.gorzow.pl\/www\/2020\/07\/06\/rencontre-erdre\/","title":{"rendered":"Rencontre Erdre"},"content":{"rendered":"<p>Plancul Nort sur Erdre, cette commune de 8700 habitants est situ\u00e9e en Loire Atlantique. Elle est desservie par un Tram-train et plusieurs lignes dautocar.  Au fil des spectacles, ateliers, balades,, et m\u00eame, la saison culturelle met \u00e0 lhonneur un th\u00e9\u00e2tre exigeant pour lenfance et la jeunesse, soutient l\u00e9ducation artistique et culturelle, tout en accompagnant la cr\u00e9ation contemporaine et son audace. En itin\u00e9rance dans les communes du territoire Erdre Gesvres, le projet culturel invite ainsi les enfants et leur famille \u00e0 partir \u00e0 la rencontre dunivers artistiques, \u00e0 sinterroger sur le monde \u00e0 souvrir \u00e0 lautre. T\u00e9l\u00e9charge notre application gratuite sur ton t\u00e9l\u00e9phone mobile : <img decoding=\"async\" src=\"http:\/\/www.somme.fr\/sites\/www.prod\/files\/medias\/agenda\/images\/visuel-expo-reprises.jpg\" alt=\"rencontre erdre\" align=\"left\">-Cheveux : Blond-162 cm-Statut civil: S\u00e9par\u00e9-Silhouette : Epanouie <img decoding=\"async\" src=\"http:\/\/activnantessupports.com\/wp-content\/uploads\/2014\/08\/tribune_erdre_fcnantes_monaco_24082014-500x375.jpg\" alt=\"rencontre erdre\" align=\"right\">  Atelier sur inscription Rencontre en entr\u00e9e libre Altamira, habite \u00e0 16 km de La Chapelle-sur-Erdre 44240  Suivez lactualit\u00e9 et restez inform\u00e9s en consultant le site du Gouvernement : 3-LES OUTILS NUM\u00c9RIQUES POUR TRAVAILLER ET COOP\u00c9RER \u00c0 DISTANCE Cinq mois apr\u00e8s la promulgation de la loi pour un \u00c9tat au service dune soci\u00e9t\u00e9 de confiance, dite loi Confiance, deux d\u00e9crets 18 janvier 2019 et 20 janvier 2019 viennent finaliser la mise en \u0153uvre du principe Dites-le-nous une fois Ce contenu est bloqu\u00e9 car il n\u00e9cessite que vous acceptiez les cookies. Veuillez consulter notre politique de confidentialit\u00e9. Jaccepte les cookies Les cookies de mesure daudience permettent de constamment am\u00e9liorer votre exp\u00e9rience sur nos sites. Le 26 mars dernier, par un vote \u00e0 348 voix pour et 274 voix contre, le Parlement europ\u00e9en a d\u00e9finitivement adopt\u00e9 la directive sur le droit dauteur dans le march\u00e9 unique num\u00e9rique. Ce scrutin a mis fin \u00e0 plus de deux ans de d\u00e9bats enflamm\u00e9s. Le texte en-Cheveux : Blond-160 cm-Statut civil: S\u00e9par\u00e9-Silhouette : Bien dans ma peau <img decoding=\"async\" src=\"http:\/\/www.culturedub.com\/assets\/Dub-Camp-2018-gh-12.jpg\" alt=\"rencontre erdre\" align=\"center\"> Ce quartier en plein essor et reconstruction, florissant de nouveaux projets neufs, offre de nombreux commerces de proximit\u00e9 banques, boulangerie, pharmacie, m\u00e9decins, opticien, coiffeur.. Mais aussi des grandes surfaces comme le centre commercial Leclerc Orvault Grand Val, le Super U de la Bourgeonni\u00e8re ou Lidl de la route de la Chapelle sur Erdre. AlterNantes FM est une radio associative nantaise. Les interclubs dhiver reprennent du service! Voici le programme des festivit\u00e9s : Sur inscription aupr\u00e8s de Yann Bieuzent : yannlepole.asso.fr Bonjour. Je crois que pour \u00eatre polie, il faut que je commence par me pr\u00e9senter. Donc moi, je mappelle Anne et jai 27 ans. Communiqu\u00e9 de presse du SHARK Helmets Grand Prix de France 2020 Association culturelle d\u00e9ducation populaire d\u00e9clar\u00e9e en Pr\u00e9fecture de Loire-Atlantique, titulaire de licences dentrepreneur de spectacle, agr\u00e9\u00e9e Jeunesse et Education Populaire, Entreprise Solidaire. Cherche rayon de soleil pour faire scintiller mon c\u0153ur. Ibrahim Dufriche-Soilihi est premier adjoint du maire de Montreuil, d\u00e9l\u00e9gu\u00e9 \u00e0 linnovation, \u00e0 l\u00e9conomie sociale et solidaire, au num\u00e9rique, \u00e0 la transition \u00e9cologique et nature en ville. Il est \u00e9galement r\u00e9f\u00e9rent de la commission num\u00e9rique de lassociation des maires dIle-de-France AMIF. L\u00e9lu montreuillois place la solidarit\u00e9 au c\u0153ur de la-l\u00e9quipe 2 gagne 43 contre La Baule 1 sur le golf de Nantes Erdre Rythme de fonctionnement oblige, le franchis\u00e9 propose principalement des petits contrats allant de 8 \u00e0 15h en fonction des disponibilit\u00e9s des \u00e9tudiants et ceux qui recherchent un compl\u00e9ment de salaire et de 24h pour les personnes sans emploi.<\/p>\n","protected":false},"excerpt":{"rendered":"<p>rencontre erdre<\/p>\n","protected":false},"author":1,"featured_media":0,"comment_status":"closed","ping_status":"closed","sticky":false,"template":"","format":"standard","meta":{"footnotes":""},"categories":[1],"tags":[],"_links":{"self":[{"href":"http:\/\/geodeta.gorzow.pl\/www\/wp-json\/wp\/v2\/posts\/9707"}],"collection":[{"href":"http:\/\/geodeta.gorzow.pl\/www\/wp-json\/wp\/v2\/posts"}],"about":[{"href":"http:\/\/geodeta.gorzow.pl\/www\/wp-json\/wp\/v2\/types\/post"}],"author":[{"embeddable":true,"href":"http:\/\/geodeta.gorzow.pl\/www\/wp-json\/wp\/v2\/users\/1"}],"replies":[{"embeddable":true,"href":"http:\/\/geodeta.gorzow.pl\/www\/wp-json\/wp\/v2\/comments?post=9707"}],"version-history":[{"count":1,"href":"http:\/\/geodeta.gorzow.pl\/www\/wp-json\/wp\/v2\/posts\/9707\/revisions"}],"predecessor-version":[{"id":9708,"href":"http:\/\/geodeta.gorzow.pl\/www\/wp-json\/wp\/v2\/posts\/9707\/revisions\/9708"}],"wp:attachment":[{"href":"http:\/\/geodeta.gorzow.pl\/www\/wp-json\/wp\/v2\/media?parent=9707"}],"wp:term":[{"taxonomy":"category","embeddable":true,"href":"http:\/\/geodeta.gorzow.pl\/www\/wp-json\/wp\/v2\/categories?post=9707"},{"taxonomy":"post_tag","embeddable":true,"href":"http:\/\/geodeta.gorzow.pl\/www\/wp-json\/wp\/v2\/tags?post=9707"}],"curies":[{"name":"wp","href":"https:\/\/api.w.org\/{rel}","templated":true}]}}